
			
				

					
				

			
		{"items":"\n\t\t\t\t\t\t\t\t\t\t\t\t\t\t<link rel=\"stylesheet\" id=\"wd-post-types-mod-categories-style-bg-css\" href=\"https:\/\/bmwblog.pl\/wp-content\/themes\/woodmart%208.3.8\/css\/parts\/post-types-mod-categories-style-bg.min.css?ver=8.3.8\" type=\"text\/css\" media=\"all\" \/> \t\t\t\n<article id=\"post-24963\" class=\"wd-post blog-design-masonry blog-post-loop blog-style-bg wd-add-shadow wd-col post-24963 post type-post status-publish format-standard has-post-thumbnail hentry category-news tag-aplikacja-my-bmw tag-bmw tag-elektromobilnosc tag-ladowanie tag-plug-charge tag-poradnik tag-przyszlosc-ladowania tag-samochody-elektryczne tag-taryfy tag-wallbox\">\n\t<div class=\"wd-post-inner article-inner\">\n\t\t\t\t\t<div class=\"wd-post-thumb entry-header\">\n\t\t\t\t\t\t\t\t\t<div class=\"wd-post-img post-img-wrapp\">\n\t\t\t\t\t\t<img width=\"1280\" height=\"854\" src=\"https:\/\/bmwblog.pl\/wp-content\/uploads\/2025\/05\/IMG-7819.jpg\" class=\"attachment- size-\" alt=\"Jak \u0142adowa\u0107 elektryczne BMW? Poradnik BMW Charging 2025\" decoding=\"async\" fetchpriority=\"high\" srcset=\"https:\/\/bmwblog.pl\/wp-content\/uploads\/2025\/05\/IMG-7819.jpg 1280w, https:\/\/bmwblog.pl\/wp-content\/uploads\/2025\/05\/IMG-7819-medium.jpg 400w, https:\/\/bmwblog.pl\/wp-content\/uploads\/2025\/05\/IMG-7819-large.jpg 1199w, https:\/\/bmwblog.pl\/wp-content\/uploads\/2025\/05\/IMG-7819-768x512.jpg 768w, https:\/\/bmwblog.pl\/wp-content\/uploads\/2025\/05\/IMG-7819-430x287.jpg 430w, https:\/\/bmwblog.pl\/wp-content\/uploads\/2025\/05\/IMG-7819-700x467.jpg 700w, https:\/\/bmwblog.pl\/wp-content\/uploads\/2025\/05\/IMG-7819-150x100.jpg 150w\" sizes=\"(max-width: 1280px) 100vw, 1280px\" \/>\t\t\t\t\t<\/div>\n\t\t\t\t\t\t\t\t\t\t<a class=\"wd-fill\" tabindex=\"-1\" href=\"https:\/\/bmwblog.pl\/jak-ladowac-elektryczne-bmw-poradnik-bmw-charging-2025\/\" aria-label=\"Link on post Jak \u0142adowa\u0107 elektryczne BMW? Poradnik BMW Charging 2025\"><\/a>\n\t\t\t\t\n\t\t\t\t\t\t\t\t\t\t\t\t<link rel=\"stylesheet\" id=\"wd-post-types-mod-date-style-bg-css\" href=\"https:\/\/bmwblog.pl\/wp-content\/themes\/woodmart%208.3.8\/css\/parts\/post-types-mod-date-style-bg.min.css?ver=8.3.8\" type=\"text\/css\" media=\"all\" \/> \t\t\t\t\t\t<div class=\"wd-post-date wd-style-with-bg\">\n\t\t\t\t<span class=\"post-date-day\">\n\t\t\t\t\t16\t\t\t\t<\/span>\n\t\t\t\t<span class=\"post-date-month\">\n\t\t\t\t\tmaj\t\t\t\t<\/span>\n\t\t\t<\/div>\n\t\t\t\t\t\t\t\t\t<\/div>\n\t\t\n\t\t<div class=\"wd-post-content article-body-container\">\n\t\t\t\t\t\t\t<div class=\"wd-post-cat wd-style-with-bg meta-post-categories\">\n\t\t\t\t\t<a href=\"https:\/\/bmwblog.pl\/category\/news\/\" rel=\"category tag\">NEWS<\/a>\t\t\t\t<\/div>\n\t\t\t\n\t\t\t\t\t\t\t<h3 class=\"wd-post-title wd-entities-title title post-title\">\n\t\t\t\t\t<a href=\"https:\/\/bmwblog.pl\/jak-ladowac-elektryczne-bmw-poradnik-bmw-charging-2025\/\" rel=\"bookmark\">Jak \u0142adowa\u0107 elektryczne BMW? Poradnik BMW Charging 2025<\/a>\n\t\t\t\t<\/h3>\n\t\t\t\n\t\t\t\t\t\t\t<div class=\"wd-post-meta\">\n\t\t\t\t\t\t\t\t\t\t\t\t\t<link rel=\"stylesheet\" id=\"wd-blog-mod-author-css\" href=\"https:\/\/bmwblog.pl\/wp-content\/themes\/woodmart%208.3.8\/css\/parts\/blog-mod-author.min.css?ver=8.3.8\" type=\"text\/css\" media=\"all\" \/> \t\t\t\t\t\t\t\t<div class=\"wd-post-author\">\n\t\t\t\t\t\t\t\t\t\t\t<span>Posted by<\/span>\n\t\t\n\t\t\t\t\t\t\t\n\t\t\t\t\t<a href=\"https:\/\/bmwblog.pl\/author\/bmwblog-pl\/\" class=\"author\" rel=\"author\">Krystian Wilkosz<\/a>\n\t\t\t\t\t\t\t\t\t<\/div>\n\t\t\t\t\t<div class=\"wd-modified-date\">\n\t\t\t\t\t\t\t\t<time class=\"updated\" datetime=\"2025-05-16T18:31:55+02:00\">\n\t\t\t2025-05-16\t\t<\/time>\n\t\t\t\t\t\t\t<\/div>\n\n\t\t\t\t\t\n\t\t\t\t\t\t\t\t\t\t\t\t\t\t<link rel=\"stylesheet\" id=\"wd-blog-mod-comments-button-css\" href=\"https:\/\/bmwblog.pl\/wp-content\/themes\/woodmart%208.3.8\/css\/parts\/blog-mod-comments-button.min.css?ver=8.3.8\" type=\"text\/css\" media=\"all\" \/> \t\t\t\t\t\t\t\t\t<div class=\"wd-post-reply wd-style-1\">\n\t\t\t\t\t\t\t<a href=\"https:\/\/bmwblog.pl\/jak-ladowac-elektryczne-bmw-poradnik-bmw-charging-2025\/#respond\"><span class=\"wd-replies-count\">0<\/span><\/a>\t\t\t\t\t\t<\/div>\n\t\t\t\t\t\t\t\t\t<\/div>\n\t\t\t\n\t\t\t\t\t\t\t\t\t\t\t\t<div class=\"wd-post-excerpt entry-content\">\n\t\t\t\t\t\tDowiedz si\u0119, jak efektywnie \u0142adowa\u0107 elektryczne BMW w 2025 roku \u2013 taryfy, sie\u0107 \u0142adowarek, BMW Charging, aplikacja My BMW, funkcje Plug &amp; Charge i wi\u0119cej.\t\t\t\t\t<\/div>\n\t\t\t\t\n\t\t\t\t\t\t\t\t\t\t\t\t\t\t<div class=\"wd-post-read-more wd-style-link read-more-section\">\n\t\t\t\t\t\t<a class=\"\" href=\"https:\/\/bmwblog.pl\/jak-ladowac-elektryczne-bmw-poradnik-bmw-charging-2025\/\">Czytaj dalej...<\/a>\t\t\t\t\t<\/div>\n\t\t\t\t\t\t\t\t\t\t\t\t\t<\/div>\n\t<\/div>\n<\/article>\n\n\t\t\t\t\t\t\t\t\t\t\t\n<article id=\"post-24928\" class=\"wd-post blog-design-masonry blog-post-loop blog-style-bg wd-add-shadow wd-col post-24928 post type-post status-publish format-standard has-post-thumbnail hentry category-news\">\n\t<div class=\"wd-post-inner article-inner\">\n\t\t\t\t\t<div class=\"wd-post-thumb entry-header\">\n\t\t\t\t\t\t\t\t\t<div class=\"wd-post-img post-img-wrapp\">\n\t\t\t\t\t\t<img width=\"1280\" height=\"854\" src=\"https:\/\/bmwblog.pl\/wp-content\/uploads\/2025\/05\/IMG-7747.jpeg\" class=\"attachment- size-\" alt=\"BMW stawia na NEUE KLASSE i tryb \u201cSport Mode\u201d \u2013 co przyniesie przysz\u0142o\u015b\u0107?\" decoding=\"async\" srcset=\"https:\/\/bmwblog.pl\/wp-content\/uploads\/2025\/05\/IMG-7747.jpeg 1280w, https:\/\/bmwblog.pl\/wp-content\/uploads\/2025\/05\/IMG-7747-medium.jpeg 400w, https:\/\/bmwblog.pl\/wp-content\/uploads\/2025\/05\/IMG-7747-large.jpeg 1199w, https:\/\/bmwblog.pl\/wp-content\/uploads\/2025\/05\/IMG-7747-768x512.jpeg 768w, https:\/\/bmwblog.pl\/wp-content\/uploads\/2025\/05\/IMG-7747-430x287.jpeg 430w, https:\/\/bmwblog.pl\/wp-content\/uploads\/2025\/05\/IMG-7747-700x467.jpeg 700w, https:\/\/bmwblog.pl\/wp-content\/uploads\/2025\/05\/IMG-7747-150x100.jpeg 150w\" sizes=\"(max-width: 1280px) 100vw, 1280px\" \/>\t\t\t\t\t<\/div>\n\t\t\t\t\t\t\t\t\t\t<a class=\"wd-fill\" tabindex=\"-1\" href=\"https:\/\/bmwblog.pl\/bmw-neue-klasse-strategia-2025\/\" aria-label=\"Link on post BMW stawia na NEUE KLASSE i tryb \u201cSport Mode\u201d \u2013 co przyniesie przysz\u0142o\u015b\u0107?\"><\/a>\n\t\t\t\t\n\t\t\t\t\t\t\t\t\t\t\t\t<div class=\"wd-post-date wd-style-with-bg\">\n\t\t\t\t<span class=\"post-date-day\">\n\t\t\t\t\t14\t\t\t\t<\/span>\n\t\t\t\t<span class=\"post-date-month\">\n\t\t\t\t\tmaj\t\t\t\t<\/span>\n\t\t\t<\/div>\n\t\t\t\t\t\t\t\t\t<\/div>\n\t\t\n\t\t<div class=\"wd-post-content article-body-container\">\n\t\t\t\t\t\t\t<div class=\"wd-post-cat wd-style-with-bg meta-post-categories\">\n\t\t\t\t\t<a href=\"https:\/\/bmwblog.pl\/category\/news\/\" rel=\"category tag\">NEWS<\/a>\t\t\t\t<\/div>\n\t\t\t\n\t\t\t\t\t\t\t<h3 class=\"wd-post-title wd-entities-title title post-title\">\n\t\t\t\t\t<a href=\"https:\/\/bmwblog.pl\/bmw-neue-klasse-strategia-2025\/\" rel=\"bookmark\">BMW stawia na NEUE KLASSE i tryb \u201cSport Mode\u201d \u2013 co przyniesie przysz\u0142o\u015b\u0107?<\/a>\n\t\t\t\t<\/h3>\n\t\t\t\n\t\t\t\t\t\t\t<div class=\"wd-post-meta\">\n\t\t\t\t\t\t\t\t\t\t\t\t\t\t\t<div class=\"wd-post-author\">\n\t\t\t\t\t\t\t\t\t\t\t<span>Posted by<\/span>\n\t\t\n\t\t\t\t\t\t\t\n\t\t\t\t\t<a href=\"https:\/\/bmwblog.pl\/author\/bmwblog-pl\/\" class=\"author\" rel=\"author\">Krystian Wilkosz<\/a>\n\t\t\t\t\t\t\t\t\t<\/div>\n\t\t\t\t\t<div class=\"wd-modified-date\">\n\t\t\t\t\t\t\t\t<time class=\"updated\" datetime=\"2025-05-15T06:41:26+02:00\">\n\t\t\t2025-05-15\t\t<\/time>\n\t\t\t\t\t\t\t<\/div>\n\n\t\t\t\t\t\n\t\t\t\t\t\t\t\t\t\t\t\t\t\t\t\t\t<div class=\"wd-post-reply wd-style-1\">\n\t\t\t\t\t\t\t<a href=\"https:\/\/bmwblog.pl\/bmw-neue-klasse-strategia-2025\/#respond\"><span class=\"wd-replies-count\">0<\/span><\/a>\t\t\t\t\t\t<\/div>\n\t\t\t\t\t\t\t\t\t<\/div>\n\t\t\t\n\t\t\t\t\t\t\t\t\t\t\t\t<div class=\"wd-post-excerpt entry-content\">\n\t\t\t\t\t\tBMW prezentuje strategi\u0119 na przysz\u0142o\u015b\u0107 \u2013 inwestycje, elektromobilno\u015b\u0107 i platforma NEUE KLASSE to fundamenty sukcesu marki. Poznaj szczeg\u00f3\u0142y ze 105.\t\t\t\t\t<\/div>\n\t\t\t\t\n\t\t\t\t\t\t\t\t\t\t\t\t\t\t<div class=\"wd-post-read-more wd-style-link read-more-section\">\n\t\t\t\t\t\t<a class=\"\" href=\"https:\/\/bmwblog.pl\/bmw-neue-klasse-strategia-2025\/\">Czytaj dalej...<\/a>\t\t\t\t\t<\/div>\n\t\t\t\t\t\t\t\t\t\t\t\t\t<\/div>\n\t<\/div>\n<\/article>\n\n\t\t\t\t\t\t\t\t\t\t\t\n<article id=\"post-24912\" class=\"wd-post blog-design-masonry blog-post-loop blog-style-bg wd-add-shadow wd-col post-24912 post type-post status-publish format-standard has-post-thumbnail hentry category-news\">\n\t<div class=\"wd-post-inner article-inner\">\n\t\t\t\t\t<div class=\"wd-post-thumb entry-header\">\n\t\t\t\t\t\t\t\t\t<div class=\"wd-post-img post-img-wrapp\">\n\t\t\t\t\t\t<img width=\"1280\" height=\"960\" src=\"https:\/\/bmwblog.pl\/wp-content\/uploads\/2025\/05\/IMG-7727.jpeg\" class=\"attachment- size-\" alt=\"Market Art Fair 2025: BMW Art Cars i sztuka Hildebrandta\" decoding=\"async\" srcset=\"https:\/\/bmwblog.pl\/wp-content\/uploads\/2025\/05\/IMG-7727.jpeg 1280w, https:\/\/bmwblog.pl\/wp-content\/uploads\/2025\/05\/IMG-7727-medium.jpeg 400w, https:\/\/bmwblog.pl\/wp-content\/uploads\/2025\/05\/IMG-7727-large.jpeg 1067w, https:\/\/bmwblog.pl\/wp-content\/uploads\/2025\/05\/IMG-7727-768x576.jpeg 768w, https:\/\/bmwblog.pl\/wp-content\/uploads\/2025\/05\/IMG-7727-430x323.jpeg 430w, https:\/\/bmwblog.pl\/wp-content\/uploads\/2025\/05\/IMG-7727-700x525.jpeg 700w, https:\/\/bmwblog.pl\/wp-content\/uploads\/2025\/05\/IMG-7727-150x113.jpeg 150w, https:\/\/bmwblog.pl\/wp-content\/uploads\/2025\/05\/IMG-7727-800x600.jpeg 800w\" sizes=\"(max-width: 1280px) 100vw, 1280px\" \/>\t\t\t\t\t<\/div>\n\t\t\t\t\t\t\t\t\t\t<a class=\"wd-fill\" tabindex=\"-1\" href=\"https:\/\/bmwblog.pl\/bmw-market-art-fair-2025-bmw-art-cars\/\" aria-label=\"Link on post Market Art Fair 2025: BMW Art Cars i sztuka Hildebrandta\"><\/a>\n\t\t\t\t\n\t\t\t\t\t\t\t\t\t\t\t\t<div class=\"wd-post-date wd-style-with-bg\">\n\t\t\t\t<span class=\"post-date-day\">\n\t\t\t\t\t14\t\t\t\t<\/span>\n\t\t\t\t<span class=\"post-date-month\">\n\t\t\t\t\tmaj\t\t\t\t<\/span>\n\t\t\t<\/div>\n\t\t\t\t\t\t\t\t\t<\/div>\n\t\t\n\t\t<div class=\"wd-post-content article-body-container\">\n\t\t\t\t\t\t\t<div class=\"wd-post-cat wd-style-with-bg meta-post-categories\">\n\t\t\t\t\t<a href=\"https:\/\/bmwblog.pl\/category\/news\/\" rel=\"category tag\">NEWS<\/a>\t\t\t\t<\/div>\n\t\t\t\n\t\t\t\t\t\t\t<h3 class=\"wd-post-title wd-entities-title title post-title\">\n\t\t\t\t\t<a href=\"https:\/\/bmwblog.pl\/bmw-market-art-fair-2025-bmw-art-cars\/\" rel=\"bookmark\">Market Art Fair 2025: BMW Art Cars i sztuka Hildebrandta<\/a>\n\t\t\t\t<\/h3>\n\t\t\t\n\t\t\t\t\t\t\t<div class=\"wd-post-meta\">\n\t\t\t\t\t\t\t\t\t\t\t\t\t\t\t<div class=\"wd-post-author\">\n\t\t\t\t\t\t\t\t\t\t\t<span>Posted by<\/span>\n\t\t\n\t\t\t\t\t\t\t\n\t\t\t\t\t<a href=\"https:\/\/bmwblog.pl\/author\/bmwblog-pl\/\" class=\"author\" rel=\"author\">Krystian Wilkosz<\/a>\n\t\t\t\t\t\t\t\t\t<\/div>\n\t\t\t\t\t<div class=\"wd-modified-date\">\n\t\t\t\t\t\t\t\t<time class=\"updated\" datetime=\"2025-05-14T09:18:08+02:00\">\n\t\t\t2025-05-14\t\t<\/time>\n\t\t\t\t\t\t\t<\/div>\n\n\t\t\t\t\t\n\t\t\t\t\t\t\t\t\t\t\t\t\t\t\t\t\t<div class=\"wd-post-reply wd-style-1\">\n\t\t\t\t\t\t\t<a href=\"https:\/\/bmwblog.pl\/bmw-market-art-fair-2025-bmw-art-cars\/#respond\"><span class=\"wd-replies-count\">0<\/span><\/a>\t\t\t\t\t\t<\/div>\n\t\t\t\t\t\t\t\t\t<\/div>\n\t\t\t\n\t\t\t\t\t\t\t\t\t\t\t\t<div class=\"wd-post-excerpt entry-content\">\n\t\t\t\t\t\tZobacz kultowe BMW Art Cars i elektryczne modele i7 z unikalnym projektem Gregora Hildebrandta.\t\t\t\t\t<\/div>\n\t\t\t\t\n\t\t\t\t\t\t\t\t\t\t\t\t\t\t<div class=\"wd-post-read-more wd-style-link read-more-section\">\n\t\t\t\t\t\t<a class=\"\" href=\"https:\/\/bmwblog.pl\/bmw-market-art-fair-2025-bmw-art-cars\/\">Czytaj dalej...<\/a>\t\t\t\t\t<\/div>\n\t\t\t\t\t\t\t\t\t\t\t\t\t<\/div>\n\t<\/div>\n<\/article>\n\n\t\t\t\t\t\t\t\t\t\t\t\n<article id=\"post-24892\" class=\"wd-post blog-design-masonry blog-post-loop blog-style-bg wd-add-shadow wd-col post-24892 post type-post status-publish format-standard has-post-thumbnail hentry category-news\">\n\t<div class=\"wd-post-inner article-inner\">\n\t\t\t\t\t<div class=\"wd-post-thumb entry-header\">\n\t\t\t\t\t\t\t\t\t<div class=\"wd-post-img post-img-wrapp\">\n\t\t\t\t\t\t<img width=\"1280\" height=\"720\" src=\"https:\/\/bmwblog.pl\/wp-content\/uploads\/2025\/05\/IMG-7701.jpg\" class=\"attachment- size-\" alt=\"BMW z lat 90. \u2013 5 kultowych modeli, kt\u00f3re dzi\u015b s\u0105 na topie\" decoding=\"async\" srcset=\"https:\/\/bmwblog.pl\/wp-content\/uploads\/2025\/05\/IMG-7701.jpg 1280w, https:\/\/bmwblog.pl\/wp-content\/uploads\/2025\/05\/IMG-7701-medium.jpg 400w, https:\/\/bmwblog.pl\/wp-content\/uploads\/2025\/05\/IMG-7701-768x432.jpg 768w, https:\/\/bmwblog.pl\/wp-content\/uploads\/2025\/05\/IMG-7701-430x242.jpg 430w, https:\/\/bmwblog.pl\/wp-content\/uploads\/2025\/05\/IMG-7701-700x394.jpg 700w, https:\/\/bmwblog.pl\/wp-content\/uploads\/2025\/05\/IMG-7701-150x84.jpg 150w\" sizes=\"(max-width: 1280px) 100vw, 1280px\" \/>\t\t\t\t\t<\/div>\n\t\t\t\t\t\t\t\t\t\t<a class=\"wd-fill\" tabindex=\"-1\" href=\"https:\/\/bmwblog.pl\/bmw-z-lat-90-kultowe-modele\/\" aria-label=\"Link on post BMW z lat 90. \u2013 5 kultowych modeli, kt\u00f3re dzi\u015b s\u0105 na topie\"><\/a>\n\t\t\t\t\n\t\t\t\t\t\t\t\t\t\t\t\t<div class=\"wd-post-date wd-style-with-bg\">\n\t\t\t\t<span class=\"post-date-day\">\n\t\t\t\t\t12\t\t\t\t<\/span>\n\t\t\t\t<span class=\"post-date-month\">\n\t\t\t\t\tmaj\t\t\t\t<\/span>\n\t\t\t<\/div>\n\t\t\t\t\t\t\t\t\t<\/div>\n\t\t\n\t\t<div class=\"wd-post-content article-body-container\">\n\t\t\t\t\t\t\t<div class=\"wd-post-cat wd-style-with-bg meta-post-categories\">\n\t\t\t\t\t<a href=\"https:\/\/bmwblog.pl\/category\/news\/\" rel=\"category tag\">NEWS<\/a>\t\t\t\t<\/div>\n\t\t\t\n\t\t\t\t\t\t\t<h3 class=\"wd-post-title wd-entities-title title post-title\">\n\t\t\t\t\t<a href=\"https:\/\/bmwblog.pl\/bmw-z-lat-90-kultowe-modele\/\" rel=\"bookmark\">BMW z lat 90. \u2013 5 kultowych modeli, kt\u00f3re dzi\u015b s\u0105 na topie<\/a>\n\t\t\t\t<\/h3>\n\t\t\t\n\t\t\t\t\t\t\t<div class=\"wd-post-meta\">\n\t\t\t\t\t\t\t\t\t\t\t\t\t\t\t<div class=\"wd-post-author\">\n\t\t\t\t\t\t\t\t\t\t\t<span>Posted by<\/span>\n\t\t\n\t\t\t\t\t\t\t\n\t\t\t\t\t<a href=\"https:\/\/bmwblog.pl\/author\/bmwblog-pl\/\" class=\"author\" rel=\"author\">Krystian Wilkosz<\/a>\n\t\t\t\t\t\t\t\t\t<\/div>\n\t\t\t\t\t<div class=\"wd-modified-date\">\n\t\t\t\t\t\t\t\t<time class=\"updated\" datetime=\"2026-02-10T16:14:08+01:00\">\n\t\t\t2026-02-10\t\t<\/time>\n\t\t\t\t\t\t\t<\/div>\n\n\t\t\t\t\t\n\t\t\t\t\t\t\t\t\t\t\t\t\t\t\t\t\t<div class=\"wd-post-reply wd-style-1\">\n\t\t\t\t\t\t\t<a href=\"https:\/\/bmwblog.pl\/bmw-z-lat-90-kultowe-modele\/#respond\"><span class=\"wd-replies-count\">0<\/span><\/a>\t\t\t\t\t\t<\/div>\n\t\t\t\t\t\t\t\t\t<\/div>\n\t\t\t\n\t\t\t\t\t\t\t\t\t\t\t\t<div class=\"wd-post-excerpt entry-content\">\n\t\t\t\t\t\tLata 90. to z\u0142oty okres dla BMW \u2013 czas, gdy powstawa\u0142y modele \u0142\u0105cz\u0105ce analogowy charakter, niemieck\u0105 precyzj\u0119 i czysty styl jazdy. Dzi\u015b...\t\t\t\t\t<\/div>\n\t\t\t\t\n\t\t\t\t\t\t\t\t\t\t\t\t\t\t<div class=\"wd-post-read-more wd-style-link read-more-section\">\n\t\t\t\t\t\t<a class=\"\" href=\"https:\/\/bmwblog.pl\/bmw-z-lat-90-kultowe-modele\/\">Czytaj dalej...<\/a>\t\t\t\t\t<\/div>\n\t\t\t\t\t\t\t\t\t\t\t\t\t<\/div>\n\t<\/div>\n<\/article>\n\n\t\t\t\t\t\t\t\t\t\t\t\n<article id=\"post-24857\" class=\"wd-post blog-design-masonry blog-post-loop blog-style-bg wd-add-shadow wd-col post-24857 post type-post status-publish format-standard has-post-thumbnail hentry category-news\">\n\t<div class=\"wd-post-inner article-inner\">\n\t\t\t\t\t<div class=\"wd-post-thumb entry-header\">\n\t\t\t\t\t\t\t\t\t<div class=\"wd-post-img post-img-wrapp\">\n\t\t\t\t\t\t<img width=\"845\" height=\"475\" src=\"https:\/\/bmwblog.pl\/wp-content\/uploads\/2025\/05\/IMG_7445.webp\" class=\"attachment- size-\" alt=\"BMW i1 i nowa Seria 1: kompakt przysz\u0142o\u015bci z dusz\u0105 MINI i i4\" decoding=\"async\" srcset=\"https:\/\/bmwblog.pl\/wp-content\/uploads\/2025\/05\/IMG_7445.webp 845w, https:\/\/bmwblog.pl\/wp-content\/uploads\/2025\/05\/IMG_7445-medium.webp 400w, https:\/\/bmwblog.pl\/wp-content\/uploads\/2025\/05\/IMG_7445-768x432.webp 768w, https:\/\/bmwblog.pl\/wp-content\/uploads\/2025\/05\/IMG_7445-430x242.webp 430w, https:\/\/bmwblog.pl\/wp-content\/uploads\/2025\/05\/IMG_7445-700x393.webp 700w, https:\/\/bmwblog.pl\/wp-content\/uploads\/2025\/05\/IMG_7445-150x84.webp 150w\" sizes=\"(max-width: 845px) 100vw, 845px\" \/>\t\t\t\t\t<\/div>\n\t\t\t\t\t\t\t\t\t\t<a class=\"wd-fill\" tabindex=\"-1\" href=\"https:\/\/bmwblog.pl\/bmw-i1-nowa-seria-1\/\" aria-label=\"Link on post BMW i1 i nowa Seria 1: kompakt przysz\u0142o\u015bci z dusz\u0105 MINI i i4\"><\/a>\n\t\t\t\t\n\t\t\t\t\t\t\t\t\t\t\t\t<div class=\"wd-post-date wd-style-with-bg\">\n\t\t\t\t<span class=\"post-date-day\">\n\t\t\t\t\t07\t\t\t\t<\/span>\n\t\t\t\t<span class=\"post-date-month\">\n\t\t\t\t\tmaj\t\t\t\t<\/span>\n\t\t\t<\/div>\n\t\t\t\t\t\t\t\t\t<\/div>\n\t\t\n\t\t<div class=\"wd-post-content article-body-container\">\n\t\t\t\t\t\t\t<div class=\"wd-post-cat wd-style-with-bg meta-post-categories\">\n\t\t\t\t\t<a href=\"https:\/\/bmwblog.pl\/category\/news\/\" rel=\"category tag\">NEWS<\/a>\t\t\t\t<\/div>\n\t\t\t\n\t\t\t\t\t\t\t<h3 class=\"wd-post-title wd-entities-title title post-title\">\n\t\t\t\t\t<a href=\"https:\/\/bmwblog.pl\/bmw-i1-nowa-seria-1\/\" rel=\"bookmark\">BMW i1 i nowa Seria 1: kompakt przysz\u0142o\u015bci z dusz\u0105 MINI i i4<\/a>\n\t\t\t\t<\/h3>\n\t\t\t\n\t\t\t\t\t\t\t<div class=\"wd-post-meta\">\n\t\t\t\t\t\t\t\t\t\t\t\t\t\t\t<div class=\"wd-post-author\">\n\t\t\t\t\t\t\t\t\t\t\t<span>Posted by<\/span>\n\t\t\n\t\t\t\t\t\t\t\n\t\t\t\t\t<a href=\"https:\/\/bmwblog.pl\/author\/bmwblog-pl\/\" class=\"author\" rel=\"author\">Krystian Wilkosz<\/a>\n\t\t\t\t\t\t\t\t\t<\/div>\n\t\t\t\t\t<div class=\"wd-modified-date\">\n\t\t\t\t\t\t\t\t<time class=\"updated\" datetime=\"2025-05-08T05:53:04+02:00\">\n\t\t\t2025-05-08\t\t<\/time>\n\t\t\t\t\t\t\t<\/div>\n\n\t\t\t\t\t\n\t\t\t\t\t\t\t\t\t\t\t\t\t\t\t\t\t<div class=\"wd-post-reply wd-style-1\">\n\t\t\t\t\t\t\t<a href=\"https:\/\/bmwblog.pl\/bmw-i1-nowa-seria-1\/#comments\"><span class=\"wd-replies-count\">2<\/span><\/a>\t\t\t\t\t\t<\/div>\n\t\t\t\t\t\t\t\t\t<\/div>\n\t\t\t\n\t\t\t\t\t\t\t\t\t\t\t\t<div class=\"wd-post-excerpt entry-content\">\n\t\t\t\t\t\tBMW zapowiada now\u0105 generacj\u0119 Serii 1 oraz elektryczny model BMW i1 na 2028 rok. Co wiemy o stylistyce, platformie i technologii przysz\u0142o\u015bci?\t\t\t\t\t<\/div>\n\t\t\t\t\n\t\t\t\t\t\t\t\t\t\t\t\t\t\t<div class=\"wd-post-read-more wd-style-link read-more-section\">\n\t\t\t\t\t\t<a class=\"\" href=\"https:\/\/bmwblog.pl\/bmw-i1-nowa-seria-1\/\">Czytaj dalej...<\/a>\t\t\t\t\t<\/div>\n\t\t\t\t\t\t\t\t\t\t\t\t\t<\/div>\n\t<\/div>\n<\/article>\n\n\t\t\t\t\t\n\t\t\t\t\t","status":"have-posts","nextPage":"https:\/\/bmwblog.pl\/category\/news\/page\/28\/?woo_ajax=1","currentPage":"https:\/\/bmwblog.pl\/category\/news\/page\/27"}