
			
				

					
				

			
		{"items":"\n\t\t\t\t\t\t\t\t\t\t\t\t\t\t<link rel=\"stylesheet\" id=\"wd-post-types-mod-categories-style-bg-css\" href=\"https:\/\/bmwblog.pl\/wp-content\/themes\/woodmart%208.3.8\/css\/parts\/post-types-mod-categories-style-bg.min.css?ver=8.3.8\" type=\"text\/css\" media=\"all\" \/> \t\t\t\n<article id=\"post-24829\" class=\"wd-post blog-design-masonry blog-post-loop blog-style-bg wd-add-shadow wd-col post-24829 post type-post status-publish format-standard has-post-thumbnail hentry category-news\">\n\t<div class=\"wd-post-inner article-inner\">\n\t\t\t\t\t<div class=\"wd-post-thumb entry-header\">\n\t\t\t\t\t\t\t\t\t<div class=\"wd-post-img post-img-wrapp\">\n\t\t\t\t\t\t<img width=\"1280\" height=\"873\" src=\"https:\/\/bmwblog.pl\/wp-content\/uploads\/2025\/05\/IMG-7403.jpeg\" class=\"attachment- size-\" alt=\"BMW Z4 M40i Manual \u2013 ostatni prawdziwy roadster BMW\" decoding=\"async\" fetchpriority=\"high\" srcset=\"https:\/\/bmwblog.pl\/wp-content\/uploads\/2025\/05\/IMG-7403.jpeg 1280w, https:\/\/bmwblog.pl\/wp-content\/uploads\/2025\/05\/IMG-7403-medium.jpeg 400w, https:\/\/bmwblog.pl\/wp-content\/uploads\/2025\/05\/IMG-7403-large.jpeg 1173w, https:\/\/bmwblog.pl\/wp-content\/uploads\/2025\/05\/IMG-7403-768x524.jpeg 768w, https:\/\/bmwblog.pl\/wp-content\/uploads\/2025\/05\/IMG-7403-430x293.jpeg 430w, https:\/\/bmwblog.pl\/wp-content\/uploads\/2025\/05\/IMG-7403-700x477.jpeg 700w, https:\/\/bmwblog.pl\/wp-content\/uploads\/2025\/05\/IMG-7403-150x102.jpeg 150w\" sizes=\"(max-width: 1280px) 100vw, 1280px\" \/>\t\t\t\t\t<\/div>\n\t\t\t\t\t\t\t\t\t\t<a class=\"wd-fill\" tabindex=\"-1\" href=\"https:\/\/bmwblog.pl\/bmw-z4-m40i-manual-roadster\/\" aria-label=\"Link on post BMW Z4 M40i Manual \u2013 ostatni prawdziwy roadster BMW\"><\/a>\n\t\t\t\t\n\t\t\t\t\t\t\t\t\t\t\t\t<link rel=\"stylesheet\" id=\"wd-post-types-mod-date-style-bg-css\" href=\"https:\/\/bmwblog.pl\/wp-content\/themes\/woodmart%208.3.8\/css\/parts\/post-types-mod-date-style-bg.min.css?ver=8.3.8\" type=\"text\/css\" media=\"all\" \/> \t\t\t\t\t\t<div class=\"wd-post-date wd-style-with-bg\">\n\t\t\t\t<span class=\"post-date-day\">\n\t\t\t\t\t05\t\t\t\t<\/span>\n\t\t\t\t<span class=\"post-date-month\">\n\t\t\t\t\tmaj\t\t\t\t<\/span>\n\t\t\t<\/div>\n\t\t\t\t\t\t\t\t\t<\/div>\n\t\t\n\t\t<div class=\"wd-post-content article-body-container\">\n\t\t\t\t\t\t\t<div class=\"wd-post-cat wd-style-with-bg meta-post-categories\">\n\t\t\t\t\t<a href=\"https:\/\/bmwblog.pl\/category\/news\/\" rel=\"category tag\">NEWS<\/a>\t\t\t\t<\/div>\n\t\t\t\n\t\t\t\t\t\t\t<h3 class=\"wd-post-title wd-entities-title title post-title\">\n\t\t\t\t\t<a href=\"https:\/\/bmwblog.pl\/bmw-z4-m40i-manual-roadster\/\" rel=\"bookmark\">BMW Z4 M40i Manual \u2013 ostatni prawdziwy roadster BMW<\/a>\n\t\t\t\t<\/h3>\n\t\t\t\n\t\t\t\t\t\t\t<div class=\"wd-post-meta\">\n\t\t\t\t\t\t\t\t\t\t\t\t\t<link rel=\"stylesheet\" id=\"wd-blog-mod-author-css\" href=\"https:\/\/bmwblog.pl\/wp-content\/themes\/woodmart%208.3.8\/css\/parts\/blog-mod-author.min.css?ver=8.3.8\" type=\"text\/css\" media=\"all\" \/> \t\t\t\t\t\t\t\t<div class=\"wd-post-author\">\n\t\t\t\t\t\t\t\t\t\t\t<span>Posted by<\/span>\n\t\t\n\t\t\t\t\t\t\t\n\t\t\t\t\t<a href=\"https:\/\/bmwblog.pl\/author\/bmwblog-pl\/\" class=\"author\" rel=\"author\">Krystian Wilkosz<\/a>\n\t\t\t\t\t\t\t\t\t<\/div>\n\t\t\t\t\t<div class=\"wd-modified-date\">\n\t\t\t\t\t\t\t\t<time class=\"updated\" datetime=\"2025-05-05T21:10:06+02:00\">\n\t\t\t2025-05-05\t\t<\/time>\n\t\t\t\t\t\t\t<\/div>\n\n\t\t\t\t\t\n\t\t\t\t\t\t\t\t\t\t\t\t\t\t<link rel=\"stylesheet\" id=\"wd-blog-mod-comments-button-css\" href=\"https:\/\/bmwblog.pl\/wp-content\/themes\/woodmart%208.3.8\/css\/parts\/blog-mod-comments-button.min.css?ver=8.3.8\" type=\"text\/css\" media=\"all\" \/> \t\t\t\t\t\t\t\t\t<div class=\"wd-post-reply wd-style-1\">\n\t\t\t\t\t\t\t<a href=\"https:\/\/bmwblog.pl\/bmw-z4-m40i-manual-roadster\/#respond\"><span class=\"wd-replies-count\">0<\/span><\/a>\t\t\t\t\t\t<\/div>\n\t\t\t\t\t\t\t\t\t<\/div>\n\t\t\t\n\t\t\t\t\t\t\t\t\t\t\t\t<div class=\"wd-post-excerpt entry-content\">\n\t\t\t\t\t\tBMW Z4 M40i Manual to ostatni prawdziwy roadster BMW \u2013 nap\u0119d na ty\u0142, r\u0119czna skrzynia i R6 gwarantuj\u0105 czyst\u0105 frajd\u0119 z jazdy.\n\t\t\t\t\t<\/div>\n\t\t\t\t\n\t\t\t\t\t\t\t\t\t\t\t\t\t\t<div class=\"wd-post-read-more wd-style-link read-more-section\">\n\t\t\t\t\t\t<a class=\"\" href=\"https:\/\/bmwblog.pl\/bmw-z4-m40i-manual-roadster\/\">Czytaj dalej...<\/a>\t\t\t\t\t<\/div>\n\t\t\t\t\t\t\t\t\t\t\t\t\t<\/div>\n\t<\/div>\n<\/article>\n\n\t\t\t\t\t\t\t\t\t\t\t\n<article id=\"post-24794\" class=\"wd-post blog-design-masonry blog-post-loop blog-style-bg wd-add-shadow wd-col post-24794 post type-post status-publish format-standard has-post-thumbnail hentry category-news tag-bmw tag-bmw-m3 tag-elektryczne-bmw tag-heart-of-joy tag-motoryzacja tag-neue-klasse tag-nowe-m3 tag-przyszlosc-bmw tag-silnik-rzedowy tag-top-gear\">\n\t<div class=\"wd-post-inner article-inner\">\n\t\t\t\t\t<div class=\"wd-post-thumb entry-header\">\n\t\t\t\t\t\t\t\t\t<div class=\"wd-post-img post-img-wrapp\">\n\t\t\t\t\t\t<img width=\"1280\" height=\"800\" src=\"https:\/\/bmwblog.pl\/wp-content\/uploads\/2025\/05\/IMG-7316.jpeg\" class=\"attachment- size-\" alt=\"Nowy typ silnika i wersja EV. BMW M3 2026 przechodzi metamorfoz\u0119\" decoding=\"async\" srcset=\"https:\/\/bmwblog.pl\/wp-content\/uploads\/2025\/05\/IMG-7316.jpeg 1280w, https:\/\/bmwblog.pl\/wp-content\/uploads\/2025\/05\/IMG-7316-medium.jpeg 400w, https:\/\/bmwblog.pl\/wp-content\/uploads\/2025\/05\/IMG-7316-768x480.jpeg 768w, https:\/\/bmwblog.pl\/wp-content\/uploads\/2025\/05\/IMG-7316-430x269.jpeg 430w, https:\/\/bmwblog.pl\/wp-content\/uploads\/2025\/05\/IMG-7316-700x438.jpeg 700w, https:\/\/bmwblog.pl\/wp-content\/uploads\/2025\/05\/IMG-7316-150x94.jpeg 150w\" sizes=\"(max-width: 1280px) 100vw, 1280px\" \/>\t\t\t\t\t<\/div>\n\t\t\t\t\t\t\t\t\t\t<a class=\"wd-fill\" tabindex=\"-1\" href=\"https:\/\/bmwblog.pl\/bmw-m3-2026-nowy-silnik-i-ev\/\" aria-label=\"Link on post Nowy typ silnika i wersja EV. BMW M3 2026 przechodzi metamorfoz\u0119\"><\/a>\n\t\t\t\t\n\t\t\t\t\t\t\t\t\t\t\t\t<div class=\"wd-post-date wd-style-with-bg\">\n\t\t\t\t<span class=\"post-date-day\">\n\t\t\t\t\t01\t\t\t\t<\/span>\n\t\t\t\t<span class=\"post-date-month\">\n\t\t\t\t\tmaj\t\t\t\t<\/span>\n\t\t\t<\/div>\n\t\t\t\t\t\t\t\t\t<\/div>\n\t\t\n\t\t<div class=\"wd-post-content article-body-container\">\n\t\t\t\t\t\t\t<div class=\"wd-post-cat wd-style-with-bg meta-post-categories\">\n\t\t\t\t\t<a href=\"https:\/\/bmwblog.pl\/category\/news\/\" rel=\"category tag\">NEWS<\/a>\t\t\t\t<\/div>\n\t\t\t\n\t\t\t\t\t\t\t<h3 class=\"wd-post-title wd-entities-title title post-title\">\n\t\t\t\t\t<a href=\"https:\/\/bmwblog.pl\/bmw-m3-2026-nowy-silnik-i-ev\/\" rel=\"bookmark\">Nowy typ silnika i wersja EV. BMW M3 2026 przechodzi metamorfoz\u0119<\/a>\n\t\t\t\t<\/h3>\n\t\t\t\n\t\t\t\t\t\t\t<div class=\"wd-post-meta\">\n\t\t\t\t\t\t\t\t\t\t\t\t\t\t\t<div class=\"wd-post-author\">\n\t\t\t\t\t\t\t\t\t\t\t<span>Posted by<\/span>\n\t\t\n\t\t\t\t\t\t\t\n\t\t\t\t\t<a href=\"https:\/\/bmwblog.pl\/author\/bmwblog-pl\/\" class=\"author\" rel=\"author\">Krystian Wilkosz<\/a>\n\t\t\t\t\t\t\t\t\t<\/div>\n\t\t\t\t\t<div class=\"wd-modified-date\">\n\t\t\t\t\t\t\t\t<time class=\"updated\" datetime=\"2025-05-01T15:00:37+02:00\">\n\t\t\t2025-05-01\t\t<\/time>\n\t\t\t\t\t\t\t<\/div>\n\n\t\t\t\t\t\n\t\t\t\t\t\t\t\t\t\t\t\t\t\t\t\t\t<div class=\"wd-post-reply wd-style-1\">\n\t\t\t\t\t\t\t<a href=\"https:\/\/bmwblog.pl\/bmw-m3-2026-nowy-silnik-i-ev\/#respond\"><span class=\"wd-replies-count\">0<\/span><\/a>\t\t\t\t\t\t<\/div>\n\t\t\t\t\t\t\t\t\t<\/div>\n\t\t\t\n\t\t\t\t\t\t\t\t\t\t\t\t<div class=\"wd-post-excerpt entry-content\">\n\t\t\t\t\t\tBMW M3 2026 nowej generacji zaskoczy nowym typem silnika i wersj\u0105 EV. Sprawd\u017a, co szykuje BMW i jak zmieni si\u0119 kultowy model dzi\u0119ki platformie Neue Klasse.\t\t\t\t\t<\/div>\n\t\t\t\t\n\t\t\t\t\t\t\t\t\t\t\t\t\t\t<div class=\"wd-post-read-more wd-style-link read-more-section\">\n\t\t\t\t\t\t<a class=\"\" href=\"https:\/\/bmwblog.pl\/bmw-m3-2026-nowy-silnik-i-ev\/\">Czytaj dalej...<\/a>\t\t\t\t\t<\/div>\n\t\t\t\t\t\t\t\t\t\t\t\t\t<\/div>\n\t<\/div>\n<\/article>\n\n\t\t\t\t\t\t\t\t\t\t\t\n<article id=\"post-24778\" class=\"wd-post blog-design-masonry blog-post-loop blog-style-bg wd-add-shadow wd-col post-24778 post type-post status-publish format-standard has-post-thumbnail hentry category-news tag-bmw tag-bmw-m tag-elektryczne-bmw tag-halo-car tag-hybrydowe-bmw tag-m1 tag-neue-klasse tag-samochod-marzen tag-skytop tag-supercar\">\n\t<div class=\"wd-post-inner article-inner\">\n\t\t\t\t\t<div class=\"wd-post-thumb entry-header\">\n\t\t\t\t\t\t\t\t\t<div class=\"wd-post-img post-img-wrapp\">\n\t\t\t\t\t\t<img width=\"928\" height=\"754\" src=\"https:\/\/bmwblog.pl\/wp-content\/uploads\/2025\/04\/IMG-7220-2.jpeg\" class=\"attachment- size-\" alt=\"BMW M szykuje nowy superauto \u2013 premiera ju\u017c za miesi\u0105c!\" decoding=\"async\" srcset=\"https:\/\/bmwblog.pl\/wp-content\/uploads\/2025\/04\/IMG-7220-2.jpeg 928w, https:\/\/bmwblog.pl\/wp-content\/uploads\/2025\/04\/IMG-7220-2-medium.jpeg 369w, https:\/\/bmwblog.pl\/wp-content\/uploads\/2025\/04\/IMG-7220-2-768x624.jpeg 768w, https:\/\/bmwblog.pl\/wp-content\/uploads\/2025\/04\/IMG-7220-2-430x349.jpeg 430w, https:\/\/bmwblog.pl\/wp-content\/uploads\/2025\/04\/IMG-7220-2-700x569.jpeg 700w, https:\/\/bmwblog.pl\/wp-content\/uploads\/2025\/04\/IMG-7220-2-150x122.jpeg 150w\" sizes=\"(max-width: 928px) 100vw, 928px\" \/>\t\t\t\t\t<\/div>\n\t\t\t\t\t\t\t\t\t\t<a class=\"wd-fill\" tabindex=\"-1\" href=\"https:\/\/bmwblog.pl\/bmw-m-szykuje-nowy-superauto-premiera\/\" aria-label=\"Link on post BMW M szykuje nowy superauto \u2013 premiera ju\u017c za miesi\u0105c!\"><\/a>\n\t\t\t\t\n\t\t\t\t\t\t\t\t\t\t\t\t<div class=\"wd-post-date wd-style-with-bg\">\n\t\t\t\t<span class=\"post-date-day\">\n\t\t\t\t\t26\t\t\t\t<\/span>\n\t\t\t\t<span class=\"post-date-month\">\n\t\t\t\t\tkwi\t\t\t\t<\/span>\n\t\t\t<\/div>\n\t\t\t\t\t\t\t\t\t<\/div>\n\t\t\n\t\t<div class=\"wd-post-content article-body-container\">\n\t\t\t\t\t\t\t<div class=\"wd-post-cat wd-style-with-bg meta-post-categories\">\n\t\t\t\t\t<a href=\"https:\/\/bmwblog.pl\/category\/news\/\" rel=\"category tag\">NEWS<\/a>\t\t\t\t<\/div>\n\t\t\t\n\t\t\t\t\t\t\t<h3 class=\"wd-post-title wd-entities-title title post-title\">\n\t\t\t\t\t<a href=\"https:\/\/bmwblog.pl\/bmw-m-szykuje-nowy-superauto-premiera\/\" rel=\"bookmark\">BMW M szykuje nowy superauto \u2013 premiera ju\u017c za miesi\u0105c!<\/a>\n\t\t\t\t<\/h3>\n\t\t\t\n\t\t\t\t\t\t\t<div class=\"wd-post-meta\">\n\t\t\t\t\t\t\t\t\t\t\t\t\t\t\t<div class=\"wd-post-author\">\n\t\t\t\t\t\t\t\t\t\t\t<span>Posted by<\/span>\n\t\t\n\t\t\t\t\t\t\t\n\t\t\t\t\t<a href=\"https:\/\/bmwblog.pl\/author\/bmwblog-pl\/\" class=\"author\" rel=\"author\">Krystian Wilkosz<\/a>\n\t\t\t\t\t\t\t\t\t<\/div>\n\t\t\t\t\t<div class=\"wd-modified-date\">\n\t\t\t\t\t\t\t\t<time class=\"updated\" datetime=\"2025-04-26T16:22:24+02:00\">\n\t\t\t2025-04-26\t\t<\/time>\n\t\t\t\t\t\t\t<\/div>\n\n\t\t\t\t\t\n\t\t\t\t\t\t\t\t\t\t\t\t\t\t\t\t\t<div class=\"wd-post-reply wd-style-1\">\n\t\t\t\t\t\t\t<a href=\"https:\/\/bmwblog.pl\/bmw-m-szykuje-nowy-superauto-premiera\/#comments\"><span class=\"wd-replies-count\">1<\/span><\/a>\t\t\t\t\t\t<\/div>\n\t\t\t\t\t\t\t\t\t<\/div>\n\t\t\t\n\t\t\t\t\t\t\t\t\t\t\t\t<div class=\"wd-post-excerpt entry-content\">\n\t\t\t\t\t\tBMW przygotowuje nowy halo model M, inspirowany legendarnym M1. Premiera podczas Villa d\u2019Este 2025. Co wiemy o przysz\u0142o\u015bci BMW M?\t\t\t\t\t<\/div>\n\t\t\t\t\n\t\t\t\t\t\t\t\t\t\t\t\t\t\t<div class=\"wd-post-read-more wd-style-link read-more-section\">\n\t\t\t\t\t\t<a class=\"\" href=\"https:\/\/bmwblog.pl\/bmw-m-szykuje-nowy-superauto-premiera\/\">Czytaj dalej...<\/a>\t\t\t\t\t<\/div>\n\t\t\t\t\t\t\t\t\t\t\t\t\t<\/div>\n\t<\/div>\n<\/article>\n\n\t\t\t\t\t\t\t\t\t\t\t\n<article id=\"post-24749\" class=\"wd-post blog-design-masonry blog-post-loop blog-style-bg wd-add-shadow wd-col post-24749 post type-post status-publish format-standard has-post-thumbnail hentry category-news\">\n\t<div class=\"wd-post-inner article-inner\">\n\t\t\t\t\t<div class=\"wd-post-thumb entry-header\">\n\t\t\t\t\t\t\t\t\t<div class=\"wd-post-img post-img-wrapp\">\n\t\t\t\t\t\t<img width=\"1280\" height=\"842\" src=\"https:\/\/bmwblog.pl\/wp-content\/uploads\/2025\/04\/IMG-7198.jpeg\" class=\"attachment- size-\" alt=\"BMW M2 Racing: Tw\u00f3j pierwszy krok do \u015bwiata wy\u015bcig\u00f3w M\" decoding=\"async\" srcset=\"https:\/\/bmwblog.pl\/wp-content\/uploads\/2025\/04\/IMG-7198.jpeg 1280w, https:\/\/bmwblog.pl\/wp-content\/uploads\/2025\/04\/IMG-7198-medium.jpeg 400w, https:\/\/bmwblog.pl\/wp-content\/uploads\/2025\/04\/IMG-7198-large.jpeg 1216w, https:\/\/bmwblog.pl\/wp-content\/uploads\/2025\/04\/IMG-7198-768x505.jpeg 768w, https:\/\/bmwblog.pl\/wp-content\/uploads\/2025\/04\/IMG-7198-430x283.jpeg 430w, https:\/\/bmwblog.pl\/wp-content\/uploads\/2025\/04\/IMG-7198-700x460.jpeg 700w, https:\/\/bmwblog.pl\/wp-content\/uploads\/2025\/04\/IMG-7198-150x99.jpeg 150w\" sizes=\"(max-width: 1280px) 100vw, 1280px\" \/>\t\t\t\t\t<\/div>\n\t\t\t\t\t\t\t\t\t\t<a class=\"wd-fill\" tabindex=\"-1\" href=\"https:\/\/bmwblog.pl\/bmw-m2-racing-motorsport\/\" aria-label=\"Link on post BMW M2 Racing: Tw\u00f3j pierwszy krok do \u015bwiata wy\u015bcig\u00f3w M\"><\/a>\n\t\t\t\t\n\t\t\t\t\t\t\t\t\t\t\t\t<div class=\"wd-post-date wd-style-with-bg\">\n\t\t\t\t<span class=\"post-date-day\">\n\t\t\t\t\t26\t\t\t\t<\/span>\n\t\t\t\t<span class=\"post-date-month\">\n\t\t\t\t\tkwi\t\t\t\t<\/span>\n\t\t\t<\/div>\n\t\t\t\t\t\t\t\t\t<\/div>\n\t\t\n\t\t<div class=\"wd-post-content article-body-container\">\n\t\t\t\t\t\t\t<div class=\"wd-post-cat wd-style-with-bg meta-post-categories\">\n\t\t\t\t\t<a href=\"https:\/\/bmwblog.pl\/category\/news\/\" rel=\"category tag\">NEWS<\/a>\t\t\t\t<\/div>\n\t\t\t\n\t\t\t\t\t\t\t<h3 class=\"wd-post-title wd-entities-title title post-title\">\n\t\t\t\t\t<a href=\"https:\/\/bmwblog.pl\/bmw-m2-racing-motorsport\/\" rel=\"bookmark\">BMW M2 Racing: Tw\u00f3j pierwszy krok do \u015bwiata wy\u015bcig\u00f3w M<\/a>\n\t\t\t\t<\/h3>\n\t\t\t\n\t\t\t\t\t\t\t<div class=\"wd-post-meta\">\n\t\t\t\t\t\t\t\t\t\t\t\t\t\t\t<div class=\"wd-post-author\">\n\t\t\t\t\t\t\t\t\t\t\t<span>Posted by<\/span>\n\t\t\n\t\t\t\t\t\t\t\n\t\t\t\t\t<a href=\"https:\/\/bmwblog.pl\/author\/bmwblog-pl\/\" class=\"author\" rel=\"author\">Krystian Wilkosz<\/a>\n\t\t\t\t\t\t\t\t\t<\/div>\n\t\t\t\t\t<div class=\"wd-modified-date\">\n\t\t\t\t\t\t\t\t<time class=\"updated\" datetime=\"2025-04-26T02:11:09+02:00\">\n\t\t\t2025-04-26\t\t<\/time>\n\t\t\t\t\t\t\t<\/div>\n\n\t\t\t\t\t\n\t\t\t\t\t\t\t\t\t\t\t\t\t\t\t\t\t<div class=\"wd-post-reply wd-style-1\">\n\t\t\t\t\t\t\t<a href=\"https:\/\/bmwblog.pl\/bmw-m2-racing-motorsport\/#respond\"><span class=\"wd-replies-count\">0<\/span><\/a>\t\t\t\t\t\t<\/div>\n\t\t\t\t\t\t\t\t\t<\/div>\n\t\t\t\n\t\t\t\t\t\t\t\t\t\t\t\t<div class=\"wd-post-excerpt entry-content\">\n\t\t\t\t\t\tOdkryj nowy BMW M2 Racing \u2013 przyst\u0119pny cenowo, pe\u0142noprawny samoch\u00f3d wy\u015bcigowy od BMW M Motorsport. Idealny na start w motorsporcie.\t\t\t\t\t<\/div>\n\t\t\t\t\n\t\t\t\t\t\t\t\t\t\t\t\t\t\t<div class=\"wd-post-read-more wd-style-link read-more-section\">\n\t\t\t\t\t\t<a class=\"\" href=\"https:\/\/bmwblog.pl\/bmw-m2-racing-motorsport\/\">Czytaj dalej...<\/a>\t\t\t\t\t<\/div>\n\t\t\t\t\t\t\t\t\t\t\t\t\t<\/div>\n\t<\/div>\n<\/article>\n\n\t\t\t\t\t\t\t\t\t\t\t\n<article id=\"post-24699\" class=\"wd-post blog-design-masonry blog-post-loop blog-style-bg wd-add-shadow wd-col post-24699 post type-post status-publish format-standard has-post-thumbnail hentry category-news tag-bmw tag-bmw-ev tag-bmw-m3 tag-innowacje-bmw tag-neue-klasse tag-przyszlosc-motoryzacji tag-samochody-elektryczne tag-sportowe-auta tag-technologia-jazdy tag-vision-driving\">\n\t<div class=\"wd-post-inner article-inner\">\n\t\t\t\t\t<div class=\"wd-post-thumb entry-header\">\n\t\t\t\t\t\t\t\t\t<div class=\"wd-post-img post-img-wrapp\">\n\t\t\t\t\t\t<img width=\"1208\" height=\"1510\" src=\"https:\/\/bmwblog.pl\/wp-content\/uploads\/2025\/04\/IMG-7166.jpeg\" class=\"attachment- size-\" alt=\"Przysz\u0142o\u015b\u0107 BMW M3? Elektryczne Neue Klasse zaskakuje\" decoding=\"async\" srcset=\"https:\/\/bmwblog.pl\/wp-content\/uploads\/2025\/04\/IMG-7166.jpeg 1208w, https:\/\/bmwblog.pl\/wp-content\/uploads\/2025\/04\/IMG-7166-medium.jpeg 240w, https:\/\/bmwblog.pl\/wp-content\/uploads\/2025\/04\/IMG-7166-large.jpeg 640w, https:\/\/bmwblog.pl\/wp-content\/uploads\/2025\/04\/IMG-7166-768x960.jpeg 768w, https:\/\/bmwblog.pl\/wp-content\/uploads\/2025\/04\/IMG-7166-430x538.jpeg 430w, https:\/\/bmwblog.pl\/wp-content\/uploads\/2025\/04\/IMG-7166-700x875.jpeg 700w, https:\/\/bmwblog.pl\/wp-content\/uploads\/2025\/04\/IMG-7166-150x188.jpeg 150w\" sizes=\"(max-width: 1208px) 100vw, 1208px\" \/>\t\t\t\t\t<\/div>\n\t\t\t\t\t\t\t\t\t\t<a class=\"wd-fill\" tabindex=\"-1\" href=\"https:\/\/bmwblog.pl\/przyszlosc-bmw-m3-elektryczne-neue-klasse-zaskakuje\/\" aria-label=\"Link on post Przysz\u0142o\u015b\u0107 BMW M3? Elektryczne Neue Klasse zaskakuje\"><\/a>\n\t\t\t\t\n\t\t\t\t\t\t\t\t\t\t\t\t<div class=\"wd-post-date wd-style-with-bg\">\n\t\t\t\t<span class=\"post-date-day\">\n\t\t\t\t\t25\t\t\t\t<\/span>\n\t\t\t\t<span class=\"post-date-month\">\n\t\t\t\t\tkwi\t\t\t\t<\/span>\n\t\t\t<\/div>\n\t\t\t\t\t\t\t\t\t<\/div>\n\t\t\n\t\t<div class=\"wd-post-content article-body-container\">\n\t\t\t\t\t\t\t<div class=\"wd-post-cat wd-style-with-bg meta-post-categories\">\n\t\t\t\t\t<a href=\"https:\/\/bmwblog.pl\/category\/news\/\" rel=\"category tag\">NEWS<\/a>\t\t\t\t<\/div>\n\t\t\t\n\t\t\t\t\t\t\t<h3 class=\"wd-post-title wd-entities-title title post-title\">\n\t\t\t\t\t<a href=\"https:\/\/bmwblog.pl\/przyszlosc-bmw-m3-elektryczne-neue-klasse-zaskakuje\/\" rel=\"bookmark\">Przysz\u0142o\u015b\u0107 BMW M3? Elektryczne Neue Klasse zaskakuje<\/a>\n\t\t\t\t<\/h3>\n\t\t\t\n\t\t\t\t\t\t\t<div class=\"wd-post-meta\">\n\t\t\t\t\t\t\t\t\t\t\t\t\t\t\t<div class=\"wd-post-author\">\n\t\t\t\t\t\t\t\t\t\t\t<span>Posted by<\/span>\n\t\t\n\t\t\t\t\t\t\t\n\t\t\t\t\t<a href=\"https:\/\/bmwblog.pl\/author\/bmwblog-pl\/\" class=\"author\" rel=\"author\">Krystian Wilkosz<\/a>\n\t\t\t\t\t\t\t\t\t<\/div>\n\t\t\t\t\t<div class=\"wd-modified-date\">\n\t\t\t\t\t\t\t\t<time class=\"updated\" datetime=\"2025-04-25T06:01:12+02:00\">\n\t\t\t2025-04-25\t\t<\/time>\n\t\t\t\t\t\t\t<\/div>\n\n\t\t\t\t\t\n\t\t\t\t\t\t\t\t\t\t\t\t\t\t\t\t\t<div class=\"wd-post-reply wd-style-1\">\n\t\t\t\t\t\t\t<a href=\"https:\/\/bmwblog.pl\/przyszlosc-bmw-m3-elektryczne-neue-klasse-zaskakuje\/#respond\"><span class=\"wd-replies-count\">0<\/span><\/a>\t\t\t\t\t\t<\/div>\n\t\t\t\t\t\t\t\t\t<\/div>\n\t\t\t\n\t\t\t\t\t\t\t\t\t\t\t\t<div class=\"wd-post-excerpt entry-content\">\n\t\t\t\t\t\tPoznaj wizjonersk\u0105 technologi\u0119 BMW Neue Klasse. Czy to zapowied\u017a przysz\u0142ego BMW M3? Sportowe osi\u0105gi i innowacje elektrycznej ery.\t\t\t\t\t<\/div>\n\t\t\t\t\n\t\t\t\t\t\t\t\t\t\t\t\t\t\t<div class=\"wd-post-read-more wd-style-link read-more-section\">\n\t\t\t\t\t\t<a class=\"\" href=\"https:\/\/bmwblog.pl\/przyszlosc-bmw-m3-elektryczne-neue-klasse-zaskakuje\/\">Czytaj dalej...<\/a>\t\t\t\t\t<\/div>\n\t\t\t\t\t\t\t\t\t\t\t\t\t<\/div>\n\t<\/div>\n<\/article>\n\n\t\t\t\t\t\n\t\t\t\t\t","status":"have-posts","nextPage":"https:\/\/bmwblog.pl\/category\/news\/page\/29\/?woo_ajax=1","currentPage":"https:\/\/bmwblog.pl\/category\/news\/page\/28"}