
			
				

					
				

			
		{"items":"\n\t\t\t\t\t\t\t\t\t\t\t\t\t\t<link rel=\"stylesheet\" id=\"wd-post-types-mod-categories-style-bg-css\" href=\"https:\/\/bmwblog.pl\/wp-content\/themes\/woodmart%208.3.8\/css\/parts\/post-types-mod-categories-style-bg.min.css?ver=8.3.8\" type=\"text\/css\" media=\"all\" \/> \t\t\t\n<article id=\"post-24675\" class=\"wd-post blog-design-masonry blog-post-loop blog-style-bg wd-add-shadow wd-col post-24675 post type-post status-publish format-standard has-post-thumbnail hentry category-news category-ciekawostki tag-ai-w-motoryzacji tag-bmw tag-bmw-china tag-bmw-i-technologia tag-bmw-przyszlosci tag-deepseek tag-inteligentna-jazda tag-neue-klasse tag-technologie-samochodowe\">\n\t<div class=\"wd-post-inner article-inner\">\n\t\t\t\t\t<div class=\"wd-post-thumb entry-header\">\n\t\t\t\t\t\t\t\t\t<div class=\"wd-post-img post-img-wrapp\">\n\t\t\t\t\t\t<img width=\"1280\" height=\"877\" src=\"https:\/\/bmwblog.pl\/wp-content\/uploads\/2025\/04\/IMG-7130.jpg\" class=\"attachment- size-\" alt=\"BMW DeepSeek AI \u2013 nowa sztuczna inteligencja z Chin\" decoding=\"async\" fetchpriority=\"high\" srcset=\"https:\/\/bmwblog.pl\/wp-content\/uploads\/2025\/04\/IMG-7130.jpg 1280w, https:\/\/bmwblog.pl\/wp-content\/uploads\/2025\/04\/IMG-7130-medium.jpg 400w, https:\/\/bmwblog.pl\/wp-content\/uploads\/2025\/04\/IMG-7130-large.jpg 1168w, https:\/\/bmwblog.pl\/wp-content\/uploads\/2025\/04\/IMG-7130-768x526.jpg 768w, https:\/\/bmwblog.pl\/wp-content\/uploads\/2025\/04\/IMG-7130-430x295.jpg 430w, https:\/\/bmwblog.pl\/wp-content\/uploads\/2025\/04\/IMG-7130-700x480.jpg 700w, https:\/\/bmwblog.pl\/wp-content\/uploads\/2025\/04\/IMG-7130-150x103.jpg 150w\" sizes=\"(max-width: 1280px) 100vw, 1280px\" \/>\t\t\t\t\t<\/div>\n\t\t\t\t\t\t\t\t\t\t<a class=\"wd-fill\" tabindex=\"-1\" href=\"https:\/\/bmwblog.pl\/bmw-deepseek-ai-nowa-sztuczna-inteligencja-z-chin\/\" aria-label=\"Link on post BMW DeepSeek AI \u2013 nowa sztuczna inteligencja z Chin\"><\/a>\n\t\t\t\t\n\t\t\t\t\t\t\t\t\t\t\t\t<link rel=\"stylesheet\" id=\"wd-post-types-mod-date-style-bg-css\" href=\"https:\/\/bmwblog.pl\/wp-content\/themes\/woodmart%208.3.8\/css\/parts\/post-types-mod-date-style-bg.min.css?ver=8.3.8\" type=\"text\/css\" media=\"all\" \/> \t\t\t\t\t\t<div class=\"wd-post-date wd-style-with-bg\">\n\t\t\t\t<span class=\"post-date-day\">\n\t\t\t\t\t24\t\t\t\t<\/span>\n\t\t\t\t<span class=\"post-date-month\">\n\t\t\t\t\tkwi\t\t\t\t<\/span>\n\t\t\t<\/div>\n\t\t\t\t\t\t\t\t\t<\/div>\n\t\t\n\t\t<div class=\"wd-post-content article-body-container\">\n\t\t\t\t\t\t\t<div class=\"wd-post-cat wd-style-with-bg meta-post-categories\">\n\t\t\t\t\t<a href=\"https:\/\/bmwblog.pl\/category\/news\/\" rel=\"category tag\">NEWS<\/a>, <a href=\"https:\/\/bmwblog.pl\/category\/ciekawostki\/\" rel=\"category tag\">CIEKAWOSTKI<\/a>\t\t\t\t<\/div>\n\t\t\t\n\t\t\t\t\t\t\t<h3 class=\"wd-post-title wd-entities-title title post-title\">\n\t\t\t\t\t<a href=\"https:\/\/bmwblog.pl\/bmw-deepseek-ai-nowa-sztuczna-inteligencja-z-chin\/\" rel=\"bookmark\">BMW DeepSeek AI \u2013 nowa sztuczna inteligencja z Chin<\/a>\n\t\t\t\t<\/h3>\n\t\t\t\n\t\t\t\t\t\t\t<div class=\"wd-post-meta\">\n\t\t\t\t\t\t\t\t\t\t\t\t\t<link rel=\"stylesheet\" id=\"wd-blog-mod-author-css\" href=\"https:\/\/bmwblog.pl\/wp-content\/themes\/woodmart%208.3.8\/css\/parts\/blog-mod-author.min.css?ver=8.3.8\" type=\"text\/css\" media=\"all\" \/> \t\t\t\t\t\t\t\t<div class=\"wd-post-author\">\n\t\t\t\t\t\t\t\t\t\t\t<span>Posted by<\/span>\n\t\t\n\t\t\t\t\t\t\t\n\t\t\t\t\t<a href=\"https:\/\/bmwblog.pl\/author\/bmwblog-pl\/\" class=\"author\" rel=\"author\">Krystian Wilkosz<\/a>\n\t\t\t\t\t\t\t\t\t<\/div>\n\t\t\t\t\t<div class=\"wd-modified-date\">\n\t\t\t\t\t\t\t\t<time class=\"updated\" datetime=\"2025-04-24T06:51:53+02:00\">\n\t\t\t2025-04-24\t\t<\/time>\n\t\t\t\t\t\t\t<\/div>\n\n\t\t\t\t\t\n\t\t\t\t\t\t\t\t\t\t\t\t\t\t<link rel=\"stylesheet\" id=\"wd-blog-mod-comments-button-css\" href=\"https:\/\/bmwblog.pl\/wp-content\/themes\/woodmart%208.3.8\/css\/parts\/blog-mod-comments-button.min.css?ver=8.3.8\" type=\"text\/css\" media=\"all\" \/> \t\t\t\t\t\t\t\t\t<div class=\"wd-post-reply wd-style-1\">\n\t\t\t\t\t\t\t<a href=\"https:\/\/bmwblog.pl\/bmw-deepseek-ai-nowa-sztuczna-inteligencja-z-chin\/#comments\"><span class=\"wd-replies-count\">1<\/span><\/a>\t\t\t\t\t\t<\/div>\n\t\t\t\t\t\t\t\t\t<\/div>\n\t\t\t\n\t\t\t\t\t\t\t\t\t\t\t\t<div class=\"wd-post-excerpt entry-content\">\n\t\t\t\t\t\tPoznaj BMW DeepSeek AI \u2013 inteligentny system personalizacji jazdy, kt\u00f3ry uczy si\u0119 Twoich nawyk\u00f3w. Nowa era BMW zaczyna si\u0119 w Chinach.\t\t\t\t\t<\/div>\n\t\t\t\t\n\t\t\t\t\t\t\t\t\t\t\t\t\t\t<div class=\"wd-post-read-more wd-style-link read-more-section\">\n\t\t\t\t\t\t<a class=\"\" href=\"https:\/\/bmwblog.pl\/bmw-deepseek-ai-nowa-sztuczna-inteligencja-z-chin\/\">Czytaj dalej...<\/a>\t\t\t\t\t<\/div>\n\t\t\t\t\t\t\t\t\t\t\t\t\t<\/div>\n\t<\/div>\n<\/article>\n\n\t\t\t\t\t\t\t\t\t\t\t\n<article id=\"post-24662\" class=\"wd-post blog-design-masonry blog-post-loop blog-style-bg wd-add-shadow wd-col post-24662 post type-post status-publish format-standard has-post-thumbnail hentry category-news tag-bmw-china tag-bmw-m4 tag-bmw-motorsport tag-design tag-edycja-limitowana tag-ekskluzywnosc tag-m4-competition tag-motoryzacja-premium tag-nurburgring-edition tag-sportowy-samochod\">\n\t<div class=\"wd-post-inner article-inner\">\n\t\t\t\t\t<div class=\"wd-post-thumb entry-header\">\n\t\t\t\t\t\t\t\t\t<div class=\"wd-post-img post-img-wrapp\">\n\t\t\t\t\t\t<img width=\"1280\" height=\"854\" src=\"https:\/\/bmwblog.pl\/wp-content\/uploads\/2025\/04\/IMG-7114.jpg\" class=\"attachment- size-\" alt=\"BMW M4 Nurburgring Edition \u2013 limitowana legenda toru\" decoding=\"async\" srcset=\"https:\/\/bmwblog.pl\/wp-content\/uploads\/2025\/04\/IMG-7114.jpg 1280w, https:\/\/bmwblog.pl\/wp-content\/uploads\/2025\/04\/IMG-7114-medium.jpg 400w, https:\/\/bmwblog.pl\/wp-content\/uploads\/2025\/04\/IMG-7114-large.jpg 1199w, https:\/\/bmwblog.pl\/wp-content\/uploads\/2025\/04\/IMG-7114-768x512.jpg 768w, https:\/\/bmwblog.pl\/wp-content\/uploads\/2025\/04\/IMG-7114-430x287.jpg 430w, https:\/\/bmwblog.pl\/wp-content\/uploads\/2025\/04\/IMG-7114-700x467.jpg 700w, https:\/\/bmwblog.pl\/wp-content\/uploads\/2025\/04\/IMG-7114-150x100.jpg 150w, https:\/\/bmwblog.pl\/wp-content\/uploads\/2025\/04\/IMG-7114-1200x800.jpg 1200w\" sizes=\"(max-width: 1280px) 100vw, 1280px\" \/>\t\t\t\t\t<\/div>\n\t\t\t\t\t\t\t\t\t\t<a class=\"wd-fill\" tabindex=\"-1\" href=\"https:\/\/bmwblog.pl\/bmw-m4-nurburgring-edition-limitowana-legenda-toru\/\" aria-label=\"Link on post BMW M4 Nurburgring Edition \u2013 limitowana legenda toru\"><\/a>\n\t\t\t\t\n\t\t\t\t\t\t\t\t\t\t\t\t<div class=\"wd-post-date wd-style-with-bg\">\n\t\t\t\t<span class=\"post-date-day\">\n\t\t\t\t\t23\t\t\t\t<\/span>\n\t\t\t\t<span class=\"post-date-month\">\n\t\t\t\t\tkwi\t\t\t\t<\/span>\n\t\t\t<\/div>\n\t\t\t\t\t\t\t\t\t<\/div>\n\t\t\n\t\t<div class=\"wd-post-content article-body-container\">\n\t\t\t\t\t\t\t<div class=\"wd-post-cat wd-style-with-bg meta-post-categories\">\n\t\t\t\t\t<a href=\"https:\/\/bmwblog.pl\/category\/news\/\" rel=\"category tag\">NEWS<\/a>\t\t\t\t<\/div>\n\t\t\t\n\t\t\t\t\t\t\t<h3 class=\"wd-post-title wd-entities-title title post-title\">\n\t\t\t\t\t<a href=\"https:\/\/bmwblog.pl\/bmw-m4-nurburgring-edition-limitowana-legenda-toru\/\" rel=\"bookmark\">BMW M4 Nurburgring Edition \u2013 limitowana legenda toru<\/a>\n\t\t\t\t<\/h3>\n\t\t\t\n\t\t\t\t\t\t\t<div class=\"wd-post-meta\">\n\t\t\t\t\t\t\t\t\t\t\t\t\t\t\t<div class=\"wd-post-author\">\n\t\t\t\t\t\t\t\t\t\t\t<span>Posted by<\/span>\n\t\t\n\t\t\t\t\t\t\t\n\t\t\t\t\t<a href=\"https:\/\/bmwblog.pl\/author\/bmwblog-pl\/\" class=\"author\" rel=\"author\">Krystian Wilkosz<\/a>\n\t\t\t\t\t\t\t\t\t<\/div>\n\t\t\t\t\t<div class=\"wd-modified-date\">\n\t\t\t\t\t\t\t\t<time class=\"updated\" datetime=\"2025-04-23T21:52:35+02:00\">\n\t\t\t2025-04-23\t\t<\/time>\n\t\t\t\t\t\t\t<\/div>\n\n\t\t\t\t\t\n\t\t\t\t\t\t\t\t\t\t\t\t\t\t\t\t\t<div class=\"wd-post-reply wd-style-1\">\n\t\t\t\t\t\t\t<a href=\"https:\/\/bmwblog.pl\/bmw-m4-nurburgring-edition-limitowana-legenda-toru\/#comments\"><span class=\"wd-replies-count\">1<\/span><\/a>\t\t\t\t\t\t<\/div>\n\t\t\t\t\t\t\t\t\t<\/div>\n\t\t\t\n\t\t\t\t\t\t\t\t\t\t\t\t<div class=\"wd-post-excerpt entry-content\">\n\t\t\t\t\t\tLimitowana do 53 sztuk edycja BMW M4 N\u00fcrburgring Edition dost\u0119pna tylko w Chinach. Poznaj detale: 530 KM, kolor Frozen Deep Green, oznaczenie 1\/53.\t\t\t\t\t<\/div>\n\t\t\t\t\n\t\t\t\t\t\t\t\t\t\t\t\t\t\t<div class=\"wd-post-read-more wd-style-link read-more-section\">\n\t\t\t\t\t\t<a class=\"\" href=\"https:\/\/bmwblog.pl\/bmw-m4-nurburgring-edition-limitowana-legenda-toru\/\">Czytaj dalej...<\/a>\t\t\t\t\t<\/div>\n\t\t\t\t\t\t\t\t\t\t\t\t\t<\/div>\n\t<\/div>\n<\/article>\n\n\t\t\t\t\t\t\t\t\t\t\t\n<article id=\"post-24640\" class=\"wd-post blog-design-masonry blog-post-loop blog-style-bg wd-add-shadow wd-col post-24640 post type-post status-publish format-standard has-post-thumbnail hentry category-news tag-bmw tag-elektromobilnosc tag-innowacje-bmw tag-lifestyle tag-motoryzacja tag-neue-klasse tag-nowosci-motoryzacyjne tag-przyszlosc-motoryzacji tag-technologia tag-vision-driving-experience\">\n\t<div class=\"wd-post-inner article-inner\">\n\t\t\t\t\t<div class=\"wd-post-thumb entry-header\">\n\t\t\t\t\t\t\t\t\t<div class=\"wd-post-img post-img-wrapp\">\n\t\t\t\t\t\t<img width=\"1280\" height=\"854\" src=\"https:\/\/bmwblog.pl\/wp-content\/uploads\/2025\/04\/IMG-7041.jpeg\" class=\"attachment- size-\" alt=\"Design BMW Neue Klasse z przodu i z boku\" decoding=\"async\" srcset=\"https:\/\/bmwblog.pl\/wp-content\/uploads\/2025\/04\/IMG-7041.jpeg 1280w, https:\/\/bmwblog.pl\/wp-content\/uploads\/2025\/04\/IMG-7041-medium.jpeg 400w, https:\/\/bmwblog.pl\/wp-content\/uploads\/2025\/04\/IMG-7041-large.jpeg 1199w, https:\/\/bmwblog.pl\/wp-content\/uploads\/2025\/04\/IMG-7041-768x512.jpeg 768w, https:\/\/bmwblog.pl\/wp-content\/uploads\/2025\/04\/IMG-7041-430x287.jpeg 430w, https:\/\/bmwblog.pl\/wp-content\/uploads\/2025\/04\/IMG-7041-700x467.jpeg 700w, https:\/\/bmwblog.pl\/wp-content\/uploads\/2025\/04\/IMG-7041-150x100.jpeg 150w, https:\/\/bmwblog.pl\/wp-content\/uploads\/2025\/04\/IMG-7041-1200x800.jpeg 1200w\" sizes=\"(max-width: 1280px) 100vw, 1280px\" \/>\t\t\t\t\t<\/div>\n\t\t\t\t\t\t\t\t\t\t<a class=\"wd-fill\" tabindex=\"-1\" href=\"https:\/\/bmwblog.pl\/bmw-vision-driving-experience-neue-klasse\/\" aria-label=\"Link on post BMW Vision Driving Experience \u2013 rewolucja Neue Klasse w Szanghaju\"><\/a>\n\t\t\t\t\n\t\t\t\t\t\t\t\t\t\t\t\t<div class=\"wd-post-date wd-style-with-bg\">\n\t\t\t\t<span class=\"post-date-day\">\n\t\t\t\t\t21\t\t\t\t<\/span>\n\t\t\t\t<span class=\"post-date-month\">\n\t\t\t\t\tkwi\t\t\t\t<\/span>\n\t\t\t<\/div>\n\t\t\t\t\t\t\t\t\t<\/div>\n\t\t\n\t\t<div class=\"wd-post-content article-body-container\">\n\t\t\t\t\t\t\t<div class=\"wd-post-cat wd-style-with-bg meta-post-categories\">\n\t\t\t\t\t<a href=\"https:\/\/bmwblog.pl\/category\/news\/\" rel=\"category tag\">NEWS<\/a>\t\t\t\t<\/div>\n\t\t\t\n\t\t\t\t\t\t\t<h3 class=\"wd-post-title wd-entities-title title post-title\">\n\t\t\t\t\t<a href=\"https:\/\/bmwblog.pl\/bmw-vision-driving-experience-neue-klasse\/\" rel=\"bookmark\">BMW Vision Driving Experience \u2013 rewolucja Neue Klasse w Szanghaju<\/a>\n\t\t\t\t<\/h3>\n\t\t\t\n\t\t\t\t\t\t\t<div class=\"wd-post-meta\">\n\t\t\t\t\t\t\t\t\t\t\t\t\t\t\t<div class=\"wd-post-author\">\n\t\t\t\t\t\t\t\t\t\t\t<span>Posted by<\/span>\n\t\t\n\t\t\t\t\t\t\t\n\t\t\t\t\t<a href=\"https:\/\/bmwblog.pl\/author\/bmwblog-pl\/\" class=\"author\" rel=\"author\">Krystian Wilkosz<\/a>\n\t\t\t\t\t\t\t\t\t<\/div>\n\t\t\t\t\t<div class=\"wd-modified-date\">\n\t\t\t\t\t\t\t\t<time class=\"updated\" datetime=\"2025-04-21T20:45:07+02:00\">\n\t\t\t2025-04-21\t\t<\/time>\n\t\t\t\t\t\t\t<\/div>\n\n\t\t\t\t\t\n\t\t\t\t\t\t\t\t\t\t\t\t\t\t\t\t\t<div class=\"wd-post-reply wd-style-1\">\n\t\t\t\t\t\t\t<a href=\"https:\/\/bmwblog.pl\/bmw-vision-driving-experience-neue-klasse\/#respond\"><span class=\"wd-replies-count\">0<\/span><\/a>\t\t\t\t\t\t<\/div>\n\t\t\t\t\t\t\t\t\t<\/div>\n\t\t\t\n\t\t\t\t\t\t\t\t\t\t\t\t<div class=\"wd-post-excerpt entry-content\">\n\t\t\t\t\t\tBMW Vision Driving Experience to zapowied\u017a przysz\u0142o\u015bci motoryzacji. Poznaj innowacje Neue Klasse i rewolucyjne technologie BMW.\t\t\t\t\t<\/div>\n\t\t\t\t\n\t\t\t\t\t\t\t\t\t\t\t\t\t\t<div class=\"wd-post-read-more wd-style-link read-more-section\">\n\t\t\t\t\t\t<a class=\"\" href=\"https:\/\/bmwblog.pl\/bmw-vision-driving-experience-neue-klasse\/\">Czytaj dalej...<\/a>\t\t\t\t\t<\/div>\n\t\t\t\t\t\t\t\t\t\t\t\t\t<\/div>\n\t<\/div>\n<\/article>\n\n\t\t\t\t\t\t\t\t\t\t\t\n<article id=\"post-24497\" class=\"wd-post blog-design-masonry blog-post-loop blog-style-bg wd-add-shadow wd-col post-24497 post type-post status-publish format-standard has-post-thumbnail hentry category-news\">\n\t<div class=\"wd-post-inner article-inner\">\n\t\t\t\t\t<div class=\"wd-post-thumb entry-header\">\n\t\t\t\t\t\t\t\t\t<div class=\"wd-post-img post-img-wrapp\">\n\t\t\t\t\t\t<img width=\"1920\" height=\"1080\" src=\"https:\/\/bmwblog.pl\/wp-content\/uploads\/2025\/04\/IMG-6908-4.jpeg\" class=\"attachment- size-\" alt=\"BMW Skytop testowane na N\u00fcrburgring\u2013 potwierdzono silnik z M8\" decoding=\"async\" srcset=\"https:\/\/bmwblog.pl\/wp-content\/uploads\/2025\/04\/IMG-6908-4.jpeg 1920w, https:\/\/bmwblog.pl\/wp-content\/uploads\/2025\/04\/IMG-6908-4-medium.jpeg 400w, https:\/\/bmwblog.pl\/wp-content\/uploads\/2025\/04\/IMG-6908-4-large.jpeg 1300w, https:\/\/bmwblog.pl\/wp-content\/uploads\/2025\/04\/IMG-6908-4-768x432.jpeg 768w, https:\/\/bmwblog.pl\/wp-content\/uploads\/2025\/04\/IMG-6908-4-1536x864.jpeg 1536w, https:\/\/bmwblog.pl\/wp-content\/uploads\/2025\/04\/IMG-6908-4-430x242.jpeg 430w, https:\/\/bmwblog.pl\/wp-content\/uploads\/2025\/04\/IMG-6908-4-700x394.jpeg 700w, https:\/\/bmwblog.pl\/wp-content\/uploads\/2025\/04\/IMG-6908-4-150x84.jpeg 150w\" sizes=\"(max-width: 1920px) 100vw, 1920px\" \/>\t\t\t\t\t<\/div>\n\t\t\t\t\t\t\t\t\t\t<a class=\"wd-fill\" tabindex=\"-1\" href=\"https:\/\/bmwblog.pl\/bmw-skytop-testowane-na-nurburgring-silnik-z-m8\/\" aria-label=\"Link on post BMW Skytop testowane na N\u00fcrburgring\u2013 potwierdzono silnik z M8\"><\/a>\n\t\t\t\t\n\t\t\t\t\t\t\t\t\t\t\t\t<div class=\"wd-post-date wd-style-with-bg\">\n\t\t\t\t<span class=\"post-date-day\">\n\t\t\t\t\t17\t\t\t\t<\/span>\n\t\t\t\t<span class=\"post-date-month\">\n\t\t\t\t\tkwi\t\t\t\t<\/span>\n\t\t\t<\/div>\n\t\t\t\t\t\t\t\t\t<\/div>\n\t\t\n\t\t<div class=\"wd-post-content article-body-container\">\n\t\t\t\t\t\t\t<div class=\"wd-post-cat wd-style-with-bg meta-post-categories\">\n\t\t\t\t\t<a href=\"https:\/\/bmwblog.pl\/category\/news\/\" rel=\"category tag\">NEWS<\/a>\t\t\t\t<\/div>\n\t\t\t\n\t\t\t\t\t\t\t<h3 class=\"wd-post-title wd-entities-title title post-title\">\n\t\t\t\t\t<a href=\"https:\/\/bmwblog.pl\/bmw-skytop-testowane-na-nurburgring-silnik-z-m8\/\" rel=\"bookmark\">BMW Skytop testowane na N\u00fcrburgring\u2013 potwierdzono silnik z M8<\/a>\n\t\t\t\t<\/h3>\n\t\t\t\n\t\t\t\t\t\t\t<div class=\"wd-post-meta\">\n\t\t\t\t\t\t\t\t\t\t\t\t\t\t\t<div class=\"wd-post-author\">\n\t\t\t\t\t\t\t\t\t\t\t<span>Posted by<\/span>\n\t\t\n\t\t\t\t\t\t\t\n\t\t\t\t\t<a href=\"https:\/\/bmwblog.pl\/author\/bmwblog-pl\/\" class=\"author\" rel=\"author\">Krystian Wilkosz<\/a>\n\t\t\t\t\t\t\t\t\t<\/div>\n\t\t\t\t\t<div class=\"wd-modified-date\">\n\t\t\t\t\t\t\t\t<time class=\"updated\" datetime=\"2025-04-18T15:19:45+02:00\">\n\t\t\t2025-04-18\t\t<\/time>\n\t\t\t\t\t\t\t<\/div>\n\n\t\t\t\t\t\n\t\t\t\t\t\t\t\t\t\t\t\t\t\t\t\t\t<div class=\"wd-post-reply wd-style-1\">\n\t\t\t\t\t\t\t<a href=\"https:\/\/bmwblog.pl\/bmw-skytop-testowane-na-nurburgring-silnik-z-m8\/#respond\"><span class=\"wd-replies-count\">0<\/span><\/a>\t\t\t\t\t\t<\/div>\n\t\t\t\t\t\t\t\t\t<\/div>\n\t\t\t\n\t\t\t\t\t\t\t\t\t\t\t\t<div class=\"wd-post-excerpt entry-content\">\n\t\t\t\t\t\tBMW Skytop z silnikiem M8 przy\u0142apane na N\u00fcrburgring. Nowy roadster BMW \u0142\u0105czy styl z moc\u0105 ponad 600 KM. Zobacz szczeg\u00f3\u0142y test\u00f3w i premiery.\t\t\t\t\t<\/div>\n\t\t\t\t\n\t\t\t\t\t\t\t\t\t\t\t\t\t\t<div class=\"wd-post-read-more wd-style-link read-more-section\">\n\t\t\t\t\t\t<a class=\"\" href=\"https:\/\/bmwblog.pl\/bmw-skytop-testowane-na-nurburgring-silnik-z-m8\/\">Czytaj dalej...<\/a>\t\t\t\t\t<\/div>\n\t\t\t\t\t\t\t\t\t\t\t\t\t<\/div>\n\t<\/div>\n<\/article>\n\n\t\t\t\t\t\t\t\t\t\t\t\n<article id=\"post-24501\" class=\"wd-post blog-design-masonry blog-post-loop blog-style-bg wd-add-shadow wd-col post-24501 post type-post status-publish format-standard has-post-thumbnail hentry category-news tag-bmw-edition-50-jahre tag-bmw-m-performance tag-bmw-m340i-xdrive tag-bmw-malezja tag-bmw-nowosci-2025 tag-bmw-serii-3 tag-g20-m340i tag-limitowana-edycja-bmw tag-rocznica-bmw tag-samochody-kolekcjonerskie\">\n\t<div class=\"wd-post-inner article-inner\">\n\t\t\t\t\t<div class=\"wd-post-thumb entry-header\">\n\t\t\t\t\t\t\t\t\t<div class=\"wd-post-img post-img-wrapp\">\n\t\t\t\t\t\t<img width=\"1280\" height=\"768\" src=\"https:\/\/bmwblog.pl\/wp-content\/uploads\/2025\/04\/IMG-6877-1.jpeg\" class=\"attachment- size-\" alt=\"BMW M340i xDrive Edition 50 Jahre \u2013 tylko dla Malezji\" decoding=\"async\" srcset=\"https:\/\/bmwblog.pl\/wp-content\/uploads\/2025\/04\/IMG-6877-1.jpeg 1280w, https:\/\/bmwblog.pl\/wp-content\/uploads\/2025\/04\/IMG-6877-1-medium.jpeg 400w, https:\/\/bmwblog.pl\/wp-content\/uploads\/2025\/04\/IMG-6877-1-768x461.jpeg 768w, https:\/\/bmwblog.pl\/wp-content\/uploads\/2025\/04\/IMG-6877-1-430x258.jpeg 430w, https:\/\/bmwblog.pl\/wp-content\/uploads\/2025\/04\/IMG-6877-1-700x420.jpeg 700w, https:\/\/bmwblog.pl\/wp-content\/uploads\/2025\/04\/IMG-6877-1-150x90.jpeg 150w\" sizes=\"(max-width: 1280px) 100vw, 1280px\" \/>\t\t\t\t\t<\/div>\n\t\t\t\t\t\t\t\t\t\t<a class=\"wd-fill\" tabindex=\"-1\" href=\"https:\/\/bmwblog.pl\/bmw-m340i-xdrive-edition-50-jahre-tylko-dla-malezji\/\" aria-label=\"Link on post BMW M340i xDrive Edition 50 Jahre \u2013 tylko dla Malezji\"><\/a>\n\t\t\t\t\n\t\t\t\t\t\t\t\t\t\t\t\t<div class=\"wd-post-date wd-style-with-bg\">\n\t\t\t\t<span class=\"post-date-day\">\n\t\t\t\t\t16\t\t\t\t<\/span>\n\t\t\t\t<span class=\"post-date-month\">\n\t\t\t\t\tkwi\t\t\t\t<\/span>\n\t\t\t<\/div>\n\t\t\t\t\t\t\t\t\t<\/div>\n\t\t\n\t\t<div class=\"wd-post-content article-body-container\">\n\t\t\t\t\t\t\t<div class=\"wd-post-cat wd-style-with-bg meta-post-categories\">\n\t\t\t\t\t<a href=\"https:\/\/bmwblog.pl\/category\/news\/\" rel=\"category tag\">NEWS<\/a>\t\t\t\t<\/div>\n\t\t\t\n\t\t\t\t\t\t\t<h3 class=\"wd-post-title wd-entities-title title post-title\">\n\t\t\t\t\t<a href=\"https:\/\/bmwblog.pl\/bmw-m340i-xdrive-edition-50-jahre-tylko-dla-malezji\/\" rel=\"bookmark\">BMW M340i xDrive Edition 50 Jahre \u2013 tylko dla Malezji<\/a>\n\t\t\t\t<\/h3>\n\t\t\t\n\t\t\t\t\t\t\t<div class=\"wd-post-meta\">\n\t\t\t\t\t\t\t\t\t\t\t\t\t\t\t<div class=\"wd-post-author\">\n\t\t\t\t\t\t\t\t\t\t\t<span>Posted by<\/span>\n\t\t\n\t\t\t\t\t\t\t\n\t\t\t\t\t<a href=\"https:\/\/bmwblog.pl\/author\/bmwblog-pl\/\" class=\"author\" rel=\"author\">Krystian Wilkosz<\/a>\n\t\t\t\t\t\t\t\t\t<\/div>\n\t\t\t\t\t<div class=\"wd-modified-date\">\n\t\t\t\t\t\t\t\t<time class=\"updated\" datetime=\"2025-04-16T16:25:49+02:00\">\n\t\t\t2025-04-16\t\t<\/time>\n\t\t\t\t\t\t\t<\/div>\n\n\t\t\t\t\t\n\t\t\t\t\t\t\t\t\t\t\t\t\t\t\t\t\t<div class=\"wd-post-reply wd-style-1\">\n\t\t\t\t\t\t\t<a href=\"https:\/\/bmwblog.pl\/bmw-m340i-xdrive-edition-50-jahre-tylko-dla-malezji\/#respond\"><span class=\"wd-replies-count\">0<\/span><\/a>\t\t\t\t\t\t<\/div>\n\t\t\t\t\t\t\t\t\t<\/div>\n\t\t\t\n\t\t\t\t\t\t\t\t\t\t\t\t<div class=\"wd-post-excerpt entry-content\">\n\t\t\t\t\t\tZ okazji 50. rocznicy kultowego modelu&nbsp;BMW Serii 3, marka przygotowa\u0142a limitowan\u0105 edycj\u0119&nbsp;BMW M340i xDrive Edition 50 Jahre&nb...\t\t\t\t\t<\/div>\n\t\t\t\t\n\t\t\t\t\t\t\t\t\t\t\t\t\t\t<div class=\"wd-post-read-more wd-style-link read-more-section\">\n\t\t\t\t\t\t<a class=\"\" href=\"https:\/\/bmwblog.pl\/bmw-m340i-xdrive-edition-50-jahre-tylko-dla-malezji\/\">Czytaj dalej...<\/a>\t\t\t\t\t<\/div>\n\t\t\t\t\t\t\t\t\t\t\t\t\t<\/div>\n\t<\/div>\n<\/article>\n\n\t\t\t\t\t\n\t\t\t\t\t","status":"have-posts","nextPage":"https:\/\/bmwblog.pl\/category\/news\/page\/30\/?woo_ajax=1","currentPage":"https:\/\/bmwblog.pl\/category\/news\/page\/29"}