
			
				

					
				

			
		{"items":"\n\t\t\t\t\t\t\t\t\t\t\t\t\t\t<link rel=\"stylesheet\" id=\"wd-post-types-mod-categories-style-bg-css\" href=\"https:\/\/bmwblog.pl\/wp-content\/themes\/woodmart%208.3.8\/css\/parts\/post-types-mod-categories-style-bg.min.css?ver=8.3.8\" type=\"text\/css\" media=\"all\" \/> \t\t\t\n<article id=\"post-24475\" class=\"wd-post blog-design-masonry blog-post-loop blog-style-bg wd-add-shadow wd-col post-24475 post type-post status-publish format-standard has-post-thumbnail hentry category-news\">\n\t<div class=\"wd-post-inner article-inner\">\n\t\t\t\t\t<div class=\"wd-post-thumb entry-header\">\n\t\t\t\t\t\t\t\t\t<div class=\"wd-post-img post-img-wrapp\">\n\t\t\t\t\t\t<img width=\"1280\" height=\"721\" src=\"https:\/\/bmwblog.pl\/wp-content\/uploads\/2025\/04\/IMG-6847.jpeg\" class=\"attachment- size-\" alt=\"BMW HypersonX \u2013 rewolucyjny d\u017awi\u0119k w Neue Klasse EV\" decoding=\"async\" fetchpriority=\"high\" srcset=\"https:\/\/bmwblog.pl\/wp-content\/uploads\/2025\/04\/IMG-6847.jpeg 1280w, https:\/\/bmwblog.pl\/wp-content\/uploads\/2025\/04\/IMG-6847-medium.jpeg 400w, https:\/\/bmwblog.pl\/wp-content\/uploads\/2025\/04\/IMG-6847-768x433.jpeg 768w, https:\/\/bmwblog.pl\/wp-content\/uploads\/2025\/04\/IMG-6847-430x242.jpeg 430w, https:\/\/bmwblog.pl\/wp-content\/uploads\/2025\/04\/IMG-6847-700x394.jpeg 700w, https:\/\/bmwblog.pl\/wp-content\/uploads\/2025\/04\/IMG-6847-150x84.jpeg 150w\" sizes=\"(max-width: 1280px) 100vw, 1280px\" \/>\t\t\t\t\t<\/div>\n\t\t\t\t\t\t\t\t\t\t<a class=\"wd-fill\" tabindex=\"-1\" href=\"https:\/\/bmwblog.pl\/bmw-hypersonx-rewolucyjny-dzwiek-w-neue-klasse-ev\/\" aria-label=\"Link on post BMW HypersonX \u2013 rewolucyjny d\u017awi\u0119k w Neue Klasse EV\"><\/a>\n\t\t\t\t\n\t\t\t\t\t\t\t\t\t\t\t\t<link rel=\"stylesheet\" id=\"wd-post-types-mod-date-style-bg-css\" href=\"https:\/\/bmwblog.pl\/wp-content\/themes\/woodmart%208.3.8\/css\/parts\/post-types-mod-date-style-bg.min.css?ver=8.3.8\" type=\"text\/css\" media=\"all\" \/> \t\t\t\t\t\t<div class=\"wd-post-date wd-style-with-bg\">\n\t\t\t\t<span class=\"post-date-day\">\n\t\t\t\t\t15\t\t\t\t<\/span>\n\t\t\t\t<span class=\"post-date-month\">\n\t\t\t\t\tkwi\t\t\t\t<\/span>\n\t\t\t<\/div>\n\t\t\t\t\t\t\t\t\t<\/div>\n\t\t\n\t\t<div class=\"wd-post-content article-body-container\">\n\t\t\t\t\t\t\t<div class=\"wd-post-cat wd-style-with-bg meta-post-categories\">\n\t\t\t\t\t<a href=\"https:\/\/bmwblog.pl\/category\/news\/\" rel=\"category tag\">NEWS<\/a>\t\t\t\t<\/div>\n\t\t\t\n\t\t\t\t\t\t\t<h3 class=\"wd-post-title wd-entities-title title post-title\">\n\t\t\t\t\t<a href=\"https:\/\/bmwblog.pl\/bmw-hypersonx-rewolucyjny-dzwiek-w-neue-klasse-ev\/\" rel=\"bookmark\">BMW HypersonX \u2013 rewolucyjny d\u017awi\u0119k w Neue Klasse EV<\/a>\n\t\t\t\t<\/h3>\n\t\t\t\n\t\t\t\t\t\t\t<div class=\"wd-post-meta\">\n\t\t\t\t\t\t\t\t\t\t\t\t\t<link rel=\"stylesheet\" id=\"wd-blog-mod-author-css\" href=\"https:\/\/bmwblog.pl\/wp-content\/themes\/woodmart%208.3.8\/css\/parts\/blog-mod-author.min.css?ver=8.3.8\" type=\"text\/css\" media=\"all\" \/> \t\t\t\t\t\t\t\t<div class=\"wd-post-author\">\n\t\t\t\t\t\t\t\t\t\t\t<span>Posted by<\/span>\n\t\t\n\t\t\t\t\t\t\t\n\t\t\t\t\t<a href=\"https:\/\/bmwblog.pl\/author\/bmwblog-pl\/\" class=\"author\" rel=\"author\">Krystian Wilkosz<\/a>\n\t\t\t\t\t\t\t\t\t<\/div>\n\t\t\t\t\t<div class=\"wd-modified-date\">\n\t\t\t\t\t\t\t\t<time class=\"updated\" datetime=\"2025-04-15T22:28:48+02:00\">\n\t\t\t2025-04-15\t\t<\/time>\n\t\t\t\t\t\t\t<\/div>\n\n\t\t\t\t\t\n\t\t\t\t\t\t\t\t\t\t\t\t\t\t<link rel=\"stylesheet\" id=\"wd-blog-mod-comments-button-css\" href=\"https:\/\/bmwblog.pl\/wp-content\/themes\/woodmart%208.3.8\/css\/parts\/blog-mod-comments-button.min.css?ver=8.3.8\" type=\"text\/css\" media=\"all\" \/> \t\t\t\t\t\t\t\t\t<div class=\"wd-post-reply wd-style-1\">\n\t\t\t\t\t\t\t<a href=\"https:\/\/bmwblog.pl\/bmw-hypersonx-rewolucyjny-dzwiek-w-neue-klasse-ev\/#respond\"><span class=\"wd-replies-count\">0<\/span><\/a>\t\t\t\t\t\t<\/div>\n\t\t\t\t\t\t\t\t\t<\/div>\n\t\t\t\n\t\t\t\t\t\t\t\t\t\t\t\t<div class=\"wd-post-excerpt entry-content\">\n\t\t\t\t\t\tW \u015bwiecie motoryzacji przysz\u0142o\u015bci emocje nie b\u0119d\u0105 wywo\u0142ywane wy\u0142\u0105cznie przez osi\u0105gi, design czy technologie \u2013 r\u00f3wnie istotn\u0105 rol\u0119 odegr...\t\t\t\t\t<\/div>\n\t\t\t\t\n\t\t\t\t\t\t\t\t\t\t\t\t\t\t<div class=\"wd-post-read-more wd-style-link read-more-section\">\n\t\t\t\t\t\t<a class=\"\" href=\"https:\/\/bmwblog.pl\/bmw-hypersonx-rewolucyjny-dzwiek-w-neue-klasse-ev\/\">Czytaj dalej...<\/a>\t\t\t\t\t<\/div>\n\t\t\t\t\t\t\t\t\t\t\t\t\t<\/div>\n\t<\/div>\n<\/article>\n\n\t\t\t\t\t\t\t\t\t\t\t\n<article id=\"post-24457\" class=\"wd-post blog-design-masonry blog-post-loop blog-style-bg wd-add-shadow wd-col post-24457 post type-post status-publish format-standard has-post-thumbnail hentry category-news\">\n\t<div class=\"wd-post-inner article-inner\">\n\t\t\t\t\t<div class=\"wd-post-thumb entry-header\">\n\t\t\t\t\t\t\t\t\t<div class=\"wd-post-img post-img-wrapp\">\n\t\t\t\t\t\t<img width=\"1280\" height=\"720\" src=\"https:\/\/bmwblog.pl\/wp-content\/uploads\/2025\/04\/IMG-6824.jpeg\" class=\"attachment- size-\" alt=\"BMW zapowiada ekscytuj\u0105cy rok 2025: koncepcyjny roadster, nowy motocykl, mo\u017cliwa premiera M2 CS i elektryczny iX3 NA5\" decoding=\"async\" srcset=\"https:\/\/bmwblog.pl\/wp-content\/uploads\/2025\/04\/IMG-6824.jpeg 1280w, https:\/\/bmwblog.pl\/wp-content\/uploads\/2025\/04\/IMG-6824-medium.jpeg 400w, https:\/\/bmwblog.pl\/wp-content\/uploads\/2025\/04\/IMG-6824-768x432.jpeg 768w, https:\/\/bmwblog.pl\/wp-content\/uploads\/2025\/04\/IMG-6824-430x242.jpeg 430w, https:\/\/bmwblog.pl\/wp-content\/uploads\/2025\/04\/IMG-6824-700x394.jpeg 700w, https:\/\/bmwblog.pl\/wp-content\/uploads\/2025\/04\/IMG-6824-150x84.jpeg 150w\" sizes=\"(max-width: 1280px) 100vw, 1280px\" \/>\t\t\t\t\t<\/div>\n\t\t\t\t\t\t\t\t\t\t<a class=\"wd-fill\" tabindex=\"-1\" href=\"https:\/\/bmwblog.pl\/bmw-2025-m2-cs-nowy-motocykl-i-elektryczny-ix3-na5\/\" aria-label=\"Link on post Premiery BMW 2025: M2 CS, nowy motocykl i elektryczny iX3 NA5\"><\/a>\n\t\t\t\t\n\t\t\t\t\t\t\t\t\t\t\t\t<div class=\"wd-post-date wd-style-with-bg\">\n\t\t\t\t<span class=\"post-date-day\">\n\t\t\t\t\t14\t\t\t\t<\/span>\n\t\t\t\t<span class=\"post-date-month\">\n\t\t\t\t\tkwi\t\t\t\t<\/span>\n\t\t\t<\/div>\n\t\t\t\t\t\t\t\t\t<\/div>\n\t\t\n\t\t<div class=\"wd-post-content article-body-container\">\n\t\t\t\t\t\t\t<div class=\"wd-post-cat wd-style-with-bg meta-post-categories\">\n\t\t\t\t\t<a href=\"https:\/\/bmwblog.pl\/category\/news\/\" rel=\"category tag\">NEWS<\/a>\t\t\t\t<\/div>\n\t\t\t\n\t\t\t\t\t\t\t<h3 class=\"wd-post-title wd-entities-title title post-title\">\n\t\t\t\t\t<a href=\"https:\/\/bmwblog.pl\/bmw-2025-m2-cs-nowy-motocykl-i-elektryczny-ix3-na5\/\" rel=\"bookmark\">Premiery BMW 2025: M2 CS, nowy motocykl i elektryczny iX3 NA5<\/a>\n\t\t\t\t<\/h3>\n\t\t\t\n\t\t\t\t\t\t\t<div class=\"wd-post-meta\">\n\t\t\t\t\t\t\t\t\t\t\t\t\t\t\t<div class=\"wd-post-author\">\n\t\t\t\t\t\t\t\t\t\t\t<span>Posted by<\/span>\n\t\t\n\t\t\t\t\t\t\t\n\t\t\t\t\t<a href=\"https:\/\/bmwblog.pl\/author\/bmwblog-pl\/\" class=\"author\" rel=\"author\">Krystian Wilkosz<\/a>\n\t\t\t\t\t\t\t\t\t<\/div>\n\t\t\t\t\t<div class=\"wd-modified-date\">\n\t\t\t\t\t\t\t\t<time class=\"updated\" datetime=\"2025-04-15T07:29:24+02:00\">\n\t\t\t2025-04-15\t\t<\/time>\n\t\t\t\t\t\t\t<\/div>\n\n\t\t\t\t\t\n\t\t\t\t\t\t\t\t\t\t\t\t\t\t\t\t\t<div class=\"wd-post-reply wd-style-1\">\n\t\t\t\t\t\t\t<a href=\"https:\/\/bmwblog.pl\/bmw-2025-m2-cs-nowy-motocykl-i-elektryczny-ix3-na5\/#respond\"><span class=\"wd-replies-count\">0<\/span><\/a>\t\t\t\t\t\t<\/div>\n\t\t\t\t\t\t\t\t\t<\/div>\n\t\t\t\n\t\t\t\t\t\t\t\t\t\t\t\t<div class=\"wd-post-excerpt entry-content\">\n\t\t\t\t\t\tRok 2025 b\u0119dzie dla BMW pe\u0142en emocji, premier i innowacji. Dla fan\u00f3w motoryzacji \u2013 zar\u00f3wno klasycznej, jak i nowoczesnej \u2013 to czas, kt\u00f3...\t\t\t\t\t<\/div>\n\t\t\t\t\n\t\t\t\t\t\t\t\t\t\t\t\t\t\t<div class=\"wd-post-read-more wd-style-link read-more-section\">\n\t\t\t\t\t\t<a class=\"\" href=\"https:\/\/bmwblog.pl\/bmw-2025-m2-cs-nowy-motocykl-i-elektryczny-ix3-na5\/\">Czytaj dalej...<\/a>\t\t\t\t\t<\/div>\n\t\t\t\t\t\t\t\t\t\t\t\t\t<\/div>\n\t<\/div>\n<\/article>\n\n\t\t\t\t\t\t\t\t\t\t\t\n<article id=\"post-24428\" class=\"wd-post blog-design-masonry blog-post-loop blog-style-bg wd-add-shadow wd-col post-24428 post type-post status-publish format-standard has-post-thumbnail hentry category-news\">\n\t<div class=\"wd-post-inner article-inner\">\n\t\t\t\t\t<div class=\"wd-post-thumb entry-header\">\n\t\t\t\t\t\t\t\t\t<div class=\"wd-post-img post-img-wrapp\">\n\t\t\t\t\t\t<img width=\"1280\" height=\"854\" src=\"https:\/\/bmwblog.pl\/wp-content\/uploads\/2025\/04\/IMG-6769.jpeg\" class=\"attachment- size-\" alt=\"BMW Neue Klasse vs Tesla Model 3 \u2013 por\u00f3wnanie 2025\" decoding=\"async\" srcset=\"https:\/\/bmwblog.pl\/wp-content\/uploads\/2025\/04\/IMG-6769.jpeg 1280w, https:\/\/bmwblog.pl\/wp-content\/uploads\/2025\/04\/IMG-6769-medium.jpeg 400w, https:\/\/bmwblog.pl\/wp-content\/uploads\/2025\/04\/IMG-6769-large.jpeg 1199w, https:\/\/bmwblog.pl\/wp-content\/uploads\/2025\/04\/IMG-6769-768x512.jpeg 768w, https:\/\/bmwblog.pl\/wp-content\/uploads\/2025\/04\/IMG-6769-430x287.jpeg 430w, https:\/\/bmwblog.pl\/wp-content\/uploads\/2025\/04\/IMG-6769-700x467.jpeg 700w, https:\/\/bmwblog.pl\/wp-content\/uploads\/2025\/04\/IMG-6769-150x100.jpeg 150w\" sizes=\"(max-width: 1280px) 100vw, 1280px\" \/>\t\t\t\t\t<\/div>\n\t\t\t\t\t\t\t\t\t\t<a class=\"wd-fill\" tabindex=\"-1\" href=\"https:\/\/bmwblog.pl\/bmw-neue-klasse-vs-tesla-model-3-porownanie-2025\/\" aria-label=\"Link on post BMW Neue Klasse vs Tesla Model 3 \u2013 Szybkie Por\u00f3wnanie 2025\"><\/a>\n\t\t\t\t\n\t\t\t\t\t\t\t\t\t\t\t\t<div class=\"wd-post-date wd-style-with-bg\">\n\t\t\t\t<span class=\"post-date-day\">\n\t\t\t\t\t11\t\t\t\t<\/span>\n\t\t\t\t<span class=\"post-date-month\">\n\t\t\t\t\tkwi\t\t\t\t<\/span>\n\t\t\t<\/div>\n\t\t\t\t\t\t\t\t\t<\/div>\n\t\t\n\t\t<div class=\"wd-post-content article-body-container\">\n\t\t\t\t\t\t\t<div class=\"wd-post-cat wd-style-with-bg meta-post-categories\">\n\t\t\t\t\t<a href=\"https:\/\/bmwblog.pl\/category\/news\/\" rel=\"category tag\">NEWS<\/a>\t\t\t\t<\/div>\n\t\t\t\n\t\t\t\t\t\t\t<h3 class=\"wd-post-title wd-entities-title title post-title\">\n\t\t\t\t\t<a href=\"https:\/\/bmwblog.pl\/bmw-neue-klasse-vs-tesla-model-3-porownanie-2025\/\" rel=\"bookmark\">BMW Neue Klasse vs Tesla Model 3 \u2013 Szybkie Por\u00f3wnanie 2025<\/a>\n\t\t\t\t<\/h3>\n\t\t\t\n\t\t\t\t\t\t\t<div class=\"wd-post-meta\">\n\t\t\t\t\t\t\t\t\t\t\t\t\t\t\t<div class=\"wd-post-author\">\n\t\t\t\t\t\t\t\t\t\t\t<span>Posted by<\/span>\n\t\t\n\t\t\t\t\t\t\t\n\t\t\t\t\t<a href=\"https:\/\/bmwblog.pl\/author\/bmwblog-pl\/\" class=\"author\" rel=\"author\">Krystian Wilkosz<\/a>\n\t\t\t\t\t\t\t\t\t<\/div>\n\t\t\t\t\t<div class=\"wd-modified-date\">\n\t\t\t\t\t\t\t\t<time class=\"updated\" datetime=\"2025-04-11T20:55:52+02:00\">\n\t\t\t2025-04-11\t\t<\/time>\n\t\t\t\t\t\t\t<\/div>\n\n\t\t\t\t\t\n\t\t\t\t\t\t\t\t\t\t\t\t\t\t\t\t\t<div class=\"wd-post-reply wd-style-1\">\n\t\t\t\t\t\t\t<a href=\"https:\/\/bmwblog.pl\/bmw-neue-klasse-vs-tesla-model-3-porownanie-2025\/#respond\"><span class=\"wd-replies-count\">0<\/span><\/a>\t\t\t\t\t\t<\/div>\n\t\t\t\t\t\t\t\t\t<\/div>\n\t\t\t\n\t\t\t\t\t\t\t\t\t\t\t\t<div class=\"wd-post-excerpt entry-content\">\n\t\t\t\t\t\tBMW Neue Klasse to najwa\u017cniejsza premiera marki od lat. Tesla Model 3 \u2013 bezkonkurencyjny lider w segmencie EV. Ale w 2025 roku sytuacja...\t\t\t\t\t<\/div>\n\t\t\t\t\n\t\t\t\t\t\t\t\t\t\t\t\t\t\t<div class=\"wd-post-read-more wd-style-link read-more-section\">\n\t\t\t\t\t\t<a class=\"\" href=\"https:\/\/bmwblog.pl\/bmw-neue-klasse-vs-tesla-model-3-porownanie-2025\/\">Czytaj dalej...<\/a>\t\t\t\t\t<\/div>\n\t\t\t\t\t\t\t\t\t\t\t\t\t<\/div>\n\t<\/div>\n<\/article>\n\n\t\t\t\t\t\t\t\t\t\t\t\n<article id=\"post-24402\" class=\"wd-post blog-design-masonry blog-post-loop blog-style-bg wd-add-shadow wd-col post-24402 post type-post status-publish format-standard has-post-thumbnail hentry category-news tag-bmw-507 tag-bmw-z8 tag-historia-motoryzacji tag-ikony-bmw tag-motoryzacja tag-porownanie-samochodow tag-roadster tag-samochody-klasyczne tag-test-bmw tag-youngtimer\">\n\t<div class=\"wd-post-inner article-inner\">\n\t\t\t\t\t<div class=\"wd-post-thumb entry-header\">\n\t\t\t\t\t\t\t\t\t<div class=\"wd-post-img post-img-wrapp\">\n\t\t\t\t\t\t<img width=\"1280\" height=\"891\" src=\"https:\/\/bmwblog.pl\/wp-content\/uploads\/2025\/04\/IMG-6714.jpeg\" class=\"attachment- size-\" alt=\"BMW 507 vs Z8: Dwie Ikony, Dwie Historie Sukcesu (i Pora\u017cki)\" decoding=\"async\" srcset=\"https:\/\/bmwblog.pl\/wp-content\/uploads\/2025\/04\/IMG-6714.jpeg 1280w, https:\/\/bmwblog.pl\/wp-content\/uploads\/2025\/04\/IMG-6714-medium.jpeg 400w, https:\/\/bmwblog.pl\/wp-content\/uploads\/2025\/04\/IMG-6714-large.jpeg 1149w, https:\/\/bmwblog.pl\/wp-content\/uploads\/2025\/04\/IMG-6714-768x535.jpeg 768w, https:\/\/bmwblog.pl\/wp-content\/uploads\/2025\/04\/IMG-6714-430x299.jpeg 430w, https:\/\/bmwblog.pl\/wp-content\/uploads\/2025\/04\/IMG-6714-700x487.jpeg 700w, https:\/\/bmwblog.pl\/wp-content\/uploads\/2025\/04\/IMG-6714-150x104.jpeg 150w\" sizes=\"(max-width: 1280px) 100vw, 1280px\" \/>\t\t\t\t\t<\/div>\n\t\t\t\t\t\t\t\t\t\t<a class=\"wd-fill\" tabindex=\"-1\" href=\"https:\/\/bmwblog.pl\/bmw-507-vs-z8-dwie-ikony-dwie-historie-sukcesu\/\" aria-label=\"Link on post BMW 507 vs Z8: Dwie Ikony, Dwie Historie Sukcesu (i Pora\u017cki)\"><\/a>\n\t\t\t\t\n\t\t\t\t\t\t\t\t\t\t\t\t<div class=\"wd-post-date wd-style-with-bg\">\n\t\t\t\t<span class=\"post-date-day\">\n\t\t\t\t\t09\t\t\t\t<\/span>\n\t\t\t\t<span class=\"post-date-month\">\n\t\t\t\t\tkwi\t\t\t\t<\/span>\n\t\t\t<\/div>\n\t\t\t\t\t\t\t\t\t<\/div>\n\t\t\n\t\t<div class=\"wd-post-content article-body-container\">\n\t\t\t\t\t\t\t<div class=\"wd-post-cat wd-style-with-bg meta-post-categories\">\n\t\t\t\t\t<a href=\"https:\/\/bmwblog.pl\/category\/news\/\" rel=\"category tag\">NEWS<\/a>\t\t\t\t<\/div>\n\t\t\t\n\t\t\t\t\t\t\t<h3 class=\"wd-post-title wd-entities-title title post-title\">\n\t\t\t\t\t<a href=\"https:\/\/bmwblog.pl\/bmw-507-vs-z8-dwie-ikony-dwie-historie-sukcesu\/\" rel=\"bookmark\">BMW 507 vs Z8: Dwie Ikony, Dwie Historie Sukcesu (i Pora\u017cki)<\/a>\n\t\t\t\t<\/h3>\n\t\t\t\n\t\t\t\t\t\t\t<div class=\"wd-post-meta\">\n\t\t\t\t\t\t\t\t\t\t\t\t\t\t\t<div class=\"wd-post-author\">\n\t\t\t\t\t\t\t\t\t\t\t<span>Posted by<\/span>\n\t\t\n\t\t\t\t\t\t\t\n\t\t\t\t\t<a href=\"https:\/\/bmwblog.pl\/author\/bmwblog-pl\/\" class=\"author\" rel=\"author\">Krystian Wilkosz<\/a>\n\t\t\t\t\t\t\t\t\t<\/div>\n\t\t\t\t\t<div class=\"wd-modified-date\">\n\t\t\t\t\t\t\t\t<time class=\"updated\" datetime=\"2025-04-09T20:27:58+02:00\">\n\t\t\t2025-04-09\t\t<\/time>\n\t\t\t\t\t\t\t<\/div>\n\n\t\t\t\t\t\n\t\t\t\t\t\t\t\t\t\t\t\t\t\t\t\t\t<div class=\"wd-post-reply wd-style-1\">\n\t\t\t\t\t\t\t<a href=\"https:\/\/bmwblog.pl\/bmw-507-vs-z8-dwie-ikony-dwie-historie-sukcesu\/#respond\"><span class=\"wd-replies-count\">0<\/span><\/a>\t\t\t\t\t\t<\/div>\n\t\t\t\t\t\t\t\t\t<\/div>\n\t\t\t\n\t\t\t\t\t\t\t\t\t\t\t\t<div class=\"wd-post-excerpt entry-content\">\n\t\t\t\t\t\tWyobra\u017a sobie samoch\u00f3d tak osza\u0142amiaj\u0105cy wizualnie, \u017ce sam Elvis Presley zapragn\u0105\u0142 go mie\u0107, ale jednocze\u015bnie tak niedopracowany, \u017ce prz...\t\t\t\t\t<\/div>\n\t\t\t\t\n\t\t\t\t\t\t\t\t\t\t\t\t\t\t<div class=\"wd-post-read-more wd-style-link read-more-section\">\n\t\t\t\t\t\t<a class=\"\" href=\"https:\/\/bmwblog.pl\/bmw-507-vs-z8-dwie-ikony-dwie-historie-sukcesu\/\">Czytaj dalej...<\/a>\t\t\t\t\t<\/div>\n\t\t\t\t\t\t\t\t\t\t\t\t\t<\/div>\n\t<\/div>\n<\/article>\n\n\t\t\t\t\t\t\t\t\t\t\t\n<article id=\"post-24378\" class=\"wd-post blog-design-masonry blog-post-loop blog-style-bg wd-add-shadow wd-col post-24378 post type-post status-publish format-standard has-post-thumbnail hentry category-news\">\n\t<div class=\"wd-post-inner article-inner\">\n\t\t\t\t\t<div class=\"wd-post-thumb entry-header\">\n\t\t\t\t\t\t\t\t\t<div class=\"wd-post-img post-img-wrapp\">\n\t\t\t\t\t\t<img width=\"1280\" height=\"773\" src=\"https:\/\/bmwblog.pl\/wp-content\/uploads\/2025\/04\/IMG-6641.jpeg\" class=\"attachment- size-\" alt=\"5 modeli BMW, kt\u00f3re dzi\u015b kupisz taniej, a jutro zyskasz\" decoding=\"async\" srcset=\"https:\/\/bmwblog.pl\/wp-content\/uploads\/2025\/04\/IMG-6641.jpeg 1280w, https:\/\/bmwblog.pl\/wp-content\/uploads\/2025\/04\/IMG-6641-medium.jpeg 400w, https:\/\/bmwblog.pl\/wp-content\/uploads\/2025\/04\/IMG-6641-768x464.jpeg 768w, https:\/\/bmwblog.pl\/wp-content\/uploads\/2025\/04\/IMG-6641-430x260.jpeg 430w, https:\/\/bmwblog.pl\/wp-content\/uploads\/2025\/04\/IMG-6641-700x423.jpeg 700w, https:\/\/bmwblog.pl\/wp-content\/uploads\/2025\/04\/IMG-6641-150x91.jpeg 150w\" sizes=\"(max-width: 1280px) 100vw, 1280px\" \/>\t\t\t\t\t<\/div>\n\t\t\t\t\t\t\t\t\t\t<a class=\"wd-fill\" tabindex=\"-1\" href=\"https:\/\/bmwblog.pl\/5-modeli-bmw-ktore-dzis-kupisz-taniej-a-jutro-zyskasz\/\" aria-label=\"Link on post 5 modeli BMW, kt\u00f3re dzi\u015b kupisz taniej, a jutro zyskasz\"><\/a>\n\t\t\t\t\n\t\t\t\t\t\t\t\t\t\t\t\t<div class=\"wd-post-date wd-style-with-bg\">\n\t\t\t\t<span class=\"post-date-day\">\n\t\t\t\t\t07\t\t\t\t<\/span>\n\t\t\t\t<span class=\"post-date-month\">\n\t\t\t\t\tkwi\t\t\t\t<\/span>\n\t\t\t<\/div>\n\t\t\t\t\t\t\t\t\t<\/div>\n\t\t\n\t\t<div class=\"wd-post-content article-body-container\">\n\t\t\t\t\t\t\t<div class=\"wd-post-cat wd-style-with-bg meta-post-categories\">\n\t\t\t\t\t<a href=\"https:\/\/bmwblog.pl\/category\/news\/\" rel=\"category tag\">NEWS<\/a>\t\t\t\t<\/div>\n\t\t\t\n\t\t\t\t\t\t\t<h3 class=\"wd-post-title wd-entities-title title post-title\">\n\t\t\t\t\t<a href=\"https:\/\/bmwblog.pl\/5-modeli-bmw-ktore-dzis-kupisz-taniej-a-jutro-zyskasz\/\" rel=\"bookmark\">5 modeli BMW, kt\u00f3re dzi\u015b kupisz taniej, a jutro zyskasz<\/a>\n\t\t\t\t<\/h3>\n\t\t\t\n\t\t\t\t\t\t\t<div class=\"wd-post-meta\">\n\t\t\t\t\t\t\t\t\t\t\t\t\t\t\t<div class=\"wd-post-author\">\n\t\t\t\t\t\t\t\t\t\t\t<span>Posted by<\/span>\n\t\t\n\t\t\t\t\t\t\t\n\t\t\t\t\t<a href=\"https:\/\/bmwblog.pl\/author\/bmwblog-pl\/\" class=\"author\" rel=\"author\">Krystian Wilkosz<\/a>\n\t\t\t\t\t\t\t\t\t<\/div>\n\t\t\t\t\t<div class=\"wd-modified-date\">\n\t\t\t\t\t\t\t\t<time class=\"updated\" datetime=\"2025-04-07T06:11:48+02:00\">\n\t\t\t2025-04-07\t\t<\/time>\n\t\t\t\t\t\t\t<\/div>\n\n\t\t\t\t\t\n\t\t\t\t\t\t\t\t\t\t\t\t\t\t\t\t\t<div class=\"wd-post-reply wd-style-1\">\n\t\t\t\t\t\t\t<a href=\"https:\/\/bmwblog.pl\/5-modeli-bmw-ktore-dzis-kupisz-taniej-a-jutro-zyskasz\/#respond\"><span class=\"wd-replies-count\">0<\/span><\/a>\t\t\t\t\t\t<\/div>\n\t\t\t\t\t\t\t\t\t<\/div>\n\t\t\t\n\t\t\t\t\t\t\t\t\t\t\t\t<div class=\"wd-post-excerpt entry-content\">\n\t\t\t\t\t\tTe BMW maj\u0105 szans\u0119 sta\u0107 si\u0119 kolekcjonerskimi pere\u0142kami\n\n\n\nCzy da si\u0119 po\u0142\u0105czy\u0107 pasj\u0119 do motoryzacji z rozs\u0105dnym inwestowaniem? Oczywi\u015bci...\t\t\t\t\t<\/div>\n\t\t\t\t\n\t\t\t\t\t\t\t\t\t\t\t\t\t\t<div class=\"wd-post-read-more wd-style-link read-more-section\">\n\t\t\t\t\t\t<a class=\"\" href=\"https:\/\/bmwblog.pl\/5-modeli-bmw-ktore-dzis-kupisz-taniej-a-jutro-zyskasz\/\">Czytaj dalej...<\/a>\t\t\t\t\t<\/div>\n\t\t\t\t\t\t\t\t\t\t\t\t\t<\/div>\n\t<\/div>\n<\/article>\n\n\t\t\t\t\t\n\t\t\t\t\t","status":"have-posts","nextPage":"https:\/\/bmwblog.pl\/category\/news\/page\/31\/?woo_ajax=1","currentPage":"https:\/\/bmwblog.pl\/category\/news\/page\/30"}