
			
				

					
				

			
		{"items":"\n\t\t\t\t\t\t\t\t\t\t\t\t\t\t<link rel=\"stylesheet\" id=\"wd-post-types-mod-categories-style-bg-css\" href=\"https:\/\/bmwblog.pl\/wp-content\/themes\/woodmart%208.3.8\/css\/parts\/post-types-mod-categories-style-bg.min.css?ver=8.3.8\" type=\"text\/css\" media=\"all\" \/> \t\t\t\n<article id=\"post-24368\" class=\"wd-post blog-design-masonry blog-post-loop blog-style-bg wd-add-shadow wd-col post-24368 post type-post status-publish format-standard has-post-thumbnail hentry category-news tag-bmw-m tag-bmw-m3 tag-elektryczne-bmw tag-mocne-sedany tag-nurburgring tag-przyszlosc-motoryzacji tag-sportowe-elektryki tag-testy-bmw\">\n\t<div class=\"wd-post-inner article-inner\">\n\t\t\t\t\t<div class=\"wd-post-thumb entry-header\">\n\t\t\t\t\t\t\t\t\t<div class=\"wd-post-img post-img-wrapp\">\n\t\t\t\t\t\t<img width=\"1260\" height=\"710\" src=\"https:\/\/bmwblog.pl\/wp-content\/uploads\/2025\/04\/IMG_6540.webp\" class=\"attachment- size-\" alt=\"Elektryczne BMW M3 debiutuje na torze N\u00fcrburgring\" decoding=\"async\" fetchpriority=\"high\" srcset=\"https:\/\/bmwblog.pl\/wp-content\/uploads\/2025\/04\/IMG_6540.webp 1260w, https:\/\/bmwblog.pl\/wp-content\/uploads\/2025\/04\/IMG_6540-medium.webp 400w, https:\/\/bmwblog.pl\/wp-content\/uploads\/2025\/04\/IMG_6540-768x433.webp 768w, https:\/\/bmwblog.pl\/wp-content\/uploads\/2025\/04\/IMG_6540-430x242.webp 430w, https:\/\/bmwblog.pl\/wp-content\/uploads\/2025\/04\/IMG_6540-700x394.webp 700w, https:\/\/bmwblog.pl\/wp-content\/uploads\/2025\/04\/IMG_6540-150x85.webp 150w\" sizes=\"(max-width: 1260px) 100vw, 1260px\" \/>\t\t\t\t\t<\/div>\n\t\t\t\t\t\t\t\t\t\t<a class=\"wd-fill\" tabindex=\"-1\" href=\"https:\/\/bmwblog.pl\/elektryczne-bmw-m3-debiutuje-na-torze-nurburgring\/\" aria-label=\"Link on post Elektryczne BMW M3 debiutuje na torze N\u00fcrburgring\"><\/a>\n\t\t\t\t\n\t\t\t\t\t\t\t\t\t\t\t\t<link rel=\"stylesheet\" id=\"wd-post-types-mod-date-style-bg-css\" href=\"https:\/\/bmwblog.pl\/wp-content\/themes\/woodmart%208.3.8\/css\/parts\/post-types-mod-date-style-bg.min.css?ver=8.3.8\" type=\"text\/css\" media=\"all\" \/> \t\t\t\t\t\t<div class=\"wd-post-date wd-style-with-bg\">\n\t\t\t\t<span class=\"post-date-day\">\n\t\t\t\t\t03\t\t\t\t<\/span>\n\t\t\t\t<span class=\"post-date-month\">\n\t\t\t\t\tkwi\t\t\t\t<\/span>\n\t\t\t<\/div>\n\t\t\t\t\t\t\t\t\t<\/div>\n\t\t\n\t\t<div class=\"wd-post-content article-body-container\">\n\t\t\t\t\t\t\t<div class=\"wd-post-cat wd-style-with-bg meta-post-categories\">\n\t\t\t\t\t<a href=\"https:\/\/bmwblog.pl\/category\/news\/\" rel=\"category tag\">NEWS<\/a>\t\t\t\t<\/div>\n\t\t\t\n\t\t\t\t\t\t\t<h3 class=\"wd-post-title wd-entities-title title post-title\">\n\t\t\t\t\t<a href=\"https:\/\/bmwblog.pl\/elektryczne-bmw-m3-debiutuje-na-torze-nurburgring\/\" rel=\"bookmark\">Elektryczne BMW M3 debiutuje na torze N\u00fcrburgring<\/a>\n\t\t\t\t<\/h3>\n\t\t\t\n\t\t\t\t\t\t\t<div class=\"wd-post-meta\">\n\t\t\t\t\t\t\t\t\t\t\t\t\t<link rel=\"stylesheet\" id=\"wd-blog-mod-author-css\" href=\"https:\/\/bmwblog.pl\/wp-content\/themes\/woodmart%208.3.8\/css\/parts\/blog-mod-author.min.css?ver=8.3.8\" type=\"text\/css\" media=\"all\" \/> \t\t\t\t\t\t\t\t<div class=\"wd-post-author\">\n\t\t\t\t\t\t\t\t\t\t\t<span>Posted by<\/span>\n\t\t\n\t\t\t\t\t\t\t\n\t\t\t\t\t<a href=\"https:\/\/bmwblog.pl\/author\/bmwblog-pl\/\" class=\"author\" rel=\"author\">Krystian Wilkosz<\/a>\n\t\t\t\t\t\t\t\t\t<\/div>\n\t\t\t\t\t<div class=\"wd-modified-date\">\n\t\t\t\t\t\t\t\t<time class=\"updated\" datetime=\"2025-04-03T00:06:59+02:00\">\n\t\t\t2025-04-03\t\t<\/time>\n\t\t\t\t\t\t\t<\/div>\n\n\t\t\t\t\t\n\t\t\t\t\t\t\t\t\t\t\t\t\t\t<link rel=\"stylesheet\" id=\"wd-blog-mod-comments-button-css\" href=\"https:\/\/bmwblog.pl\/wp-content\/themes\/woodmart%208.3.8\/css\/parts\/blog-mod-comments-button.min.css?ver=8.3.8\" type=\"text\/css\" media=\"all\" \/> \t\t\t\t\t\t\t\t\t<div class=\"wd-post-reply wd-style-1\">\n\t\t\t\t\t\t\t<a href=\"https:\/\/bmwblog.pl\/elektryczne-bmw-m3-debiutuje-na-torze-nurburgring\/#respond\"><span class=\"wd-replies-count\">0<\/span><\/a>\t\t\t\t\t\t<\/div>\n\t\t\t\t\t\t\t\t\t<\/div>\n\t\t\t\n\t\t\t\t\t\t\t\t\t\t\t\t<div class=\"wd-post-excerpt entry-content\">\n\t\t\t\t\t\tBMW intensywnie testuje swoj\u0105 najnowsz\u0105 wersj\u0119&nbsp;BMW M3&nbsp;\u2013 tym razem w pe\u0142ni elektryczn\u0105. Niedawno prototyp tego pojazdu zosta\u0142 ...\t\t\t\t\t<\/div>\n\t\t\t\t\n\t\t\t\t\t\t\t\t\t\t\t\t\t\t<div class=\"wd-post-read-more wd-style-link read-more-section\">\n\t\t\t\t\t\t<a class=\"\" href=\"https:\/\/bmwblog.pl\/elektryczne-bmw-m3-debiutuje-na-torze-nurburgring\/\">Czytaj dalej...<\/a>\t\t\t\t\t<\/div>\n\t\t\t\t\t\t\t\t\t\t\t\t\t<\/div>\n\t<\/div>\n<\/article>\n\n\t\t\t\t\t\t\t\t\t\t\t\n<article id=\"post-24317\" class=\"wd-post blog-design-masonry blog-post-loop blog-style-bg wd-add-shadow wd-col post-24317 post type-post status-publish format-standard has-post-thumbnail hentry category-news\">\n\t<div class=\"wd-post-inner article-inner\">\n\t\t\t\t\t<div class=\"wd-post-thumb entry-header\">\n\t\t\t\t\t\t\t\t\t<div class=\"wd-post-img post-img-wrapp\">\n\t\t\t\t\t\t<img width=\"1280\" height=\"766\" src=\"https:\/\/bmwblog.pl\/wp-content\/uploads\/2025\/03\/IMG-5604.jpeg\" class=\"attachment- size-\" alt=\"50 lat BMW Serii 3: Od E21 do nowego G20\" decoding=\"async\" srcset=\"https:\/\/bmwblog.pl\/wp-content\/uploads\/2025\/03\/IMG-5604.jpeg 1280w, https:\/\/bmwblog.pl\/wp-content\/uploads\/2025\/03\/IMG-5604-medium.jpeg 400w, https:\/\/bmwblog.pl\/wp-content\/uploads\/2025\/03\/IMG-5604-768x460.jpeg 768w, https:\/\/bmwblog.pl\/wp-content\/uploads\/2025\/03\/IMG-5604-430x257.jpeg 430w, https:\/\/bmwblog.pl\/wp-content\/uploads\/2025\/03\/IMG-5604-700x419.jpeg 700w, https:\/\/bmwblog.pl\/wp-content\/uploads\/2025\/03\/IMG-5604-150x90.jpeg 150w\" sizes=\"(max-width: 1280px) 100vw, 1280px\" \/>\t\t\t\t\t<\/div>\n\t\t\t\t\t\t\t\t\t\t<a class=\"wd-fill\" tabindex=\"-1\" href=\"https:\/\/bmwblog.pl\/50-lat-bmw-serii-3-od-e21-do-nowego-g20\/\" aria-label=\"Link on post 50 lat BMW Serii 3: Od E21 do nowego G20\"><\/a>\n\t\t\t\t\n\t\t\t\t\t\t\t\t\t\t\t\t<div class=\"wd-post-date wd-style-with-bg\">\n\t\t\t\t<span class=\"post-date-day\">\n\t\t\t\t\t24\t\t\t\t<\/span>\n\t\t\t\t<span class=\"post-date-month\">\n\t\t\t\t\tmar\t\t\t\t<\/span>\n\t\t\t<\/div>\n\t\t\t\t\t\t\t\t\t<\/div>\n\t\t\n\t\t<div class=\"wd-post-content article-body-container\">\n\t\t\t\t\t\t\t<div class=\"wd-post-cat wd-style-with-bg meta-post-categories\">\n\t\t\t\t\t<a href=\"https:\/\/bmwblog.pl\/category\/news\/\" rel=\"category tag\">NEWS<\/a>\t\t\t\t<\/div>\n\t\t\t\n\t\t\t\t\t\t\t<h3 class=\"wd-post-title wd-entities-title title post-title\">\n\t\t\t\t\t<a href=\"https:\/\/bmwblog.pl\/50-lat-bmw-serii-3-od-e21-do-nowego-g20\/\" rel=\"bookmark\">50 lat BMW Serii 3: Od E21 do nowego G20<\/a>\n\t\t\t\t<\/h3>\n\t\t\t\n\t\t\t\t\t\t\t<div class=\"wd-post-meta\">\n\t\t\t\t\t\t\t\t\t\t\t\t\t\t\t<div class=\"wd-post-author\">\n\t\t\t\t\t\t\t\t\t\t\t<span>Posted by<\/span>\n\t\t\n\t\t\t\t\t\t\t\n\t\t\t\t\t<a href=\"https:\/\/bmwblog.pl\/author\/bmwblog-pl\/\" class=\"author\" rel=\"author\">Krystian Wilkosz<\/a>\n\t\t\t\t\t\t\t\t\t<\/div>\n\t\t\t\t\t<div class=\"wd-modified-date\">\n\t\t\t\t\t\t\t\t<time class=\"updated\" datetime=\"2025-03-24T06:47:04+01:00\">\n\t\t\t2025-03-24\t\t<\/time>\n\t\t\t\t\t\t\t<\/div>\n\n\t\t\t\t\t\n\t\t\t\t\t\t\t\t\t\t\t\t\t\t\t\t\t<div class=\"wd-post-reply wd-style-1\">\n\t\t\t\t\t\t\t<a href=\"https:\/\/bmwblog.pl\/50-lat-bmw-serii-3-od-e21-do-nowego-g20\/#respond\"><span class=\"wd-replies-count\">0<\/span><\/a>\t\t\t\t\t\t<\/div>\n\t\t\t\t\t\t\t\t\t<\/div>\n\t\t\t\n\t\t\t\t\t\t\t\t\t\t\t\t<div class=\"wd-post-excerpt entry-content\">\n\t\t\t\t\t\tGdy BMW zaprezentowa\u0142o Seri\u0119 3 w 1975 roku, niewielu mog\u0142o przewidzie\u0107, \u017ce model ten stanie si\u0119 filarem marki i ikon\u0105 w \u015bwiecie motoryz...\t\t\t\t\t<\/div>\n\t\t\t\t\n\t\t\t\t\t\t\t\t\t\t\t\t\t\t<div class=\"wd-post-read-more wd-style-link read-more-section\">\n\t\t\t\t\t\t<a class=\"\" href=\"https:\/\/bmwblog.pl\/50-lat-bmw-serii-3-od-e21-do-nowego-g20\/\">Czytaj dalej...<\/a>\t\t\t\t\t<\/div>\n\t\t\t\t\t\t\t\t\t\t\t\t\t<\/div>\n\t<\/div>\n<\/article>\n\n\t\t\t\t\t\t\t\t\t\t\t\n<article id=\"post-24299\" class=\"wd-post blog-design-masonry blog-post-loop blog-style-bg wd-add-shadow wd-col post-24299 post type-post status-publish format-standard has-post-thumbnail hentry category-news\">\n\t<div class=\"wd-post-inner article-inner\">\n\t\t\t\t\t<div class=\"wd-post-thumb entry-header\">\n\t\t\t\t\t\t\t\t\t<div class=\"wd-post-img post-img-wrapp\">\n\t\t\t\t\t\t<img width=\"1280\" height=\"858\" src=\"https:\/\/bmwblog.pl\/wp-content\/uploads\/2025\/03\/IMG-5055.jpeg\" class=\"attachment- size-\" alt=\"BMW 2025: Neue Klasse, nowe iX3 i rewolucja w motoryzacji!\" decoding=\"async\" srcset=\"https:\/\/bmwblog.pl\/wp-content\/uploads\/2025\/03\/IMG-5055.jpeg 1280w, https:\/\/bmwblog.pl\/wp-content\/uploads\/2025\/03\/IMG-5055-medium.jpeg 400w, https:\/\/bmwblog.pl\/wp-content\/uploads\/2025\/03\/IMG-5055-large.jpeg 1193w, https:\/\/bmwblog.pl\/wp-content\/uploads\/2025\/03\/IMG-5055-768x515.jpeg 768w, https:\/\/bmwblog.pl\/wp-content\/uploads\/2025\/03\/IMG-5055-430x288.jpeg 430w, https:\/\/bmwblog.pl\/wp-content\/uploads\/2025\/03\/IMG-5055-700x469.jpeg 700w, https:\/\/bmwblog.pl\/wp-content\/uploads\/2025\/03\/IMG-5055-150x101.jpeg 150w\" sizes=\"(max-width: 1280px) 100vw, 1280px\" \/>\t\t\t\t\t<\/div>\n\t\t\t\t\t\t\t\t\t\t<a class=\"wd-fill\" tabindex=\"-1\" href=\"https:\/\/bmwblog.pl\/bmw-2025-neue-klasse-nowe-ix3-i-rewolucja-w-motoryzacji\/\" aria-label=\"Link on post BMW 2025: Neue Klasse, nowe iX3 i rewolucja w motoryzacji!\"><\/a>\n\t\t\t\t\n\t\t\t\t\t\t\t\t\t\t\t\t<div class=\"wd-post-date wd-style-with-bg\">\n\t\t\t\t<span class=\"post-date-day\">\n\t\t\t\t\t16\t\t\t\t<\/span>\n\t\t\t\t<span class=\"post-date-month\">\n\t\t\t\t\tmar\t\t\t\t<\/span>\n\t\t\t<\/div>\n\t\t\t\t\t\t\t\t\t<\/div>\n\t\t\n\t\t<div class=\"wd-post-content article-body-container\">\n\t\t\t\t\t\t\t<div class=\"wd-post-cat wd-style-with-bg meta-post-categories\">\n\t\t\t\t\t<a href=\"https:\/\/bmwblog.pl\/category\/news\/\" rel=\"category tag\">NEWS<\/a>\t\t\t\t<\/div>\n\t\t\t\n\t\t\t\t\t\t\t<h3 class=\"wd-post-title wd-entities-title title post-title\">\n\t\t\t\t\t<a href=\"https:\/\/bmwblog.pl\/bmw-2025-neue-klasse-nowe-ix3-i-rewolucja-w-motoryzacji\/\" rel=\"bookmark\">BMW 2025: Neue Klasse, nowe iX3 i rewolucja w motoryzacji!<\/a>\n\t\t\t\t<\/h3>\n\t\t\t\n\t\t\t\t\t\t\t<div class=\"wd-post-meta\">\n\t\t\t\t\t\t\t\t\t\t\t\t\t\t\t<div class=\"wd-post-author\">\n\t\t\t\t\t\t\t\t\t\t\t<span>Posted by<\/span>\n\t\t\n\t\t\t\t\t\t\t\n\t\t\t\t\t<a href=\"https:\/\/bmwblog.pl\/author\/bmwblog-pl\/\" class=\"author\" rel=\"author\">Krystian Wilkosz<\/a>\n\t\t\t\t\t\t\t\t\t<\/div>\n\t\t\t\t\t<div class=\"wd-modified-date\">\n\t\t\t\t\t\t\t\t<time class=\"updated\" datetime=\"2025-03-16T12:17:29+01:00\">\n\t\t\t2025-03-16\t\t<\/time>\n\t\t\t\t\t\t\t<\/div>\n\n\t\t\t\t\t\n\t\t\t\t\t\t\t\t\t\t\t\t\t\t\t\t\t<div class=\"wd-post-reply wd-style-1\">\n\t\t\t\t\t\t\t<a href=\"https:\/\/bmwblog.pl\/bmw-2025-neue-klasse-nowe-ix3-i-rewolucja-w-motoryzacji\/#respond\"><span class=\"wd-replies-count\">0<\/span><\/a>\t\t\t\t\t\t<\/div>\n\t\t\t\t\t\t\t\t\t<\/div>\n\t\t\t\n\t\t\t\t\t\t\t\t\t\t\t\t<div class=\"wd-post-excerpt entry-content\">\n\t\t\t\t\t\tRok 2025 to pocz\u0105tek nowej ery dla BMW. Marka nie tylko redefiniuje design swoich samochod\u00f3w, ale wprowadza\u00a0zupe\u0142nie now\u0105 platform\u0119 \u2013 N...\t\t\t\t\t<\/div>\n\t\t\t\t\n\t\t\t\t\t\t\t\t\t\t\t\t\t\t<div class=\"wd-post-read-more wd-style-link read-more-section\">\n\t\t\t\t\t\t<a class=\"\" href=\"https:\/\/bmwblog.pl\/bmw-2025-neue-klasse-nowe-ix3-i-rewolucja-w-motoryzacji\/\">Czytaj dalej...<\/a>\t\t\t\t\t<\/div>\n\t\t\t\t\t\t\t\t\t\t\t\t\t<\/div>\n\t<\/div>\n<\/article>\n\n\t\t\t\t\t\t\t\t\t\t\t\n<article id=\"post-24244\" class=\"wd-post blog-design-masonry blog-post-loop blog-style-bg wd-add-shadow wd-col post-24244 post type-post status-publish format-standard has-post-thumbnail hentry category-news\">\n\t<div class=\"wd-post-inner article-inner\">\n\t\t\t\t\t<div class=\"wd-post-thumb entry-header\">\n\t\t\t\t\t\t\t\t\t<div class=\"wd-post-img post-img-wrapp\">\n\t\t\t\t\t\t<img width=\"1280\" height=\"853\" src=\"https:\/\/bmwblog.pl\/wp-content\/uploads\/2025\/03\/IMG-4959.jpeg\" class=\"attachment- size-\" alt=\"50 lat BMW Art Car Collection: Gdzie sztuka spotyka motoryzacj\u0119\" decoding=\"async\" srcset=\"https:\/\/bmwblog.pl\/wp-content\/uploads\/2025\/03\/IMG-4959.jpeg 1280w, https:\/\/bmwblog.pl\/wp-content\/uploads\/2025\/03\/IMG-4959-medium.jpeg 400w, https:\/\/bmwblog.pl\/wp-content\/uploads\/2025\/03\/IMG-4959-large.jpeg 1200w, https:\/\/bmwblog.pl\/wp-content\/uploads\/2025\/03\/IMG-4959-768x512.jpeg 768w, https:\/\/bmwblog.pl\/wp-content\/uploads\/2025\/03\/IMG-4959-430x287.jpeg 430w, https:\/\/bmwblog.pl\/wp-content\/uploads\/2025\/03\/IMG-4959-700x466.jpeg 700w, https:\/\/bmwblog.pl\/wp-content\/uploads\/2025\/03\/IMG-4959-150x100.jpeg 150w\" sizes=\"(max-width: 1280px) 100vw, 1280px\" \/>\t\t\t\t\t<\/div>\n\t\t\t\t\t\t\t\t\t\t<a class=\"wd-fill\" tabindex=\"-1\" href=\"https:\/\/bmwblog.pl\/50-lat-bmw-art-car-wystawa-sztuki-i-motoryzacji\/\" aria-label=\"Link on post 50 lat BMW Art Car: Globalna wystawa sztuki i motoryzacji\"><\/a>\n\t\t\t\t\n\t\t\t\t\t\t\t\t\t\t\t\t<div class=\"wd-post-date wd-style-with-bg\">\n\t\t\t\t<span class=\"post-date-day\">\n\t\t\t\t\t13\t\t\t\t<\/span>\n\t\t\t\t<span class=\"post-date-month\">\n\t\t\t\t\tmar\t\t\t\t<\/span>\n\t\t\t<\/div>\n\t\t\t\t\t\t\t\t\t<\/div>\n\t\t\n\t\t<div class=\"wd-post-content article-body-container\">\n\t\t\t\t\t\t\t<div class=\"wd-post-cat wd-style-with-bg meta-post-categories\">\n\t\t\t\t\t<a href=\"https:\/\/bmwblog.pl\/category\/news\/\" rel=\"category tag\">NEWS<\/a>\t\t\t\t<\/div>\n\t\t\t\n\t\t\t\t\t\t\t<h3 class=\"wd-post-title wd-entities-title title post-title\">\n\t\t\t\t\t<a href=\"https:\/\/bmwblog.pl\/50-lat-bmw-art-car-wystawa-sztuki-i-motoryzacji\/\" rel=\"bookmark\">50 lat BMW Art Car: Globalna wystawa sztuki i motoryzacji<\/a>\n\t\t\t\t<\/h3>\n\t\t\t\n\t\t\t\t\t\t\t<div class=\"wd-post-meta\">\n\t\t\t\t\t\t\t\t\t\t\t\t\t\t\t<div class=\"wd-post-author\">\n\t\t\t\t\t\t\t\t\t\t\t<span>Posted by<\/span>\n\t\t\n\t\t\t\t\t\t\t\n\t\t\t\t\t<a href=\"https:\/\/bmwblog.pl\/author\/bmwblog-pl\/\" class=\"author\" rel=\"author\">Krystian Wilkosz<\/a>\n\t\t\t\t\t\t\t\t\t<\/div>\n\t\t\t\t\t<div class=\"wd-modified-date\">\n\t\t\t\t\t\t\t\t<time class=\"updated\" datetime=\"2025-03-13T07:22:53+01:00\">\n\t\t\t2025-03-13\t\t<\/time>\n\t\t\t\t\t\t\t<\/div>\n\n\t\t\t\t\t\n\t\t\t\t\t\t\t\t\t\t\t\t\t\t\t\t\t<div class=\"wd-post-reply wd-style-1\">\n\t\t\t\t\t\t\t<a href=\"https:\/\/bmwblog.pl\/50-lat-bmw-art-car-wystawa-sztuki-i-motoryzacji\/#respond\"><span class=\"wd-replies-count\">0<\/span><\/a>\t\t\t\t\t\t<\/div>\n\t\t\t\t\t\t\t\t\t<\/div>\n\t\t\t\n\t\t\t\t\t\t\t\t\t\t\t\t<div class=\"wd-post-excerpt entry-content\">\n\t\t\t\t\t\tCo \u0142\u0105czy legendarnych artyst\u00f3w, takich jak Andy Warhol, Jeff Koons, Roy Lichtenstein czy Jenny Holzer, z jedn\u0105 z najbardziej presti\u017cowy...\t\t\t\t\t<\/div>\n\t\t\t\t\n\t\t\t\t\t\t\t\t\t\t\t\t\t\t<div class=\"wd-post-read-more wd-style-link read-more-section\">\n\t\t\t\t\t\t<a class=\"\" href=\"https:\/\/bmwblog.pl\/50-lat-bmw-art-car-wystawa-sztuki-i-motoryzacji\/\">Czytaj dalej...<\/a>\t\t\t\t\t<\/div>\n\t\t\t\t\t\t\t\t\t\t\t\t\t<\/div>\n\t<\/div>\n<\/article>\n\n\t\t\t\t\t\t\t\t\t\t\t\n<article id=\"post-24227\" class=\"wd-post blog-design-masonry blog-post-loop blog-style-bg wd-add-shadow wd-col post-24227 post type-post status-publish format-standard has-post-thumbnail hentry category-news\">\n\t<div class=\"wd-post-inner article-inner\">\n\t\t\t\t\t<div class=\"wd-post-thumb entry-header\">\n\t\t\t\t\t\t\t\t\t<div class=\"wd-post-img post-img-wrapp\">\n\t\t\t\t\t\t<img width=\"1280\" height=\"900\" src=\"https:\/\/bmwblog.pl\/wp-content\/uploads\/2025\/03\/IMG-4829.jpeg\" class=\"attachment- size-\" alt=\"BMW Neue Klasse: Rewolucyjne \u201cSuperm\u00f3zgi\u201d w nowych modelach\" decoding=\"async\" srcset=\"https:\/\/bmwblog.pl\/wp-content\/uploads\/2025\/03\/IMG-4829.jpeg 1280w, https:\/\/bmwblog.pl\/wp-content\/uploads\/2025\/03\/IMG-4829-medium.jpeg 400w, https:\/\/bmwblog.pl\/wp-content\/uploads\/2025\/03\/IMG-4829-large.jpeg 1138w, https:\/\/bmwblog.pl\/wp-content\/uploads\/2025\/03\/IMG-4829-768x540.jpeg 768w, https:\/\/bmwblog.pl\/wp-content\/uploads\/2025\/03\/IMG-4829-430x302.jpeg 430w, https:\/\/bmwblog.pl\/wp-content\/uploads\/2025\/03\/IMG-4829-700x492.jpeg 700w, https:\/\/bmwblog.pl\/wp-content\/uploads\/2025\/03\/IMG-4829-150x105.jpeg 150w\" sizes=\"(max-width: 1280px) 100vw, 1280px\" \/>\t\t\t\t\t<\/div>\n\t\t\t\t\t\t\t\t\t\t<a class=\"wd-fill\" tabindex=\"-1\" href=\"https:\/\/bmwblog.pl\/bmw-neue-klasse-supermozgi-w-nowych-modelach\/\" aria-label=\"Link on post BMW Neue Klasse: Rewolucyjne \u201cSuperm\u00f3zgi\u201d w nowych modelach\"><\/a>\n\t\t\t\t\n\t\t\t\t\t\t\t\t\t\t\t\t<div class=\"wd-post-date wd-style-with-bg\">\n\t\t\t\t<span class=\"post-date-day\">\n\t\t\t\t\t11\t\t\t\t<\/span>\n\t\t\t\t<span class=\"post-date-month\">\n\t\t\t\t\tmar\t\t\t\t<\/span>\n\t\t\t<\/div>\n\t\t\t\t\t\t\t\t\t<\/div>\n\t\t\n\t\t<div class=\"wd-post-content article-body-container\">\n\t\t\t\t\t\t\t<div class=\"wd-post-cat wd-style-with-bg meta-post-categories\">\n\t\t\t\t\t<a href=\"https:\/\/bmwblog.pl\/category\/news\/\" rel=\"category tag\">NEWS<\/a>\t\t\t\t<\/div>\n\t\t\t\n\t\t\t\t\t\t\t<h3 class=\"wd-post-title wd-entities-title title post-title\">\n\t\t\t\t\t<a href=\"https:\/\/bmwblog.pl\/bmw-neue-klasse-supermozgi-w-nowych-modelach\/\" rel=\"bookmark\">BMW Neue Klasse: Rewolucyjne \u201cSuperm\u00f3zgi\u201d w nowych modelach<\/a>\n\t\t\t\t<\/h3>\n\t\t\t\n\t\t\t\t\t\t\t<div class=\"wd-post-meta\">\n\t\t\t\t\t\t\t\t\t\t\t\t\t\t\t<div class=\"wd-post-author\">\n\t\t\t\t\t\t\t\t\t\t\t<span>Posted by<\/span>\n\t\t\n\t\t\t\t\t\t\t\n\t\t\t\t\t<a href=\"https:\/\/bmwblog.pl\/author\/bmwblog-pl\/\" class=\"author\" rel=\"author\">Krystian Wilkosz<\/a>\n\t\t\t\t\t\t\t\t\t<\/div>\n\t\t\t\t\t<div class=\"wd-modified-date\">\n\t\t\t\t\t\t\t\t<time class=\"updated\" datetime=\"2025-03-11T08:37:51+01:00\">\n\t\t\t2025-03-11\t\t<\/time>\n\t\t\t\t\t\t\t<\/div>\n\n\t\t\t\t\t\n\t\t\t\t\t\t\t\t\t\t\t\t\t\t\t\t\t<div class=\"wd-post-reply wd-style-1\">\n\t\t\t\t\t\t\t<a href=\"https:\/\/bmwblog.pl\/bmw-neue-klasse-supermozgi-w-nowych-modelach\/#respond\"><span class=\"wd-replies-count\">0<\/span><\/a>\t\t\t\t\t\t<\/div>\n\t\t\t\t\t\t\t\t\t<\/div>\n\t\t\t\n\t\t\t\t\t\t\t\t\t\t\t\t<div class=\"wd-post-excerpt entry-content\">\n\t\t\t\t\t\tBMW wkracza w przysz\u0142o\u015b\u0107 z prze\u0142omow\u0105 architektur\u0105 cyfrow\u0105, kt\u00f3ra po raz pierwszy zadebiutuje w modelach Neue Klasse. Nowy system opera...\t\t\t\t\t<\/div>\n\t\t\t\t\n\t\t\t\t\t\t\t\t\t\t\t\t\t\t<div class=\"wd-post-read-more wd-style-link read-more-section\">\n\t\t\t\t\t\t<a class=\"\" href=\"https:\/\/bmwblog.pl\/bmw-neue-klasse-supermozgi-w-nowych-modelach\/\">Czytaj dalej...<\/a>\t\t\t\t\t<\/div>\n\t\t\t\t\t\t\t\t\t\t\t\t\t<\/div>\n\t<\/div>\n<\/article>\n\n\t\t\t\t\t\n\t\t\t\t\t","status":"have-posts","nextPage":"https:\/\/bmwblog.pl\/category\/news\/page\/32\/?woo_ajax=1","currentPage":"https:\/\/bmwblog.pl\/category\/news\/page\/31"}