
			
				

					
				

			
		{"items":"\n\t\t\t\t\t\t\t\t\t\t\t\t\t\t<link rel=\"stylesheet\" id=\"wd-post-types-mod-categories-style-bg-css\" href=\"https:\/\/bmwblog.pl\/wp-content\/themes\/woodmart%208.3.8\/css\/parts\/post-types-mod-categories-style-bg.min.css?ver=8.3.8\" type=\"text\/css\" media=\"all\" \/> \t\t\t\n<article id=\"post-24213\" class=\"wd-post blog-design-masonry blog-post-loop blog-style-bg wd-add-shadow wd-col post-24213 post type-post status-publish format-standard has-post-thumbnail hentry category-news\">\n\t<div class=\"wd-post-inner article-inner\">\n\t\t\t\t\t<div class=\"wd-post-thumb entry-header\">\n\t\t\t\t\t\t\t\t\t<div class=\"wd-post-img post-img-wrapp\">\n\t\t\t\t\t\t<img width=\"1280\" height=\"732\" src=\"https:\/\/bmwblog.pl\/wp-content\/uploads\/2025\/03\/IMG-4807-1.jpeg\" class=\"attachment- size-\" alt=\"BMW M5 M Performance \u2013 moc, karbon i adrenalina na drodze\" decoding=\"async\" fetchpriority=\"high\" srcset=\"https:\/\/bmwblog.pl\/wp-content\/uploads\/2025\/03\/IMG-4807-1.jpeg 1280w, https:\/\/bmwblog.pl\/wp-content\/uploads\/2025\/03\/IMG-4807-1-medium.jpeg 400w, https:\/\/bmwblog.pl\/wp-content\/uploads\/2025\/03\/IMG-4807-1-768x439.jpeg 768w, https:\/\/bmwblog.pl\/wp-content\/uploads\/2025\/03\/IMG-4807-1-430x246.jpeg 430w, https:\/\/bmwblog.pl\/wp-content\/uploads\/2025\/03\/IMG-4807-1-700x400.jpeg 700w, https:\/\/bmwblog.pl\/wp-content\/uploads\/2025\/03\/IMG-4807-1-150x86.jpeg 150w\" sizes=\"(max-width: 1280px) 100vw, 1280px\" \/>\t\t\t\t\t<\/div>\n\t\t\t\t\t\t\t\t\t\t<a class=\"wd-fill\" tabindex=\"-1\" href=\"https:\/\/bmwblog.pl\/bmw-m5-m-performance-moc-karbon-i-adrenalina\/\" aria-label=\"Link on post BMW M5 M Performance \u2013 moc, karbon i adrenalina na drodze\"><\/a>\n\t\t\t\t\n\t\t\t\t\t\t\t\t\t\t\t\t<link rel=\"stylesheet\" id=\"wd-post-types-mod-date-style-bg-css\" href=\"https:\/\/bmwblog.pl\/wp-content\/themes\/woodmart%208.3.8\/css\/parts\/post-types-mod-date-style-bg.min.css?ver=8.3.8\" type=\"text\/css\" media=\"all\" \/> \t\t\t\t\t\t<div class=\"wd-post-date wd-style-with-bg\">\n\t\t\t\t<span class=\"post-date-day\">\n\t\t\t\t\t10\t\t\t\t<\/span>\n\t\t\t\t<span class=\"post-date-month\">\n\t\t\t\t\tmar\t\t\t\t<\/span>\n\t\t\t<\/div>\n\t\t\t\t\t\t\t\t\t<\/div>\n\t\t\n\t\t<div class=\"wd-post-content article-body-container\">\n\t\t\t\t\t\t\t<div class=\"wd-post-cat wd-style-with-bg meta-post-categories\">\n\t\t\t\t\t<a href=\"https:\/\/bmwblog.pl\/category\/news\/\" rel=\"category tag\">NEWS<\/a>\t\t\t\t<\/div>\n\t\t\t\n\t\t\t\t\t\t\t<h3 class=\"wd-post-title wd-entities-title title post-title\">\n\t\t\t\t\t<a href=\"https:\/\/bmwblog.pl\/bmw-m5-m-performance-moc-karbon-i-adrenalina\/\" rel=\"bookmark\">BMW M5 M Performance \u2013 moc, karbon i adrenalina na drodze<\/a>\n\t\t\t\t<\/h3>\n\t\t\t\n\t\t\t\t\t\t\t<div class=\"wd-post-meta\">\n\t\t\t\t\t\t\t\t\t\t\t\t\t<link rel=\"stylesheet\" id=\"wd-blog-mod-author-css\" href=\"https:\/\/bmwblog.pl\/wp-content\/themes\/woodmart%208.3.8\/css\/parts\/blog-mod-author.min.css?ver=8.3.8\" type=\"text\/css\" media=\"all\" \/> \t\t\t\t\t\t\t\t<div class=\"wd-post-author\">\n\t\t\t\t\t\t\t\t\t\t\t<span>Posted by<\/span>\n\t\t\n\t\t\t\t\t\t\t\n\t\t\t\t\t<a href=\"https:\/\/bmwblog.pl\/author\/bmwblog-pl\/\" class=\"author\" rel=\"author\">Krystian Wilkosz<\/a>\n\t\t\t\t\t\t\t\t\t<\/div>\n\t\t\t\t\t<div class=\"wd-modified-date\">\n\t\t\t\t\t\t\t\t<time class=\"updated\" datetime=\"2025-03-11T07:28:27+01:00\">\n\t\t\t2025-03-11\t\t<\/time>\n\t\t\t\t\t\t\t<\/div>\n\n\t\t\t\t\t\n\t\t\t\t\t\t\t\t\t\t\t\t\t\t<link rel=\"stylesheet\" id=\"wd-blog-mod-comments-button-css\" href=\"https:\/\/bmwblog.pl\/wp-content\/themes\/woodmart%208.3.8\/css\/parts\/blog-mod-comments-button.min.css?ver=8.3.8\" type=\"text\/css\" media=\"all\" \/> \t\t\t\t\t\t\t\t\t<div class=\"wd-post-reply wd-style-1\">\n\t\t\t\t\t\t\t<a href=\"https:\/\/bmwblog.pl\/bmw-m5-m-performance-moc-karbon-i-adrenalina\/#respond\"><span class=\"wd-replies-count\">0<\/span><\/a>\t\t\t\t\t\t<\/div>\n\t\t\t\t\t\t\t\t\t<\/div>\n\t\t\t\n\t\t\t\t\t\t\t\t\t\t\t\t<div class=\"wd-post-excerpt entry-content\">\n\t\t\t\t\t\tBMW M5 od lat jest synonimem sportowej limuzyny. Teraz, dzi\u0119ki akcesoriom&nbsp;M Performance, ten model osi\u0105ga nowy poziom agresji, aer...\t\t\t\t\t<\/div>\n\t\t\t\t\n\t\t\t\t\t\t\t\t\t\t\t\t\t\t<div class=\"wd-post-read-more wd-style-link read-more-section\">\n\t\t\t\t\t\t<a class=\"\" href=\"https:\/\/bmwblog.pl\/bmw-m5-m-performance-moc-karbon-i-adrenalina\/\">Czytaj dalej...<\/a>\t\t\t\t\t<\/div>\n\t\t\t\t\t\t\t\t\t\t\t\t\t<\/div>\n\t<\/div>\n<\/article>\n\n\t\t\t\t\t\t\t\t\t\t\t\n<article id=\"post-24179\" class=\"wd-post blog-design-masonry blog-post-loop blog-style-bg wd-add-shadow wd-col post-24179 post type-post status-publish format-standard has-post-thumbnail hentry category-ciekawostki category-news tag-bmw tag-bmw-hydrogen tag-elektromobilnosc tag-fcev tag-ogniwa-paliwowe tag-przyszlosc-motoryzacji tag-samochody-elektryczne tag-technologia-wodorowa tag-wodor\">\n\t<div class=\"wd-post-inner article-inner\">\n\t\t\t\t\t<div class=\"wd-post-thumb entry-header\">\n\t\t\t\t\t\t\t\t\t<div class=\"wd-post-img post-img-wrapp\">\n\t\t\t\t\t\t<img width=\"1280\" height=\"896\" src=\"https:\/\/bmwblog.pl\/wp-content\/uploads\/2025\/03\/IMG-4584.jpeg\" class=\"attachment- size-\" alt=\"BMW i wod\u00f3r \u2013 czy technologia FCEV to przysz\u0142o\u015b\u0107 motoryzacji?\" decoding=\"async\" srcset=\"https:\/\/bmwblog.pl\/wp-content\/uploads\/2025\/03\/IMG-4584.jpeg 1280w, https:\/\/bmwblog.pl\/wp-content\/uploads\/2025\/03\/IMG-4584-medium.jpeg 400w, https:\/\/bmwblog.pl\/wp-content\/uploads\/2025\/03\/IMG-4584-large.jpeg 1143w, https:\/\/bmwblog.pl\/wp-content\/uploads\/2025\/03\/IMG-4584-768x538.jpeg 768w, https:\/\/bmwblog.pl\/wp-content\/uploads\/2025\/03\/IMG-4584-430x301.jpeg 430w, https:\/\/bmwblog.pl\/wp-content\/uploads\/2025\/03\/IMG-4584-700x490.jpeg 700w, https:\/\/bmwblog.pl\/wp-content\/uploads\/2025\/03\/IMG-4584-150x105.jpeg 150w\" sizes=\"(max-width: 1280px) 100vw, 1280px\" \/>\t\t\t\t\t<\/div>\n\t\t\t\t\t\t\t\t\t\t<a class=\"wd-fill\" tabindex=\"-1\" href=\"https:\/\/bmwblog.pl\/bmw-i-wodor-rewolucja-fcev-czy-slepa-uliczka\/\" aria-label=\"Link on post BMW i wod\u00f3r \u2013 rewolucja FCEV czy \u015blepa uliczka?\"><\/a>\n\t\t\t\t\n\t\t\t\t\t\t\t\t\t\t\t\t<div class=\"wd-post-date wd-style-with-bg\">\n\t\t\t\t<span class=\"post-date-day\">\n\t\t\t\t\t06\t\t\t\t<\/span>\n\t\t\t\t<span class=\"post-date-month\">\n\t\t\t\t\tmar\t\t\t\t<\/span>\n\t\t\t<\/div>\n\t\t\t\t\t\t\t\t\t<\/div>\n\t\t\n\t\t<div class=\"wd-post-content article-body-container\">\n\t\t\t\t\t\t\t<div class=\"wd-post-cat wd-style-with-bg meta-post-categories\">\n\t\t\t\t\t<a href=\"https:\/\/bmwblog.pl\/category\/ciekawostki\/\" rel=\"category tag\">CIEKAWOSTKI<\/a>, <a href=\"https:\/\/bmwblog.pl\/category\/news\/\" rel=\"category tag\">NEWS<\/a>\t\t\t\t<\/div>\n\t\t\t\n\t\t\t\t\t\t\t<h3 class=\"wd-post-title wd-entities-title title post-title\">\n\t\t\t\t\t<a href=\"https:\/\/bmwblog.pl\/bmw-i-wodor-rewolucja-fcev-czy-slepa-uliczka\/\" rel=\"bookmark\">BMW i wod\u00f3r \u2013 rewolucja FCEV czy \u015blepa uliczka?<\/a>\n\t\t\t\t<\/h3>\n\t\t\t\n\t\t\t\t\t\t\t<div class=\"wd-post-meta\">\n\t\t\t\t\t\t\t\t\t\t\t\t\t\t\t<div class=\"wd-post-author\">\n\t\t\t\t\t\t\t\t\t\t\t<span>Posted by<\/span>\n\t\t\n\t\t\t\t\t\t\t\n\t\t\t\t\t<a href=\"https:\/\/bmwblog.pl\/author\/bmwblog-pl\/\" class=\"author\" rel=\"author\">Krystian Wilkosz<\/a>\n\t\t\t\t\t\t\t\t\t<\/div>\n\t\t\t\t\t<div class=\"wd-modified-date\">\n\t\t\t\t\t\t\t\t<time class=\"updated\" datetime=\"2025-03-08T08:27:59+01:00\">\n\t\t\t2025-03-08\t\t<\/time>\n\t\t\t\t\t\t\t<\/div>\n\n\t\t\t\t\t\n\t\t\t\t\t\t\t\t\t\t\t\t\t\t\t\t\t<div class=\"wd-post-reply wd-style-1\">\n\t\t\t\t\t\t\t<a href=\"https:\/\/bmwblog.pl\/bmw-i-wodor-rewolucja-fcev-czy-slepa-uliczka\/#comments\"><span class=\"wd-replies-count\">1<\/span><\/a>\t\t\t\t\t\t<\/div>\n\t\t\t\t\t\t\t\t\t<\/div>\n\t\t\t\n\t\t\t\t\t\t\t\t\t\t\t\t<div class=\"wd-post-excerpt entry-content\">\n\t\t\t\t\t\tBMW od lat patrzy w przysz\u0142o\u015b\u0107 motoryzacji, a&nbsp;wod\u00f3r&nbsp;jest kluczowym elementem tej wizji. Ju\u017c od&nbsp;45 lat&nbsp;firma prowadz...\t\t\t\t\t<\/div>\n\t\t\t\t\n\t\t\t\t\t\t\t\t\t\t\t\t\t\t<div class=\"wd-post-read-more wd-style-link read-more-section\">\n\t\t\t\t\t\t<a class=\"\" href=\"https:\/\/bmwblog.pl\/bmw-i-wodor-rewolucja-fcev-czy-slepa-uliczka\/\">Czytaj dalej...<\/a>\t\t\t\t\t<\/div>\n\t\t\t\t\t\t\t\t\t\t\t\t\t<\/div>\n\t<\/div>\n<\/article>\n\n\t\t\t\t\t\t\t\t\t\t\t\n<article id=\"post-23994\" class=\"wd-post blog-design-masonry blog-post-loop blog-style-bg wd-add-shadow wd-col post-23994 post type-post status-publish format-standard has-post-thumbnail hentry category-news category-modele tag-bmw-suv tag-bmw-u11 tag-bmw-x1 tag-bmw-x1-2025 tag-bmw-x1-dane-technicze tag-bmw-x1-osiagi\">\n\t<div class=\"wd-post-inner article-inner\">\n\t\t\t\t\t<div class=\"wd-post-thumb entry-header\">\n\t\t\t\t\t\t\t\t\t<div class=\"wd-post-img post-img-wrapp\">\n\t\t\t\t\t\t<img width=\"1024\" height=\"683\" src=\"https:\/\/bmwblog.pl\/wp-content\/uploads\/2025\/02\/IMG-4227.jpeg\" class=\"attachment- size-\" alt=\"BMW X1 (2025): Ceny, Silniki, Opinie, Dane Techniczne\" decoding=\"async\" srcset=\"https:\/\/bmwblog.pl\/wp-content\/uploads\/2025\/02\/IMG-4227.jpeg 1024w, https:\/\/bmwblog.pl\/wp-content\/uploads\/2025\/02\/IMG-4227-medium.jpeg 400w, https:\/\/bmwblog.pl\/wp-content\/uploads\/2025\/02\/IMG-4227-768x512.jpeg 768w, https:\/\/bmwblog.pl\/wp-content\/uploads\/2025\/02\/IMG-4227-430x287.jpeg 430w, https:\/\/bmwblog.pl\/wp-content\/uploads\/2025\/02\/IMG-4227-700x467.jpeg 700w, https:\/\/bmwblog.pl\/wp-content\/uploads\/2025\/02\/IMG-4227-150x100.jpeg 150w\" sizes=\"(max-width: 1024px) 100vw, 1024px\" \/>\t\t\t\t\t<\/div>\n\t\t\t\t\t\t\t\t\t\t<a class=\"wd-fill\" tabindex=\"-1\" href=\"https:\/\/bmwblog.pl\/biuletyn-bmw-x1-2025-wszystko-co-musisz-wiedziec\/\" aria-label=\"Link on post Biuletyn: BMW X1 2025 \u2013 Wszystko, co musisz wiedzie\u0107\"><\/a>\n\t\t\t\t\n\t\t\t\t\t\t\t\t\t\t\t\t<div class=\"wd-post-date wd-style-with-bg\">\n\t\t\t\t<span class=\"post-date-day\">\n\t\t\t\t\t02\t\t\t\t<\/span>\n\t\t\t\t<span class=\"post-date-month\">\n\t\t\t\t\tmar\t\t\t\t<\/span>\n\t\t\t<\/div>\n\t\t\t\t\t\t\t\t\t<\/div>\n\t\t\n\t\t<div class=\"wd-post-content article-body-container\">\n\t\t\t\t\t\t\t<div class=\"wd-post-cat wd-style-with-bg meta-post-categories\">\n\t\t\t\t\t<a href=\"https:\/\/bmwblog.pl\/category\/news\/\" rel=\"category tag\">NEWS<\/a>, <a href=\"https:\/\/bmwblog.pl\/category\/modele\/\" rel=\"category tag\">MODELE<\/a>\t\t\t\t<\/div>\n\t\t\t\n\t\t\t\t\t\t\t<h3 class=\"wd-post-title wd-entities-title title post-title\">\n\t\t\t\t\t<a href=\"https:\/\/bmwblog.pl\/biuletyn-bmw-x1-2025-wszystko-co-musisz-wiedziec\/\" rel=\"bookmark\">Biuletyn: BMW X1 2025 \u2013 Wszystko, co musisz wiedzie\u0107<\/a>\n\t\t\t\t<\/h3>\n\t\t\t\n\t\t\t\t\t\t\t<div class=\"wd-post-meta\">\n\t\t\t\t\t\t\t\t\t\t\t\t\t\t\t<div class=\"wd-post-author\">\n\t\t\t\t\t\t\t\t\t\t\t<span>Posted by<\/span>\n\t\t\n\t\t\t\t\t\t\t\n\t\t\t\t\t<a href=\"https:\/\/bmwblog.pl\/author\/bmwblog-pl\/\" class=\"author\" rel=\"author\">Krystian Wilkosz<\/a>\n\t\t\t\t\t\t\t\t\t<\/div>\n\t\t\t\t\t<div class=\"wd-modified-date\">\n\t\t\t\t\t\t\t\t<time class=\"updated\" datetime=\"2025-03-02T20:12:27+01:00\">\n\t\t\t2025-03-02\t\t<\/time>\n\t\t\t\t\t\t\t<\/div>\n\n\t\t\t\t\t\n\t\t\t\t\t\t\t\t\t\t\t\t\t\t\t\t\t<div class=\"wd-post-reply wd-style-1\">\n\t\t\t\t\t\t\t<a href=\"https:\/\/bmwblog.pl\/biuletyn-bmw-x1-2025-wszystko-co-musisz-wiedziec\/#respond\"><span class=\"wd-replies-count\">0<\/span><\/a>\t\t\t\t\t\t<\/div>\n\t\t\t\t\t\t\t\t\t<\/div>\n\t\t\t\n\t\t\t\t\t\t\t\t\t\t\t\t<div class=\"wd-post-excerpt entry-content\">\n\t\t\t\t\t\tPoznaj nowe BMW X1 (2025)! Sprawd\u017a ceny, dane techniczne, opinie u\u017cytkownik\u00f3w i wybierz idealny silnik dla siebie. Odkryj nowoczesny design i technologie w kompaktowym SUV-ie premium.\n\t\t\t\t\t<\/div>\n\t\t\t\t\n\t\t\t\t\t\t\t\t\t\t\t\t\t\t<div class=\"wd-post-read-more wd-style-link read-more-section\">\n\t\t\t\t\t\t<a class=\"\" href=\"https:\/\/bmwblog.pl\/biuletyn-bmw-x1-2025-wszystko-co-musisz-wiedziec\/\">Czytaj dalej...<\/a>\t\t\t\t\t<\/div>\n\t\t\t\t\t\t\t\t\t\t\t\t\t<\/div>\n\t<\/div>\n<\/article>\n\n\t\t\t\t\t\t\t\t\t\t\t\n<article id=\"post-24102\" class=\"wd-post blog-design-masonry blog-post-loop blog-style-bg wd-add-shadow wd-col post-24102 post type-post status-publish format-standard has-post-thumbnail hentry category-news tag-audi-rs7 tag-bmw-m5 tag-mercedes-amg-gt-63 tag-osiagi-aut tag-supersedany tag-test-porownawczy\">\n\t<div class=\"wd-post-inner article-inner\">\n\t\t\t\t\t<div class=\"wd-post-thumb entry-header\">\n\t\t\t\t\t\t\t\t\t<div class=\"wd-post-img post-img-wrapp\">\n\t\t\t\t\t\t<img width=\"1280\" height=\"722\" src=\"https:\/\/bmwblog.pl\/wp-content\/uploads\/2025\/02\/IMG-4429.jpeg\" class=\"attachment- size-\" alt=\"BMW M5 vs Audi RS7 vs Mercedes-AMG GT 63 \u2013 Kt\u00f3ry supersedan wygrywa?\" decoding=\"async\" srcset=\"https:\/\/bmwblog.pl\/wp-content\/uploads\/2025\/02\/IMG-4429.jpeg 1280w, https:\/\/bmwblog.pl\/wp-content\/uploads\/2025\/02\/IMG-4429-medium.jpeg 400w, https:\/\/bmwblog.pl\/wp-content\/uploads\/2025\/02\/IMG-4429-768x433.jpeg 768w, https:\/\/bmwblog.pl\/wp-content\/uploads\/2025\/02\/IMG-4429-430x243.jpeg 430w, https:\/\/bmwblog.pl\/wp-content\/uploads\/2025\/02\/IMG-4429-700x395.jpeg 700w, https:\/\/bmwblog.pl\/wp-content\/uploads\/2025\/02\/IMG-4429-150x85.jpeg 150w\" sizes=\"(max-width: 1280px) 100vw, 1280px\" \/>\t\t\t\t\t<\/div>\n\t\t\t\t\t\t\t\t\t\t<a class=\"wd-fill\" tabindex=\"-1\" href=\"https:\/\/bmwblog.pl\/bmw-m5-vs-audi-rs7-vs-mercedes-amg-gt-63-ktory-wygra\/\" aria-label=\"Link on post BMW M5 vs RS7 vs AMG GT 63: Kto wygrywa?\"><\/a>\n\t\t\t\t\n\t\t\t\t\t\t\t\t\t\t\t\t<div class=\"wd-post-date wd-style-with-bg\">\n\t\t\t\t<span class=\"post-date-day\">\n\t\t\t\t\t28\t\t\t\t<\/span>\n\t\t\t\t<span class=\"post-date-month\">\n\t\t\t\t\tlut\t\t\t\t<\/span>\n\t\t\t<\/div>\n\t\t\t\t\t\t\t\t\t<\/div>\n\t\t\n\t\t<div class=\"wd-post-content article-body-container\">\n\t\t\t\t\t\t\t<div class=\"wd-post-cat wd-style-with-bg meta-post-categories\">\n\t\t\t\t\t<a href=\"https:\/\/bmwblog.pl\/category\/news\/\" rel=\"category tag\">NEWS<\/a>\t\t\t\t<\/div>\n\t\t\t\n\t\t\t\t\t\t\t<h3 class=\"wd-post-title wd-entities-title title post-title\">\n\t\t\t\t\t<a href=\"https:\/\/bmwblog.pl\/bmw-m5-vs-audi-rs7-vs-mercedes-amg-gt-63-ktory-wygra\/\" rel=\"bookmark\">BMW M5 vs RS7 vs AMG GT 63: Kto wygrywa?<\/a>\n\t\t\t\t<\/h3>\n\t\t\t\n\t\t\t\t\t\t\t<div class=\"wd-post-meta\">\n\t\t\t\t\t\t\t\t\t\t\t\t\t\t\t<div class=\"wd-post-author\">\n\t\t\t\t\t\t\t\t\t\t\t<span>Posted by<\/span>\n\t\t\n\t\t\t\t\t\t\t\n\t\t\t\t\t<a href=\"https:\/\/bmwblog.pl\/author\/bmwblog-pl\/\" class=\"author\" rel=\"author\">Krystian Wilkosz<\/a>\n\t\t\t\t\t\t\t\t\t<\/div>\n\t\t\t\t\t<div class=\"wd-modified-date\">\n\t\t\t\t\t\t\t\t<time class=\"updated\" datetime=\"2025-02-28T00:07:11+01:00\">\n\t\t\t2025-02-28\t\t<\/time>\n\t\t\t\t\t\t\t<\/div>\n\n\t\t\t\t\t\n\t\t\t\t\t\t\t\t\t\t\t\t\t\t\t\t\t<div class=\"wd-post-reply wd-style-1\">\n\t\t\t\t\t\t\t<a href=\"https:\/\/bmwblog.pl\/bmw-m5-vs-audi-rs7-vs-mercedes-amg-gt-63-ktory-wygra\/#respond\"><span class=\"wd-replies-count\">0<\/span><\/a>\t\t\t\t\t\t<\/div>\n\t\t\t\t\t\t\t\t\t<\/div>\n\t\t\t\n\t\t\t\t\t\t\t\t\t\t\t\t<div class=\"wd-post-excerpt entry-content\">\n\t\t\t\t\t\tW tym te\u015bcie por\u00f3wnawczym przygl\u0105damy si\u0119 trzem supersedanom:\u00a0BMW M5 (2024), Audi RS7 Performance oraz Mercedes-AMG GT 63\t\t\t\t\t<\/div>\n\t\t\t\t\n\t\t\t\t\t\t\t\t\t\t\t\t\t\t<div class=\"wd-post-read-more wd-style-link read-more-section\">\n\t\t\t\t\t\t<a class=\"\" href=\"https:\/\/bmwblog.pl\/bmw-m5-vs-audi-rs7-vs-mercedes-amg-gt-63-ktory-wygra\/\">Czytaj dalej...<\/a>\t\t\t\t\t<\/div>\n\t\t\t\t\t\t\t\t\t\t\t\t\t<\/div>\n\t<\/div>\n<\/article>\n\n\t\t\t\t\t\t\t\t\t\t\t\n<article id=\"post-24068\" class=\"wd-post blog-design-masonry blog-post-loop blog-style-bg wd-add-shadow wd-col post-24068 post type-post status-publish format-standard has-post-thumbnail hentry category-news tag-bmw-2025 tag-bmw-i4 tag-bmw-i5 tag-bmw-m3-touring tag-elektryczne-samochody tag-nagrody-motoryzacyjne tag-przyszlosc-motoryzacji\">\n\t<div class=\"wd-post-inner article-inner\">\n\t\t\t\t\t<div class=\"wd-post-thumb entry-header\">\n\t\t\t\t\t\t\t\t\t<div class=\"wd-post-img post-img-wrapp\">\n\t\t\t\t\t\t<img width=\"1280\" height=\"780\" src=\"https:\/\/bmwblog.pl\/wp-content\/uploads\/2025\/02\/IMG-4432.jpeg\" class=\"attachment- size-\" alt=\"BMW 2025: Lawina nagr\u00f3d i dominacja w \u015bwiecie motoryzacji\" decoding=\"async\" srcset=\"https:\/\/bmwblog.pl\/wp-content\/uploads\/2025\/02\/IMG-4432.jpeg 1280w, https:\/\/bmwblog.pl\/wp-content\/uploads\/2025\/02\/IMG-4432-medium.jpeg 400w, https:\/\/bmwblog.pl\/wp-content\/uploads\/2025\/02\/IMG-4432-768x468.jpeg 768w, https:\/\/bmwblog.pl\/wp-content\/uploads\/2025\/02\/IMG-4432-430x262.jpeg 430w, https:\/\/bmwblog.pl\/wp-content\/uploads\/2025\/02\/IMG-4432-700x427.jpeg 700w, https:\/\/bmwblog.pl\/wp-content\/uploads\/2025\/02\/IMG-4432-150x91.jpeg 150w\" sizes=\"(max-width: 1280px) 100vw, 1280px\" \/>\t\t\t\t\t<\/div>\n\t\t\t\t\t\t\t\t\t\t<a class=\"wd-fill\" tabindex=\"-1\" href=\"https:\/\/bmwblog.pl\/bmw-2025-lawina-nagrod-i-dominacja-w-motoryzacji\/\" aria-label=\"Link on post BMW 2025: Lawina nagr\u00f3d i dominacja w \u015bwiecie motoryzacji\"><\/a>\n\t\t\t\t\n\t\t\t\t\t\t\t\t\t\t\t\t<div class=\"wd-post-date wd-style-with-bg\">\n\t\t\t\t<span class=\"post-date-day\">\n\t\t\t\t\t27\t\t\t\t<\/span>\n\t\t\t\t<span class=\"post-date-month\">\n\t\t\t\t\tlut\t\t\t\t<\/span>\n\t\t\t<\/div>\n\t\t\t\t\t\t\t\t\t<\/div>\n\t\t\n\t\t<div class=\"wd-post-content article-body-container\">\n\t\t\t\t\t\t\t<div class=\"wd-post-cat wd-style-with-bg meta-post-categories\">\n\t\t\t\t\t<a href=\"https:\/\/bmwblog.pl\/category\/news\/\" rel=\"category tag\">NEWS<\/a>\t\t\t\t<\/div>\n\t\t\t\n\t\t\t\t\t\t\t<h3 class=\"wd-post-title wd-entities-title title post-title\">\n\t\t\t\t\t<a href=\"https:\/\/bmwblog.pl\/bmw-2025-lawina-nagrod-i-dominacja-w-motoryzacji\/\" rel=\"bookmark\">BMW 2025: Lawina nagr\u00f3d i dominacja w \u015bwiecie motoryzacji<\/a>\n\t\t\t\t<\/h3>\n\t\t\t\n\t\t\t\t\t\t\t<div class=\"wd-post-meta\">\n\t\t\t\t\t\t\t\t\t\t\t\t\t\t\t<div class=\"wd-post-author\">\n\t\t\t\t\t\t\t\t\t\t\t<span>Posted by<\/span>\n\t\t\n\t\t\t\t\t\t\t\n\t\t\t\t\t<a href=\"https:\/\/bmwblog.pl\/author\/bmwblog-pl\/\" class=\"author\" rel=\"author\">Krystian Wilkosz<\/a>\n\t\t\t\t\t\t\t\t\t<\/div>\n\t\t\t\t\t<div class=\"wd-modified-date\">\n\t\t\t\t\t\t\t\t<time class=\"updated\" datetime=\"2025-02-27T11:54:30+01:00\">\n\t\t\t2025-02-27\t\t<\/time>\n\t\t\t\t\t\t\t<\/div>\n\n\t\t\t\t\t\n\t\t\t\t\t\t\t\t\t\t\t\t\t\t\t\t\t<div class=\"wd-post-reply wd-style-1\">\n\t\t\t\t\t\t\t<a href=\"https:\/\/bmwblog.pl\/bmw-2025-lawina-nagrod-i-dominacja-w-motoryzacji\/#respond\"><span class=\"wd-replies-count\">0<\/span><\/a>\t\t\t\t\t\t<\/div>\n\t\t\t\t\t\t\t\t\t<\/div>\n\t\t\t\n\t\t\t\t\t\t\t\t\t\t\t\t<div class=\"wd-post-excerpt entry-content\">\n\t\t\t\t\t\tRok 2025 to dla BMW czas triumf\u00f3w, z mark\u0105 zdobywaj\u0105c\u0105 liczne nagrody za swoje innowacyjne modele.  Dowiedz si\u0119, jak BMW kszta\u0142tuje przysz\u0142o\u015b\u0107. \t\t\t\t\t<\/div>\n\t\t\t\t\n\t\t\t\t\t\t\t\t\t\t\t\t\t\t<div class=\"wd-post-read-more wd-style-link read-more-section\">\n\t\t\t\t\t\t<a class=\"\" href=\"https:\/\/bmwblog.pl\/bmw-2025-lawina-nagrod-i-dominacja-w-motoryzacji\/\">Czytaj dalej...<\/a>\t\t\t\t\t<\/div>\n\t\t\t\t\t\t\t\t\t\t\t\t\t<\/div>\n\t<\/div>\n<\/article>\n\n\t\t\t\t\t\n\t\t\t\t\t","status":"have-posts","nextPage":"https:\/\/bmwblog.pl\/category\/news\/page\/33\/?woo_ajax=1","currentPage":"https:\/\/bmwblog.pl\/category\/news\/page\/32"}