
			
				

					
				

			
		{"items":"\n\t\t\t\t\t\t\t\t\t\t\t\t\t\t<link rel=\"stylesheet\" id=\"wd-post-types-mod-categories-style-bg-css\" href=\"https:\/\/bmwblog.pl\/wp-content\/themes\/woodmart%208.3.8\/css\/parts\/post-types-mod-categories-style-bg.min.css?ver=8.3.8\" type=\"text\/css\" media=\"all\" \/> \t\t\t\n<article id=\"post-24022\" class=\"wd-post blog-design-masonry blog-post-loop blog-style-bg wd-add-shadow wd-col post-24022 post type-post status-publish format-standard has-post-thumbnail hentry category-news category-news-dnia tag-bmw-m tag-bmw-m4-cs-vr46 tag-bmw-motorsport tag-limitowana-edycja tag-m-power tag-motogp tag-sportowe-samochody tag-valentino-rossi\">\n\t<div class=\"wd-post-inner article-inner\">\n\t\t\t\t\t<div class=\"wd-post-thumb entry-header\">\n\t\t\t\t\t\t\t\t\t<div class=\"wd-post-img post-img-wrapp\">\n\t\t\t\t\t\t<img width=\"1024\" height=\"768\" src=\"https:\/\/bmwblog.pl\/wp-content\/uploads\/2025\/02\/IMG-4282.jpeg\" class=\"attachment- size-\" alt=\"BMW M4 CS VR46: Limitowana Edycja Valentino Rossi\" decoding=\"async\" fetchpriority=\"high\" srcset=\"https:\/\/bmwblog.pl\/wp-content\/uploads\/2025\/02\/IMG-4282.jpeg 1024w, https:\/\/bmwblog.pl\/wp-content\/uploads\/2025\/02\/IMG-4282-medium.jpeg 400w, https:\/\/bmwblog.pl\/wp-content\/uploads\/2025\/02\/IMG-4282-768x576.jpeg 768w, https:\/\/bmwblog.pl\/wp-content\/uploads\/2025\/02\/IMG-4282-430x323.jpeg 430w, https:\/\/bmwblog.pl\/wp-content\/uploads\/2025\/02\/IMG-4282-700x525.jpeg 700w, https:\/\/bmwblog.pl\/wp-content\/uploads\/2025\/02\/IMG-4282-150x113.jpeg 150w, https:\/\/bmwblog.pl\/wp-content\/uploads\/2025\/02\/IMG-4282-800x600.jpeg 800w\" sizes=\"(max-width: 1024px) 100vw, 1024px\" \/>\t\t\t\t\t<\/div>\n\t\t\t\t\t\t\t\t\t\t<a class=\"wd-fill\" tabindex=\"-1\" href=\"https:\/\/bmwblog.pl\/bmw-m4-cs-vr46-limitowana-edycja-valentino-rossi\/\" aria-label=\"Link on post BMW M4 CS VR46: Limitowana Edycja Valentino Rossi\"><\/a>\n\t\t\t\t\n\t\t\t\t\t\t\t\t\t\t\t\t<link rel=\"stylesheet\" id=\"wd-post-types-mod-date-style-bg-css\" href=\"https:\/\/bmwblog.pl\/wp-content\/themes\/woodmart%208.3.8\/css\/parts\/post-types-mod-date-style-bg.min.css?ver=8.3.8\" type=\"text\/css\" media=\"all\" \/> \t\t\t\t\t\t<div class=\"wd-post-date wd-style-with-bg\">\n\t\t\t\t<span class=\"post-date-day\">\n\t\t\t\t\t25\t\t\t\t<\/span>\n\t\t\t\t<span class=\"post-date-month\">\n\t\t\t\t\tlut\t\t\t\t<\/span>\n\t\t\t<\/div>\n\t\t\t\t\t\t\t\t\t<\/div>\n\t\t\n\t\t<div class=\"wd-post-content article-body-container\">\n\t\t\t\t\t\t\t<div class=\"wd-post-cat wd-style-with-bg meta-post-categories\">\n\t\t\t\t\t<a href=\"https:\/\/bmwblog.pl\/category\/news\/\" rel=\"category tag\">NEWS<\/a>, <a href=\"https:\/\/bmwblog.pl\/category\/news-dnia\/\" rel=\"category tag\">WYDARZENIE DNIA<\/a>\t\t\t\t<\/div>\n\t\t\t\n\t\t\t\t\t\t\t<h3 class=\"wd-post-title wd-entities-title title post-title\">\n\t\t\t\t\t<a href=\"https:\/\/bmwblog.pl\/bmw-m4-cs-vr46-limitowana-edycja-valentino-rossi\/\" rel=\"bookmark\">BMW M4 CS VR46: Limitowana Edycja Valentino Rossi<\/a>\n\t\t\t\t<\/h3>\n\t\t\t\n\t\t\t\t\t\t\t<div class=\"wd-post-meta\">\n\t\t\t\t\t\t\t\t\t\t\t\t\t<link rel=\"stylesheet\" id=\"wd-blog-mod-author-css\" href=\"https:\/\/bmwblog.pl\/wp-content\/themes\/woodmart%208.3.8\/css\/parts\/blog-mod-author.min.css?ver=8.3.8\" type=\"text\/css\" media=\"all\" \/> \t\t\t\t\t\t\t\t<div class=\"wd-post-author\">\n\t\t\t\t\t\t\t\t\t\t\t<span>Posted by<\/span>\n\t\t\n\t\t\t\t\t\t\t\n\t\t\t\t\t<a href=\"https:\/\/bmwblog.pl\/author\/bmwblog-pl\/\" class=\"author\" rel=\"author\">Krystian Wilkosz<\/a>\n\t\t\t\t\t\t\t\t\t<\/div>\n\t\t\t\t\t<div class=\"wd-modified-date\">\n\t\t\t\t\t\t\t\t<time class=\"updated\" datetime=\"2025-02-25T20:03:17+01:00\">\n\t\t\t2025-02-25\t\t<\/time>\n\t\t\t\t\t\t\t<\/div>\n\n\t\t\t\t\t\n\t\t\t\t\t\t\t\t\t\t\t\t\t\t<link rel=\"stylesheet\" id=\"wd-blog-mod-comments-button-css\" href=\"https:\/\/bmwblog.pl\/wp-content\/themes\/woodmart%208.3.8\/css\/parts\/blog-mod-comments-button.min.css?ver=8.3.8\" type=\"text\/css\" media=\"all\" \/> \t\t\t\t\t\t\t\t\t<div class=\"wd-post-reply wd-style-1\">\n\t\t\t\t\t\t\t<a href=\"https:\/\/bmwblog.pl\/bmw-m4-cs-vr46-limitowana-edycja-valentino-rossi\/#respond\"><span class=\"wd-replies-count\">0<\/span><\/a>\t\t\t\t\t\t<\/div>\n\t\t\t\t\t\t\t\t\t<\/div>\n\t\t\t\n\t\t\t\t\t\t\t\t\t\t\t\t<div class=\"wd-post-excerpt entry-content\">\n\t\t\t\t\t\tAdrenalina, pr\u0119dko\u015b\u0107 i styl \u2013 to BMW M4 CS Edition VR46, limitowana edycja dedykowana legendarnemu Valentino Rossiemu.\t\t\t\t\t<\/div>\n\t\t\t\t\n\t\t\t\t\t\t\t\t\t\t\t\t\t\t<div class=\"wd-post-read-more wd-style-link read-more-section\">\n\t\t\t\t\t\t<a class=\"\" href=\"https:\/\/bmwblog.pl\/bmw-m4-cs-vr46-limitowana-edycja-valentino-rossi\/\">Czytaj dalej...<\/a>\t\t\t\t\t<\/div>\n\t\t\t\t\t\t\t\t\t\t\t\t\t<\/div>\n\t<\/div>\n<\/article>\n\n\t\t\t\t\t\t\t\t\t\t\t\n<article id=\"post-23967\" class=\"wd-post blog-design-masonry blog-post-loop blog-style-bg wd-add-shadow wd-col post-23967 post type-post status-publish format-standard has-post-thumbnail hentry category-ciekawostki category-news tag-bmw tag-bmw-gina tag-bmw-i-vision-dynamics tag-bmw-vision-m-next tag-koncepty-bmw tag-motoryzacja tag-supersamochody\">\n\t<div class=\"wd-post-inner article-inner\">\n\t\t\t\t\t<div class=\"wd-post-thumb entry-header\">\n\t\t\t\t\t\t\t\t\t<div class=\"wd-post-img post-img-wrapp\">\n\t\t\t\t\t\t<img width=\"1185\" height=\"790\" src=\"https:\/\/bmwblog.pl\/wp-content\/uploads\/2025\/02\/IMG-4182.jpeg\" class=\"attachment- size-\" alt=\"TOP 5: Koncepty BMW, Kt\u00f3re Nigdy Nie Powsta\u0142y\" decoding=\"async\" srcset=\"https:\/\/bmwblog.pl\/wp-content\/uploads\/2025\/02\/IMG-4182.jpeg 1185w, https:\/\/bmwblog.pl\/wp-content\/uploads\/2025\/02\/IMG-4182-medium.jpeg 400w, https:\/\/bmwblog.pl\/wp-content\/uploads\/2025\/02\/IMG-4182-768x512.jpeg 768w, https:\/\/bmwblog.pl\/wp-content\/uploads\/2025\/02\/IMG-4182-430x287.jpeg 430w, https:\/\/bmwblog.pl\/wp-content\/uploads\/2025\/02\/IMG-4182-700x467.jpeg 700w, https:\/\/bmwblog.pl\/wp-content\/uploads\/2025\/02\/IMG-4182-150x100.jpeg 150w, https:\/\/bmwblog.pl\/wp-content\/uploads\/2025\/02\/IMG-4182-900x600.jpeg 900w\" sizes=\"(max-width: 1185px) 100vw, 1185px\" \/>\t\t\t\t\t<\/div>\n\t\t\t\t\t\t\t\t\t\t<a class=\"wd-fill\" tabindex=\"-1\" href=\"https:\/\/bmwblog.pl\/top-5-koncepty-bmw-ktore-nigdy-nie-powstaly\/\" aria-label=\"Link on post TOP 5: Koncepty BMW, Kt\u00f3re Nigdy Nie Powsta\u0142y\"><\/a>\n\t\t\t\t\n\t\t\t\t\t\t\t\t\t\t\t\t<div class=\"wd-post-date wd-style-with-bg\">\n\t\t\t\t<span class=\"post-date-day\">\n\t\t\t\t\t23\t\t\t\t<\/span>\n\t\t\t\t<span class=\"post-date-month\">\n\t\t\t\t\tlut\t\t\t\t<\/span>\n\t\t\t<\/div>\n\t\t\t\t\t\t\t\t\t<\/div>\n\t\t\n\t\t<div class=\"wd-post-content article-body-container\">\n\t\t\t\t\t\t\t<div class=\"wd-post-cat wd-style-with-bg meta-post-categories\">\n\t\t\t\t\t<a href=\"https:\/\/bmwblog.pl\/category\/ciekawostki\/\" rel=\"category tag\">CIEKAWOSTKI<\/a>, <a href=\"https:\/\/bmwblog.pl\/category\/news\/\" rel=\"category tag\">NEWS<\/a>\t\t\t\t<\/div>\n\t\t\t\n\t\t\t\t\t\t\t<h3 class=\"wd-post-title wd-entities-title title post-title\">\n\t\t\t\t\t<a href=\"https:\/\/bmwblog.pl\/top-5-koncepty-bmw-ktore-nigdy-nie-powstaly\/\" rel=\"bookmark\">TOP 5: Koncepty BMW, Kt\u00f3re Nigdy Nie Powsta\u0142y<\/a>\n\t\t\t\t<\/h3>\n\t\t\t\n\t\t\t\t\t\t\t<div class=\"wd-post-meta\">\n\t\t\t\t\t\t\t\t\t\t\t\t\t\t\t<div class=\"wd-post-author\">\n\t\t\t\t\t\t\t\t\t\t\t<span>Posted by<\/span>\n\t\t\n\t\t\t\t\t\t\t\n\t\t\t\t\t<a href=\"https:\/\/bmwblog.pl\/author\/bmwblog-pl\/\" class=\"author\" rel=\"author\">Krystian Wilkosz<\/a>\n\t\t\t\t\t\t\t\t\t<\/div>\n\t\t\t\t\t<div class=\"wd-modified-date\">\n\t\t\t\t\t\t\t\t<time class=\"updated\" datetime=\"2026-01-29T19:29:32+01:00\">\n\t\t\t2026-01-29\t\t<\/time>\n\t\t\t\t\t\t\t<\/div>\n\n\t\t\t\t\t\n\t\t\t\t\t\t\t\t\t\t\t\t\t\t\t\t\t<div class=\"wd-post-reply wd-style-1\">\n\t\t\t\t\t\t\t<a href=\"https:\/\/bmwblog.pl\/top-5-koncepty-bmw-ktore-nigdy-nie-powstaly\/#comments\"><span class=\"wd-replies-count\">1<\/span><\/a>\t\t\t\t\t\t<\/div>\n\t\t\t\t\t\t\t\t\t<\/div>\n\t\t\t\n\t\t\t\t\t\t\t\t\t\t\t\t<div class=\"wd-post-excerpt entry-content\">\n\t\t\t\t\t\tOdkryj najbardziej fascynuj\u0105ce koncepty BMW, kt\u00f3re nigdy nie trafi\u0142y na ulice. Poznaj modele takie jak BMW Vision M Next, BMW Vision Next 100, BMW i Vision Dynamics, BMW GINA i wiele innych,\t\t\t\t\t<\/div>\n\t\t\t\t\n\t\t\t\t\t\t\t\t\t\t\t\t\t\t<div class=\"wd-post-read-more wd-style-link read-more-section\">\n\t\t\t\t\t\t<a class=\"\" href=\"https:\/\/bmwblog.pl\/top-5-koncepty-bmw-ktore-nigdy-nie-powstaly\/\">Czytaj dalej...<\/a>\t\t\t\t\t<\/div>\n\t\t\t\t\t\t\t\t\t\t\t\t\t<\/div>\n\t<\/div>\n<\/article>\n\n\t\t\t\t\t\t\t\t\t\t\t\n<article id=\"post-23847\" class=\"wd-post blog-design-masonry blog-post-loop blog-style-bg wd-add-shadow wd-col post-23847 post type-post status-publish format-standard has-post-thumbnail hentry category-news category-news-dnia tag-baterie-gen6 tag-bmw-energy-master tag-bmw-neue-klasse tag-elektromobilnosc tag-elektryczny-uklad-napedowy-gen6 tag-samochody-elektryczne tag-system-800v tag-zrownowazona-produkcja\">\n\t<div class=\"wd-post-inner article-inner\">\n\t\t\t\t\t<div class=\"wd-post-thumb entry-header\">\n\t\t\t\t\t\t\t\t\t<div class=\"wd-post-img post-img-wrapp\">\n\t\t\t\t\t\t<img width=\"1280\" height=\"1024\" src=\"https:\/\/bmwblog.pl\/wp-content\/uploads\/2025\/02\/IMG_4092.webp\" class=\"attachment- size-\" alt=\"BMW Neue Klasse: Elektryczny Prze\u0142om z Systemem 800V\" decoding=\"async\" srcset=\"https:\/\/bmwblog.pl\/wp-content\/uploads\/2025\/02\/IMG_4092.webp 1280w, https:\/\/bmwblog.pl\/wp-content\/uploads\/2025\/02\/IMG_4092-medium.webp 375w, https:\/\/bmwblog.pl\/wp-content\/uploads\/2025\/02\/IMG_4092-large.webp 1000w, https:\/\/bmwblog.pl\/wp-content\/uploads\/2025\/02\/IMG_4092-768x614.webp 768w, https:\/\/bmwblog.pl\/wp-content\/uploads\/2025\/02\/IMG_4092-430x344.webp 430w, https:\/\/bmwblog.pl\/wp-content\/uploads\/2025\/02\/IMG_4092-700x560.webp 700w, https:\/\/bmwblog.pl\/wp-content\/uploads\/2025\/02\/IMG_4092-150x120.webp 150w\" sizes=\"(max-width: 1280px) 100vw, 1280px\" \/>\t\t\t\t\t<\/div>\n\t\t\t\t\t\t\t\t\t\t<a class=\"wd-fill\" tabindex=\"-1\" href=\"https:\/\/bmwblog.pl\/bmw-neue-klasse-elektryczny-przelom-z-systemem-800v\/\" aria-label=\"Link on post BMW Neue Klasse: Elektryczny Prze\u0142om z Systemem 800V\"><\/a>\n\t\t\t\t\n\t\t\t\t\t\t\t\t\t\t\t\t<div class=\"wd-post-date wd-style-with-bg\">\n\t\t\t\t<span class=\"post-date-day\">\n\t\t\t\t\t21\t\t\t\t<\/span>\n\t\t\t\t<span class=\"post-date-month\">\n\t\t\t\t\tlut\t\t\t\t<\/span>\n\t\t\t<\/div>\n\t\t\t\t\t\t\t\t\t<\/div>\n\t\t\n\t\t<div class=\"wd-post-content article-body-container\">\n\t\t\t\t\t\t\t<div class=\"wd-post-cat wd-style-with-bg meta-post-categories\">\n\t\t\t\t\t<a href=\"https:\/\/bmwblog.pl\/category\/news\/\" rel=\"category tag\">NEWS<\/a>, <a href=\"https:\/\/bmwblog.pl\/category\/news-dnia\/\" rel=\"category tag\">WYDARZENIE DNIA<\/a>\t\t\t\t<\/div>\n\t\t\t\n\t\t\t\t\t\t\t<h3 class=\"wd-post-title wd-entities-title title post-title\">\n\t\t\t\t\t<a href=\"https:\/\/bmwblog.pl\/bmw-neue-klasse-elektryczny-przelom-z-systemem-800v\/\" rel=\"bookmark\">BMW Neue Klasse: Elektryczny Prze\u0142om z Systemem 800V<\/a>\n\t\t\t\t<\/h3>\n\t\t\t\n\t\t\t\t\t\t\t<div class=\"wd-post-meta\">\n\t\t\t\t\t\t\t\t\t\t\t\t\t\t\t<div class=\"wd-post-author\">\n\t\t\t\t\t\t\t\t\t\t\t<span>Posted by<\/span>\n\t\t\n\t\t\t\t\t\t\t\n\t\t\t\t\t<a href=\"https:\/\/bmwblog.pl\/author\/bmwblog-pl\/\" class=\"author\" rel=\"author\">Krystian Wilkosz<\/a>\n\t\t\t\t\t\t\t\t\t<\/div>\n\t\t\t\t\t<div class=\"wd-modified-date\">\n\t\t\t\t\t\t\t\t<time class=\"updated\" datetime=\"2025-02-22T07:54:28+01:00\">\n\t\t\t2025-02-22\t\t<\/time>\n\t\t\t\t\t\t\t<\/div>\n\n\t\t\t\t\t\n\t\t\t\t\t\t\t\t\t\t\t\t\t\t\t\t\t<div class=\"wd-post-reply wd-style-1\">\n\t\t\t\t\t\t\t<a href=\"https:\/\/bmwblog.pl\/bmw-neue-klasse-elektryczny-przelom-z-systemem-800v\/#respond\"><span class=\"wd-replies-count\">0<\/span><\/a>\t\t\t\t\t\t<\/div>\n\t\t\t\t\t\t\t\t\t<\/div>\n\t\t\t\n\t\t\t\t\t\t\t\t\t\t\t\t<div class=\"wd-post-excerpt entry-content\">\n\t\t\t\t\t\tNowa generacja BMW Neue Klasse to prze\u0142om w elektromobilno\u015bci. Poznaj technologi\u0119 Gen6, now\u0105 architektur\u0119 baterii i innowacyjne uk\u0142ady nap\u0119dowe. \t\t\t\t\t<\/div>\n\t\t\t\t\n\t\t\t\t\t\t\t\t\t\t\t\t\t\t<div class=\"wd-post-read-more wd-style-link read-more-section\">\n\t\t\t\t\t\t<a class=\"\" href=\"https:\/\/bmwblog.pl\/bmw-neue-klasse-elektryczny-przelom-z-systemem-800v\/\">Czytaj dalej...<\/a>\t\t\t\t\t<\/div>\n\t\t\t\t\t\t\t\t\t\t\t\t\t<\/div>\n\t<\/div>\n<\/article>\n\n\t\t\t\t\t\t\t\t\t\t\t\n<article id=\"post-23794\" class=\"wd-post blog-design-masonry blog-post-loop blog-style-bg wd-add-shadow wd-col post-23794 post type-post status-publish format-standard has-post-thumbnail hentry category-news\">\n\t<div class=\"wd-post-inner article-inner\">\n\t\t\t\t\t<div class=\"wd-post-thumb entry-header\">\n\t\t\t\t\t\t\t\t\t<div class=\"wd-post-img post-img-wrapp\">\n\t\t\t\t\t\t<img width=\"1280\" height=\"875\" src=\"https:\/\/bmwblog.pl\/wp-content\/uploads\/2025\/02\/IMG-3994.jpeg\" class=\"attachment- size-\" alt=\"Biuletyn: Nowe BMW X3 2025 - Wszystko, co musisz wiedzie\u0107\" decoding=\"async\" srcset=\"https:\/\/bmwblog.pl\/wp-content\/uploads\/2025\/02\/IMG-3994.jpeg 1280w, https:\/\/bmwblog.pl\/wp-content\/uploads\/2025\/02\/IMG-3994-medium.jpeg 400w, https:\/\/bmwblog.pl\/wp-content\/uploads\/2025\/02\/IMG-3994-large.jpeg 1170w, https:\/\/bmwblog.pl\/wp-content\/uploads\/2025\/02\/IMG-3994-768x525.jpeg 768w, https:\/\/bmwblog.pl\/wp-content\/uploads\/2025\/02\/IMG-3994-430x294.jpeg 430w, https:\/\/bmwblog.pl\/wp-content\/uploads\/2025\/02\/IMG-3994-700x479.jpeg 700w, https:\/\/bmwblog.pl\/wp-content\/uploads\/2025\/02\/IMG-3994-150x103.jpeg 150w\" sizes=\"(max-width: 1280px) 100vw, 1280px\" \/>\t\t\t\t\t<\/div>\n\t\t\t\t\t\t\t\t\t\t<a class=\"wd-fill\" tabindex=\"-1\" href=\"https:\/\/bmwblog.pl\/biuletyn-nowe-bmw-x3-2025-co-musisz-wiedziec\/\" aria-label=\"Link on post Biuletyn: Nowe BMW X3 2025 &#8211; Wszystko, co musisz wiedzie\u0107\"><\/a>\n\t\t\t\t\n\t\t\t\t\t\t\t\t\t\t\t\t<div class=\"wd-post-date wd-style-with-bg\">\n\t\t\t\t<span class=\"post-date-day\">\n\t\t\t\t\t18\t\t\t\t<\/span>\n\t\t\t\t<span class=\"post-date-month\">\n\t\t\t\t\tlut\t\t\t\t<\/span>\n\t\t\t<\/div>\n\t\t\t\t\t\t\t\t\t<\/div>\n\t\t\n\t\t<div class=\"wd-post-content article-body-container\">\n\t\t\t\t\t\t\t<div class=\"wd-post-cat wd-style-with-bg meta-post-categories\">\n\t\t\t\t\t<a href=\"https:\/\/bmwblog.pl\/category\/news\/\" rel=\"category tag\">NEWS<\/a>\t\t\t\t<\/div>\n\t\t\t\n\t\t\t\t\t\t\t<h3 class=\"wd-post-title wd-entities-title title post-title\">\n\t\t\t\t\t<a href=\"https:\/\/bmwblog.pl\/biuletyn-nowe-bmw-x3-2025-co-musisz-wiedziec\/\" rel=\"bookmark\">Biuletyn: Nowe BMW X3 2025 &#8211; Wszystko, co musisz wiedzie\u0107<\/a>\n\t\t\t\t<\/h3>\n\t\t\t\n\t\t\t\t\t\t\t<div class=\"wd-post-meta\">\n\t\t\t\t\t\t\t\t\t\t\t\t\t\t\t<div class=\"wd-post-author\">\n\t\t\t\t\t\t\t\t\t\t\t<span>Posted by<\/span>\n\t\t\n\t\t\t\t\t\t\t\n\t\t\t\t\t<a href=\"https:\/\/bmwblog.pl\/author\/bmwblog-pl\/\" class=\"author\" rel=\"author\">Krystian Wilkosz<\/a>\n\t\t\t\t\t\t\t\t\t<\/div>\n\t\t\t\t\t<div class=\"wd-modified-date\">\n\t\t\t\t\t\t\t\t<time class=\"updated\" datetime=\"2025-02-18T12:24:18+01:00\">\n\t\t\t2025-02-18\t\t<\/time>\n\t\t\t\t\t\t\t<\/div>\n\n\t\t\t\t\t\n\t\t\t\t\t\t\t\t\t\t\t\t\t\t\t\t\t<div class=\"wd-post-reply wd-style-1\">\n\t\t\t\t\t\t\t<a href=\"https:\/\/bmwblog.pl\/biuletyn-nowe-bmw-x3-2025-co-musisz-wiedziec\/#respond\"><span class=\"wd-replies-count\">0<\/span><\/a>\t\t\t\t\t\t<\/div>\n\t\t\t\t\t\t\t\t\t<\/div>\n\t\t\t\n\t\t\t\t\t\t\t\t\t\t\t\t<div class=\"wd-post-excerpt entry-content\">\n\t\t\t\t\t\tOdkryj now\u0105 generacj\u0119 BMW X3 (G45) \u2013 sportowego SAV, kt\u00f3ry \u0142\u0105czy dynamik\u0119 z komfortem na d\u0142ugich trasach. \t\t\t\t\t<\/div>\n\t\t\t\t\n\t\t\t\t\t\t\t\t\t\t\t\t\t\t<div class=\"wd-post-read-more wd-style-link read-more-section\">\n\t\t\t\t\t\t<a class=\"\" href=\"https:\/\/bmwblog.pl\/biuletyn-nowe-bmw-x3-2025-co-musisz-wiedziec\/\">Czytaj dalej...<\/a>\t\t\t\t\t<\/div>\n\t\t\t\t\t\t\t\t\t\t\t\t\t<\/div>\n\t<\/div>\n<\/article>\n\n\t\t\t\t\t\t\t\t\t\t\t\n<article id=\"post-23774\" class=\"wd-post blog-design-masonry blog-post-loop blog-style-bg wd-add-shadow wd-col post-23774 post type-post status-publish format-standard has-post-thumbnail hentry category-news\">\n\t<div class=\"wd-post-inner article-inner\">\n\t\t\t\t\t<div class=\"wd-post-thumb entry-header\">\n\t\t\t\t\t\t\t\t\t<div class=\"wd-post-img post-img-wrapp\">\n\t\t\t\t\t\t<img width=\"1024\" height=\"790\" src=\"https:\/\/bmwblog.pl\/wp-content\/uploads\/2025\/02\/IMG-3913.jpeg\" class=\"attachment- size-\" alt=\"BMW M3 ZA0 \u2013 Elektryczna Rewolucja w \u015awiecie M!\" decoding=\"async\" srcset=\"https:\/\/bmwblog.pl\/wp-content\/uploads\/2025\/02\/IMG-3913.jpeg 1024w, https:\/\/bmwblog.pl\/wp-content\/uploads\/2025\/02\/IMG-3913-medium.jpeg 389w, https:\/\/bmwblog.pl\/wp-content\/uploads\/2025\/02\/IMG-3913-768x593.jpeg 768w, https:\/\/bmwblog.pl\/wp-content\/uploads\/2025\/02\/IMG-3913-430x332.jpeg 430w, https:\/\/bmwblog.pl\/wp-content\/uploads\/2025\/02\/IMG-3913-700x540.jpeg 700w, https:\/\/bmwblog.pl\/wp-content\/uploads\/2025\/02\/IMG-3913-150x116.jpeg 150w\" sizes=\"(max-width: 1024px) 100vw, 1024px\" \/>\t\t\t\t\t<\/div>\n\t\t\t\t\t\t\t\t\t\t<a class=\"wd-fill\" tabindex=\"-1\" href=\"https:\/\/bmwblog.pl\/bmw-m3-za0-elektryczna-rewolucja-w-swiecie-m\/\" aria-label=\"Link on post BMW M3 ZA0 2026 \u2013 Elektryczna Rewolucja w \u015awiecie M!\"><\/a>\n\t\t\t\t\n\t\t\t\t\t\t\t\t\t\t\t\t<div class=\"wd-post-date wd-style-with-bg\">\n\t\t\t\t<span class=\"post-date-day\">\n\t\t\t\t\t16\t\t\t\t<\/span>\n\t\t\t\t<span class=\"post-date-month\">\n\t\t\t\t\tlut\t\t\t\t<\/span>\n\t\t\t<\/div>\n\t\t\t\t\t\t\t\t\t<\/div>\n\t\t\n\t\t<div class=\"wd-post-content article-body-container\">\n\t\t\t\t\t\t\t<div class=\"wd-post-cat wd-style-with-bg meta-post-categories\">\n\t\t\t\t\t<a href=\"https:\/\/bmwblog.pl\/category\/news\/\" rel=\"category tag\">NEWS<\/a>\t\t\t\t<\/div>\n\t\t\t\n\t\t\t\t\t\t\t<h3 class=\"wd-post-title wd-entities-title title post-title\">\n\t\t\t\t\t<a href=\"https:\/\/bmwblog.pl\/bmw-m3-za0-elektryczna-rewolucja-w-swiecie-m\/\" rel=\"bookmark\">BMW M3 ZA0 2026 \u2013 Elektryczna Rewolucja w \u015awiecie M!<\/a>\n\t\t\t\t<\/h3>\n\t\t\t\n\t\t\t\t\t\t\t<div class=\"wd-post-meta\">\n\t\t\t\t\t\t\t\t\t\t\t\t\t\t\t<div class=\"wd-post-author\">\n\t\t\t\t\t\t\t\t\t\t\t<span>Posted by<\/span>\n\t\t\n\t\t\t\t\t\t\t\n\t\t\t\t\t<a href=\"https:\/\/bmwblog.pl\/author\/bmwblog-pl\/\" class=\"author\" rel=\"author\">Krystian Wilkosz<\/a>\n\t\t\t\t\t\t\t\t\t<\/div>\n\t\t\t\t\t<div class=\"wd-modified-date\">\n\t\t\t\t\t\t\t\t<time class=\"updated\" datetime=\"2025-02-16T16:25:53+01:00\">\n\t\t\t2025-02-16\t\t<\/time>\n\t\t\t\t\t\t\t<\/div>\n\n\t\t\t\t\t\n\t\t\t\t\t\t\t\t\t\t\t\t\t\t\t\t\t<div class=\"wd-post-reply wd-style-1\">\n\t\t\t\t\t\t\t<a href=\"https:\/\/bmwblog.pl\/bmw-m3-za0-elektryczna-rewolucja-w-swiecie-m\/#respond\"><span class=\"wd-replies-count\">0<\/span><\/a>\t\t\t\t\t\t<\/div>\n\t\t\t\t\t\t\t\t\t<\/div>\n\t\t\t\n\t\t\t\t\t\t\t\t\t\t\t\t<div class=\"wd-post-excerpt entry-content\">\n\t\t\t\t\t\t BMW w\u0142a\u015bnie ujawni\u0142o pierwsze szczeg\u00f3\u0142y na temat nowego BMW M3 ZA0\t\t\t\t\t<\/div>\n\t\t\t\t\n\t\t\t\t\t\t\t\t\t\t\t\t\t\t<div class=\"wd-post-read-more wd-style-link read-more-section\">\n\t\t\t\t\t\t<a class=\"\" href=\"https:\/\/bmwblog.pl\/bmw-m3-za0-elektryczna-rewolucja-w-swiecie-m\/\">Czytaj dalej...<\/a>\t\t\t\t\t<\/div>\n\t\t\t\t\t\t\t\t\t\t\t\t\t<\/div>\n\t<\/div>\n<\/article>\n\n\t\t\t\t\t\n\t\t\t\t\t","status":"have-posts","nextPage":"https:\/\/bmwblog.pl\/category\/news\/page\/34\/?woo_ajax=1","currentPage":"https:\/\/bmwblog.pl\/category\/news\/page\/33"}