
			
				

					
				

			
		{"items":"\n\t\t\t\t\t\t\t\t\t\t\t\t\t\t<link rel=\"stylesheet\" id=\"wd-post-types-mod-categories-style-bg-css\" href=\"https:\/\/bmwblog.pl\/wp-content\/themes\/woodmart%208.3.8\/css\/parts\/post-types-mod-categories-style-bg.min.css?ver=8.3.8\" type=\"text\/css\" media=\"all\" \/> \t\t\t\n<article id=\"post-22457\" class=\"wd-post blog-design-masonry blog-post-loop blog-style-bg wd-add-shadow wd-col post-22457 post type-post status-publish format-standard has-post-thumbnail hentry category-news category-akcesoria category-news-dnia tag-bmw-x3-akcesoria tag-bmw-x3-g45 tag-bmw-x3-m-performance\">\n\t<div class=\"wd-post-inner article-inner\">\n\t\t\t\t\t<div class=\"wd-post-thumb entry-header\">\n\t\t\t\t\t\t\t\t\t<div class=\"wd-post-img post-img-wrapp\">\n\t\t\t\t\t\t<img width=\"1125\" height=\"1125\" src=\"https:\/\/bmwblog.pl\/wp-content\/uploads\/2024\/08\/IMG_0097.webp\" class=\"attachment- size-\" alt=\"BMW oficjalnie pokaza\u0142o pakiet M Performance dla nowego modelu BMW X3 G45\" decoding=\"async\" fetchpriority=\"high\" srcset=\"https:\/\/bmwblog.pl\/wp-content\/uploads\/2024\/08\/IMG_0097.webp 1125w, https:\/\/bmwblog.pl\/wp-content\/uploads\/2024\/08\/IMG_0097-430x430.webp 430w, https:\/\/bmwblog.pl\/wp-content\/uploads\/2024\/08\/IMG_0097-small.webp 150w, https:\/\/bmwblog.pl\/wp-content\/uploads\/2024\/08\/IMG_0097-700x700.webp 700w, https:\/\/bmwblog.pl\/wp-content\/uploads\/2024\/08\/IMG_0097-medium.webp 300w, https:\/\/bmwblog.pl\/wp-content\/uploads\/2024\/08\/IMG_0097-large.webp 800w, https:\/\/bmwblog.pl\/wp-content\/uploads\/2024\/08\/IMG_0097-768x768.webp 768w\" sizes=\"(max-width: 1125px) 100vw, 1125px\" \/>\t\t\t\t\t<\/div>\n\t\t\t\t\t\t\t\t\t\t<a class=\"wd-fill\" tabindex=\"-1\" href=\"https:\/\/bmwblog.pl\/bmw-oficjalnie-pokazalo-pakiet-m-performance-dla-nowego-modelu-bmw-x3-g45\/\" aria-label=\"Link on post BMW oficjalnie pokaza\u0142o pakiet M Performance dla nowego modelu BMW X3 G45\"><\/a>\n\t\t\t\t\n\t\t\t\t\t\t\t\t\t\t\t\t<link rel=\"stylesheet\" id=\"wd-post-types-mod-date-style-bg-css\" href=\"https:\/\/bmwblog.pl\/wp-content\/themes\/woodmart%208.3.8\/css\/parts\/post-types-mod-date-style-bg.min.css?ver=8.3.8\" type=\"text\/css\" media=\"all\" \/> \t\t\t\t\t\t<div class=\"wd-post-date wd-style-with-bg\">\n\t\t\t\t<span class=\"post-date-day\">\n\t\t\t\t\t29\t\t\t\t<\/span>\n\t\t\t\t<span class=\"post-date-month\">\n\t\t\t\t\tsie\t\t\t\t<\/span>\n\t\t\t<\/div>\n\t\t\t\t\t\t\t\t\t<\/div>\n\t\t\n\t\t<div class=\"wd-post-content article-body-container\">\n\t\t\t\t\t\t\t<div class=\"wd-post-cat wd-style-with-bg meta-post-categories\">\n\t\t\t\t\t<a href=\"https:\/\/bmwblog.pl\/category\/news\/\" rel=\"category tag\">NEWS<\/a>, <a href=\"https:\/\/bmwblog.pl\/category\/akcesoria\/\" rel=\"category tag\">AKCESORIA<\/a>, <a href=\"https:\/\/bmwblog.pl\/category\/news-dnia\/\" rel=\"category tag\">WYDARZENIE DNIA<\/a>\t\t\t\t<\/div>\n\t\t\t\n\t\t\t\t\t\t\t<h3 class=\"wd-post-title wd-entities-title title post-title\">\n\t\t\t\t\t<a href=\"https:\/\/bmwblog.pl\/bmw-oficjalnie-pokazalo-pakiet-m-performance-dla-nowego-modelu-bmw-x3-g45\/\" rel=\"bookmark\">BMW oficjalnie pokaza\u0142o pakiet M Performance dla nowego modelu BMW X3 G45<\/a>\n\t\t\t\t<\/h3>\n\t\t\t\n\t\t\t\t\t\t\t<div class=\"wd-post-meta\">\n\t\t\t\t\t\t\t\t\t\t\t\t\t<link rel=\"stylesheet\" id=\"wd-blog-mod-author-css\" href=\"https:\/\/bmwblog.pl\/wp-content\/themes\/woodmart%208.3.8\/css\/parts\/blog-mod-author.min.css?ver=8.3.8\" type=\"text\/css\" media=\"all\" \/> \t\t\t\t\t\t\t\t<div class=\"wd-post-author\">\n\t\t\t\t\t\t\t\t\t\t\t<span>Posted by<\/span>\n\t\t\n\t\t\t\t\t\t\t\n\t\t\t\t\t<a href=\"https:\/\/bmwblog.pl\/author\/bmwblog-pl\/\" class=\"author\" rel=\"author\">Krystian Wilkosz<\/a>\n\t\t\t\t\t\t\t\t\t<\/div>\n\t\t\t\t\t<div class=\"wd-modified-date\">\n\t\t\t\t\t\t\t\t<time class=\"updated\" datetime=\"2025-02-08T00:24:09+01:00\">\n\t\t\t2025-02-08\t\t<\/time>\n\t\t\t\t\t\t\t<\/div>\n\n\t\t\t\t\t\n\t\t\t\t\t\t\t\t\t\t\t\t\t\t<link rel=\"stylesheet\" id=\"wd-blog-mod-comments-button-css\" href=\"https:\/\/bmwblog.pl\/wp-content\/themes\/woodmart%208.3.8\/css\/parts\/blog-mod-comments-button.min.css?ver=8.3.8\" type=\"text\/css\" media=\"all\" \/> \t\t\t\t\t\t\t\t\t<div class=\"wd-post-reply wd-style-1\">\n\t\t\t\t\t\t\t<a href=\"https:\/\/bmwblog.pl\/bmw-oficjalnie-pokazalo-pakiet-m-performance-dla-nowego-modelu-bmw-x3-g45\/#respond\"><span class=\"wd-replies-count\">0<\/span><\/a>\t\t\t\t\t\t<\/div>\n\t\t\t\t\t\t\t\t\t<\/div>\n\t\t\t\n\t\t\t\t\t\t\t\t\t\t\t\t<div class=\"wd-post-excerpt entry-content\">\n\t\t\t\t\t\tPoni\u017cej zdj\u0119cia: \n\n\n\n\n     \n\n\n\n\n\u0179r\u00f3d\u0142o: BMW\t\t\t\t\t<\/div>\n\t\t\t\t\n\t\t\t\t\t\t\t\t\t\t\t\t\t\t<div class=\"wd-post-read-more wd-style-link read-more-section\">\n\t\t\t\t\t\t<a class=\"\" href=\"https:\/\/bmwblog.pl\/bmw-oficjalnie-pokazalo-pakiet-m-performance-dla-nowego-modelu-bmw-x3-g45\/\">Czytaj dalej...<\/a>\t\t\t\t\t<\/div>\n\t\t\t\t\t\t\t\t\t\t\t\t\t<\/div>\n\t<\/div>\n<\/article>\n\n\t\t\t\t\t\t\t\t\t\t\t\n<article id=\"post-22448\" class=\"wd-post blog-design-masonry blog-post-loop blog-style-bg wd-add-shadow wd-col post-22448 post type-post status-publish format-standard has-post-thumbnail hentry category-news category-news-dnia tag-bmw-2-gc-2025 tag-bmw-2-gran-coupe tag-bmw-2-premiera-2024\">\n\t<div class=\"wd-post-inner article-inner\">\n\t\t\t\t\t<div class=\"wd-post-thumb entry-header\">\n\t\t\t\t\t\t\t\t\t<div class=\"wd-post-img post-img-wrapp\">\n\t\t\t\t\t\t<img width=\"1024\" height=\"600\" src=\"https:\/\/bmwblog.pl\/wp-content\/uploads\/2024\/08\/IMG-0491.jpeg\" class=\"attachment- size-\" alt=\"Wyciek\u0142y zdj\u0119cia: BMW 2 Gran Coupe 2025\" decoding=\"async\" srcset=\"https:\/\/bmwblog.pl\/wp-content\/uploads\/2024\/08\/IMG-0491.jpeg 1024w, https:\/\/bmwblog.pl\/wp-content\/uploads\/2024\/08\/IMG-0491-430x252.jpeg 430w, https:\/\/bmwblog.pl\/wp-content\/uploads\/2024\/08\/IMG-0491-150x88.jpeg 150w, https:\/\/bmwblog.pl\/wp-content\/uploads\/2024\/08\/IMG-0491-700x410.jpeg 700w, https:\/\/bmwblog.pl\/wp-content\/uploads\/2024\/08\/IMG-0491-medium.jpeg 400w, https:\/\/bmwblog.pl\/wp-content\/uploads\/2024\/08\/IMG-0491-768x450.jpeg 768w\" sizes=\"(max-width: 1024px) 100vw, 1024px\" \/>\t\t\t\t\t<\/div>\n\t\t\t\t\t\t\t\t\t\t<a class=\"wd-fill\" tabindex=\"-1\" href=\"https:\/\/bmwblog.pl\/wyciekly-zdjecia-bmw-2-gran-coupe-2025\/\" aria-label=\"Link on post Wyciek\u0142y zdj\u0119cia: BMW 2 Gran Coupe 2025\"><\/a>\n\t\t\t\t\n\t\t\t\t\t\t\t\t\t\t\t\t<div class=\"wd-post-date wd-style-with-bg\">\n\t\t\t\t<span class=\"post-date-day\">\n\t\t\t\t\t09\t\t\t\t<\/span>\n\t\t\t\t<span class=\"post-date-month\">\n\t\t\t\t\tsie\t\t\t\t<\/span>\n\t\t\t<\/div>\n\t\t\t\t\t\t\t\t\t<\/div>\n\t\t\n\t\t<div class=\"wd-post-content article-body-container\">\n\t\t\t\t\t\t\t<div class=\"wd-post-cat wd-style-with-bg meta-post-categories\">\n\t\t\t\t\t<a href=\"https:\/\/bmwblog.pl\/category\/news\/\" rel=\"category tag\">NEWS<\/a>, <a href=\"https:\/\/bmwblog.pl\/category\/news-dnia\/\" rel=\"category tag\">WYDARZENIE DNIA<\/a>\t\t\t\t<\/div>\n\t\t\t\n\t\t\t\t\t\t\t<h3 class=\"wd-post-title wd-entities-title title post-title\">\n\t\t\t\t\t<a href=\"https:\/\/bmwblog.pl\/wyciekly-zdjecia-bmw-2-gran-coupe-2025\/\" rel=\"bookmark\">Wyciek\u0142y zdj\u0119cia: BMW 2 Gran Coupe 2025<\/a>\n\t\t\t\t<\/h3>\n\t\t\t\n\t\t\t\t\t\t\t<div class=\"wd-post-meta\">\n\t\t\t\t\t\t\t\t\t\t\t\t\t\t\t<div class=\"wd-post-author\">\n\t\t\t\t\t\t\t\t\t\t\t<span>Posted by<\/span>\n\t\t\n\t\t\t\t\t\t\t\n\t\t\t\t\t<a href=\"https:\/\/bmwblog.pl\/author\/bmwblog-pl\/\" class=\"author\" rel=\"author\">Krystian Wilkosz<\/a>\n\t\t\t\t\t\t\t\t\t<\/div>\n\t\t\t\t\t<div class=\"wd-modified-date\">\n\t\t\t\t\t\t\t\t<time class=\"updated\" datetime=\"2025-02-08T00:24:05+01:00\">\n\t\t\t2025-02-08\t\t<\/time>\n\t\t\t\t\t\t\t<\/div>\n\n\t\t\t\t\t\n\t\t\t\t\t\t\t\t\t\t\t\t\t\t\t\t\t<div class=\"wd-post-reply wd-style-1\">\n\t\t\t\t\t\t\t<a href=\"https:\/\/bmwblog.pl\/wyciekly-zdjecia-bmw-2-gran-coupe-2025\/#respond\"><span class=\"wd-replies-count\">0<\/span><\/a>\t\t\t\t\t\t<\/div>\n\t\t\t\t\t\t\t\t\t<\/div>\n\t\t\t\n\t\t\t\t\t\t\t\t\t\t\t\t<div class=\"wd-post-excerpt entry-content\">\n\t\t\t\t\t\tW sieci pojawi\u0142y si\u0119 zdj\u0119cia nadchodz\u0105cego modelu na rok 2025:\t\t\t\t\t<\/div>\n\t\t\t\t\n\t\t\t\t\t\t\t\t\t\t\t\t\t\t<div class=\"wd-post-read-more wd-style-link read-more-section\">\n\t\t\t\t\t\t<a class=\"\" href=\"https:\/\/bmwblog.pl\/wyciekly-zdjecia-bmw-2-gran-coupe-2025\/\">Czytaj dalej...<\/a>\t\t\t\t\t<\/div>\n\t\t\t\t\t\t\t\t\t\t\t\t\t<\/div>\n\t<\/div>\n<\/article>\n\n\t\t\t\t\t\t\t\t\t\t\t\n<article id=\"post-22329\" class=\"wd-post blog-design-masonry blog-post-loop blog-style-bg wd-add-shadow wd-col post-22329 post type-post status-publish format-standard has-post-thumbnail hentry category-spy category-news category-news-dnia\">\n\t<div class=\"wd-post-inner article-inner\">\n\t\t\t\t\t<div class=\"wd-post-thumb entry-header\">\n\t\t\t\t\t\t\t\t\t<div class=\"wd-post-img post-img-wrapp\">\n\t\t\t\t\t\t<img width=\"1024\" height=\"578\" src=\"https:\/\/bmwblog.pl\/wp-content\/uploads\/2024\/07\/IMG-8323.jpeg\" class=\"attachment- size-\" alt=\"Tajemniczy prototyp BMW pojawi\u0142 si\u0119 na zdj\u0119ciach szpiegowskich\" decoding=\"async\" srcset=\"https:\/\/bmwblog.pl\/wp-content\/uploads\/2024\/07\/IMG-8323.jpeg 1024w, https:\/\/bmwblog.pl\/wp-content\/uploads\/2024\/07\/IMG-8323-430x243.jpeg 430w, https:\/\/bmwblog.pl\/wp-content\/uploads\/2024\/07\/IMG-8323-150x85.jpeg 150w, https:\/\/bmwblog.pl\/wp-content\/uploads\/2024\/07\/IMG-8323-700x395.jpeg 700w, https:\/\/bmwblog.pl\/wp-content\/uploads\/2024\/07\/IMG-8323-medium.jpeg 400w, https:\/\/bmwblog.pl\/wp-content\/uploads\/2024\/07\/IMG-8323-768x434.jpeg 768w\" sizes=\"(max-width: 1024px) 100vw, 1024px\" \/>\t\t\t\t\t<\/div>\n\t\t\t\t\t\t\t\t\t\t<a class=\"wd-fill\" tabindex=\"-1\" href=\"https:\/\/bmwblog.pl\/tajemniczy-prototyp-bmw-pojawil-sie-na-zdjeciach-szpiegowskich\/\" aria-label=\"Link on post Tajemniczy prototyp BMW pojawi\u0142 si\u0119 na zdj\u0119ciach szpiegowskich\"><\/a>\n\t\t\t\t\n\t\t\t\t\t\t\t\t\t\t\t\t<div class=\"wd-post-date wd-style-with-bg\">\n\t\t\t\t<span class=\"post-date-day\">\n\t\t\t\t\t05\t\t\t\t<\/span>\n\t\t\t\t<span class=\"post-date-month\">\n\t\t\t\t\tlip\t\t\t\t<\/span>\n\t\t\t<\/div>\n\t\t\t\t\t\t\t\t\t<\/div>\n\t\t\n\t\t<div class=\"wd-post-content article-body-container\">\n\t\t\t\t\t\t\t<div class=\"wd-post-cat wd-style-with-bg meta-post-categories\">\n\t\t\t\t\t<a href=\"https:\/\/bmwblog.pl\/category\/spy\/\" rel=\"category tag\">SPY SHOTS<\/a>, <a href=\"https:\/\/bmwblog.pl\/category\/news\/\" rel=\"category tag\">NEWS<\/a>, <a href=\"https:\/\/bmwblog.pl\/category\/news-dnia\/\" rel=\"category tag\">WYDARZENIE DNIA<\/a>\t\t\t\t<\/div>\n\t\t\t\n\t\t\t\t\t\t\t<h3 class=\"wd-post-title wd-entities-title title post-title\">\n\t\t\t\t\t<a href=\"https:\/\/bmwblog.pl\/tajemniczy-prototyp-bmw-pojawil-sie-na-zdjeciach-szpiegowskich\/\" rel=\"bookmark\">Tajemniczy prototyp BMW pojawi\u0142 si\u0119 na zdj\u0119ciach szpiegowskich<\/a>\n\t\t\t\t<\/h3>\n\t\t\t\n\t\t\t\t\t\t\t<div class=\"wd-post-meta\">\n\t\t\t\t\t\t\t\t\t\t\t\t\t\t\t<div class=\"wd-post-author\">\n\t\t\t\t\t\t\t\t\t\t\t<span>Posted by<\/span>\n\t\t\n\t\t\t\t\t\t\t\n\t\t\t\t\t<a href=\"https:\/\/bmwblog.pl\/author\/bmwblog-pl\/\" class=\"author\" rel=\"author\">Krystian Wilkosz<\/a>\n\t\t\t\t\t\t\t\t\t<\/div>\n\t\t\t\t\t<div class=\"wd-modified-date\">\n\t\t\t\t\t\t\t\t<time class=\"updated\" datetime=\"2025-02-08T00:23:14+01:00\">\n\t\t\t2025-02-08\t\t<\/time>\n\t\t\t\t\t\t\t<\/div>\n\n\t\t\t\t\t\n\t\t\t\t\t\t\t\t\t\t\t\t\t\t\t\t\t<div class=\"wd-post-reply wd-style-1\">\n\t\t\t\t\t\t\t<a href=\"https:\/\/bmwblog.pl\/tajemniczy-prototyp-bmw-pojawil-sie-na-zdjeciach-szpiegowskich\/#respond\"><span class=\"wd-replies-count\">0<\/span><\/a>\t\t\t\t\t\t<\/div>\n\t\t\t\t\t\t\t\t\t<\/div>\n\t\t\t\n\t\t\t\t\t\t\t\t\t\t\t\t<div class=\"wd-post-excerpt entry-content\">\n\t\t\t\t\t\tPrototyp ma sylwetk\u0119 przypominaj\u0105c\u0105 modele BMW Neue Klasse, ale r\u00f3\u017cni si\u0119 od nowego j\u0119zyka projektowania BMW. Wskazuje na to ograniczon...\t\t\t\t\t<\/div>\n\t\t\t\t\n\t\t\t\t\t\t\t\t\t\t\t\t\t\t<div class=\"wd-post-read-more wd-style-link read-more-section\">\n\t\t\t\t\t\t<a class=\"\" href=\"https:\/\/bmwblog.pl\/tajemniczy-prototyp-bmw-pojawil-sie-na-zdjeciach-szpiegowskich\/\">Czytaj dalej...<\/a>\t\t\t\t\t<\/div>\n\t\t\t\t\t\t\t\t\t\t\t\t\t<\/div>\n\t<\/div>\n<\/article>\n\n\t\t\t\t\t\t\t\t\t\t\t\n<article id=\"post-22240\" class=\"wd-post blog-design-masonry blog-post-loop blog-style-bg wd-add-shadow wd-col post-22240 post type-post status-publish format-standard has-post-thumbnail hentry category-news-dnia category-news\">\n\t<div class=\"wd-post-inner article-inner\">\n\t\t\t\t\t<div class=\"wd-post-thumb entry-header\">\n\t\t\t\t\t\t\t\t\t<div class=\"wd-post-img post-img-wrapp\">\n\t\t\t\t\t\t<img width=\"1180\" height=\"864\" src=\"https:\/\/bmwblog.pl\/wp-content\/uploads\/2024\/06\/IMG_8072.webp\" class=\"attachment- size-\" alt=\"\u015aWIATOWA PREMIERA: Nowe BMW M5 2025 \ud83d\udd25\" decoding=\"async\" srcset=\"https:\/\/bmwblog.pl\/wp-content\/uploads\/2024\/06\/IMG_8072.webp 1180w, https:\/\/bmwblog.pl\/wp-content\/uploads\/2024\/06\/IMG_8072-430x315.webp 430w, https:\/\/bmwblog.pl\/wp-content\/uploads\/2024\/06\/IMG_8072-150x110.webp 150w, https:\/\/bmwblog.pl\/wp-content\/uploads\/2024\/06\/IMG_8072-700x513.webp 700w, https:\/\/bmwblog.pl\/wp-content\/uploads\/2024\/06\/IMG_8072-medium.webp 400w, https:\/\/bmwblog.pl\/wp-content\/uploads\/2024\/06\/IMG_8072-large.webp 1093w, https:\/\/bmwblog.pl\/wp-content\/uploads\/2024\/06\/IMG_8072-768x562.webp 768w\" sizes=\"(max-width: 1180px) 100vw, 1180px\" \/>\t\t\t\t\t<\/div>\n\t\t\t\t\t\t\t\t\t\t<a class=\"wd-fill\" tabindex=\"-1\" href=\"https:\/\/bmwblog.pl\/swiatowa-premiera-nowe-bmw-m5-2025-%f0%9f%94%a5\/\" aria-label=\"Link on post \u015aWIATOWA PREMIERA: Nowe BMW M5 2025 \ud83d\udd25\"><\/a>\n\t\t\t\t\n\t\t\t\t\t\t\t\t\t\t\t\t<div class=\"wd-post-date wd-style-with-bg\">\n\t\t\t\t<span class=\"post-date-day\">\n\t\t\t\t\t26\t\t\t\t<\/span>\n\t\t\t\t<span class=\"post-date-month\">\n\t\t\t\t\tcze\t\t\t\t<\/span>\n\t\t\t<\/div>\n\t\t\t\t\t\t\t\t\t<\/div>\n\t\t\n\t\t<div class=\"wd-post-content article-body-container\">\n\t\t\t\t\t\t\t<div class=\"wd-post-cat wd-style-with-bg meta-post-categories\">\n\t\t\t\t\t<a href=\"https:\/\/bmwblog.pl\/category\/news-dnia\/\" rel=\"category tag\">WYDARZENIE DNIA<\/a>, <a href=\"https:\/\/bmwblog.pl\/category\/news\/\" rel=\"category tag\">NEWS<\/a>\t\t\t\t<\/div>\n\t\t\t\n\t\t\t\t\t\t\t<h3 class=\"wd-post-title wd-entities-title title post-title\">\n\t\t\t\t\t<a href=\"https:\/\/bmwblog.pl\/swiatowa-premiera-nowe-bmw-m5-2025-%f0%9f%94%a5\/\" rel=\"bookmark\">\u015aWIATOWA PREMIERA: Nowe BMW M5 2025 \ud83d\udd25<\/a>\n\t\t\t\t<\/h3>\n\t\t\t\n\t\t\t\t\t\t\t<div class=\"wd-post-meta\">\n\t\t\t\t\t\t\t\t\t\t\t\t\t\t\t<div class=\"wd-post-author\">\n\t\t\t\t\t\t\t\t\t\t\t<span>Posted by<\/span>\n\t\t\n\t\t\t\t\t\t\t\n\t\t\t\t\t<a href=\"https:\/\/bmwblog.pl\/author\/bmwblog-pl\/\" class=\"author\" rel=\"author\">Krystian Wilkosz<\/a>\n\t\t\t\t\t\t\t\t\t<\/div>\n\t\t\t\t\t<div class=\"wd-modified-date\">\n\t\t\t\t\t\t\t\t<time class=\"updated\" datetime=\"2025-02-08T00:22:39+01:00\">\n\t\t\t2025-02-08\t\t<\/time>\n\t\t\t\t\t\t\t<\/div>\n\n\t\t\t\t\t\n\t\t\t\t\t\t\t\t\t\t\t\t\t\t\t\t\t<div class=\"wd-post-reply wd-style-1\">\n\t\t\t\t\t\t\t<a href=\"https:\/\/bmwblog.pl\/swiatowa-premiera-nowe-bmw-m5-2025-%f0%9f%94%a5\/#respond\"><span class=\"wd-replies-count\">0<\/span><\/a>\t\t\t\t\t\t<\/div>\n\t\t\t\t\t\t\t\t\t<\/div>\n\t\t\t\n\t\t\t\t\t\t\t\t\t\t\t\t<div class=\"wd-post-excerpt entry-content\">\n\t\t\t\t\t\tBMW oficjalnie zaprezentowa\u0142o najnowszy model M5 2025. Podstawowe dane:\n\n\n\nNap\u0119d hybrydowy\n\n\n\nNowe BMW M5 jest hybryd\u0105 typu plug-in. Sk...\t\t\t\t\t<\/div>\n\t\t\t\t\n\t\t\t\t\t\t\t\t\t\t\t\t\t\t<div class=\"wd-post-read-more wd-style-link read-more-section\">\n\t\t\t\t\t\t<a class=\"\" href=\"https:\/\/bmwblog.pl\/swiatowa-premiera-nowe-bmw-m5-2025-%f0%9f%94%a5\/\">Czytaj dalej...<\/a>\t\t\t\t\t<\/div>\n\t\t\t\t\t\t\t\t\t\t\t\t\t<\/div>\n\t<\/div>\n<\/article>\n\n\t\t\t\t\t\t\t\t\t\t\t\n<article id=\"post-22215\" class=\"wd-post blog-design-masonry blog-post-loop blog-style-bg wd-add-shadow wd-col post-22215 post type-post status-publish format-standard has-post-thumbnail hentry category-news category-news-dnia tag-bmw-x3-2025 tag-bmw-x3-g45 tag-bmw-x3-m50 tag-bmw-x3-nowy-model tag-bmw-x3-premiera\">\n\t<div class=\"wd-post-inner article-inner\">\n\t\t\t\t\t<div class=\"wd-post-thumb entry-header\">\n\t\t\t\t\t\t\t\t\t<div class=\"wd-post-img post-img-wrapp\">\n\t\t\t\t\t\t<img width=\"1180\" height=\"885\" src=\"https:\/\/bmwblog.pl\/wp-content\/uploads\/2024\/06\/IMG_7976.webp\" class=\"attachment- size-\" alt=\"GALERIA: Nowe BMW X3 2025\" decoding=\"async\" srcset=\"https:\/\/bmwblog.pl\/wp-content\/uploads\/2024\/06\/IMG_7976.webp 1180w, https:\/\/bmwblog.pl\/wp-content\/uploads\/2024\/06\/IMG_7976-430x323.webp 430w, https:\/\/bmwblog.pl\/wp-content\/uploads\/2024\/06\/IMG_7976-150x113.webp 150w, https:\/\/bmwblog.pl\/wp-content\/uploads\/2024\/06\/IMG_7976-700x525.webp 700w, https:\/\/bmwblog.pl\/wp-content\/uploads\/2024\/06\/IMG_7976-medium.webp 400w, https:\/\/bmwblog.pl\/wp-content\/uploads\/2024\/06\/IMG_7976-large.webp 1067w, https:\/\/bmwblog.pl\/wp-content\/uploads\/2024\/06\/IMG_7976-768x576.webp 768w\" sizes=\"(max-width: 1180px) 100vw, 1180px\" \/>\t\t\t\t\t<\/div>\n\t\t\t\t\t\t\t\t\t\t<a class=\"wd-fill\" tabindex=\"-1\" href=\"https:\/\/bmwblog.pl\/swiatowa-premiera-bmw-prezentuje-model-x3-g45-na-razie-bez-wersji-elektrycznej\/\" aria-label=\"Link on post \u015aWIATOWA PREMIERA: BMW prezentuje model X3 G45 na razie bez wersji elektrycznej\"><\/a>\n\t\t\t\t\n\t\t\t\t\t\t\t\t\t\t\t\t<div class=\"wd-post-date wd-style-with-bg\">\n\t\t\t\t<span class=\"post-date-day\">\n\t\t\t\t\t19\t\t\t\t<\/span>\n\t\t\t\t<span class=\"post-date-month\">\n\t\t\t\t\tcze\t\t\t\t<\/span>\n\t\t\t<\/div>\n\t\t\t\t\t\t\t\t\t<\/div>\n\t\t\n\t\t<div class=\"wd-post-content article-body-container\">\n\t\t\t\t\t\t\t<div class=\"wd-post-cat wd-style-with-bg meta-post-categories\">\n\t\t\t\t\t<a href=\"https:\/\/bmwblog.pl\/category\/news\/\" rel=\"category tag\">NEWS<\/a>, <a href=\"https:\/\/bmwblog.pl\/category\/news-dnia\/\" rel=\"category tag\">WYDARZENIE DNIA<\/a>\t\t\t\t<\/div>\n\t\t\t\n\t\t\t\t\t\t\t<h3 class=\"wd-post-title wd-entities-title title post-title\">\n\t\t\t\t\t<a href=\"https:\/\/bmwblog.pl\/swiatowa-premiera-bmw-prezentuje-model-x3-g45-na-razie-bez-wersji-elektrycznej\/\" rel=\"bookmark\">\u015aWIATOWA PREMIERA: BMW prezentuje model X3 G45 na razie bez wersji elektrycznej<\/a>\n\t\t\t\t<\/h3>\n\t\t\t\n\t\t\t\t\t\t\t<div class=\"wd-post-meta\">\n\t\t\t\t\t\t\t\t\t\t\t\t\t\t\t<div class=\"wd-post-author\">\n\t\t\t\t\t\t\t\t\t\t\t<span>Posted by<\/span>\n\t\t\n\t\t\t\t\t\t\t\n\t\t\t\t\t<a href=\"https:\/\/bmwblog.pl\/author\/bmwblog-pl\/\" class=\"author\" rel=\"author\">Krystian Wilkosz<\/a>\n\t\t\t\t\t\t\t\t\t<\/div>\n\t\t\t\t\t<div class=\"wd-modified-date\">\n\t\t\t\t\t\t\t\t<time class=\"updated\" datetime=\"2025-02-08T00:20:16+01:00\">\n\t\t\t2025-02-08\t\t<\/time>\n\t\t\t\t\t\t\t<\/div>\n\n\t\t\t\t\t\n\t\t\t\t\t\t\t\t\t\t\t\t\t\t\t\t\t<div class=\"wd-post-reply wd-style-1\">\n\t\t\t\t\t\t\t<a href=\"https:\/\/bmwblog.pl\/swiatowa-premiera-bmw-prezentuje-model-x3-g45-na-razie-bez-wersji-elektrycznej\/#respond\"><span class=\"wd-replies-count\">0<\/span><\/a>\t\t\t\t\t\t<\/div>\n\t\t\t\t\t\t\t\t\t<\/div>\n\t\t\t\n\t\t\t\t\t\t\t\t\t\t\t\t<div class=\"wd-post-excerpt entry-content\">\n\t\t\t\t\t\tNowy BMW X3 G45 b\u0119dzie czwart\u0105 generacj\u0105 tego popularnego crossovera. Cho\u0107 wi\u0119kszo\u015b\u0107 przysz\u0142ych modeli BMW b\u0119dzie mia\u0142a pewne wsp\u00f3lne e...\t\t\t\t\t<\/div>\n\t\t\t\t\n\t\t\t\t\t\t\t\t\t\t\t\t\t\t<div class=\"wd-post-read-more wd-style-link read-more-section\">\n\t\t\t\t\t\t<a class=\"\" href=\"https:\/\/bmwblog.pl\/swiatowa-premiera-bmw-prezentuje-model-x3-g45-na-razie-bez-wersji-elektrycznej\/\">Czytaj dalej...<\/a>\t\t\t\t\t<\/div>\n\t\t\t\t\t\t\t\t\t\t\t\t\t<\/div>\n\t<\/div>\n<\/article>\n\n\t\t\t\t\t\n\t\t\t\t\t","status":"have-posts","nextPage":"https:\/\/bmwblog.pl\/category\/news\/page\/38\/?woo_ajax=1","currentPage":"https:\/\/bmwblog.pl\/category\/news\/page\/37"}