
			
				

					
				

			
		{"items":"\n\t\t\t\t\t\t\t\t\t\t\t\t\t\t<link rel=\"stylesheet\" id=\"wd-post-types-mod-categories-style-bg-css\" href=\"https:\/\/bmwblog.pl\/wp-content\/themes\/woodmart%208.3.8\/css\/parts\/post-types-mod-categories-style-bg.min.css?ver=8.3.8\" type=\"text\/css\" media=\"all\" \/> \t\t\t\n<article id=\"post-22158\" class=\"wd-post blog-design-masonry blog-post-loop blog-style-bg wd-add-shadow wd-col post-22158 post type-post status-publish format-standard has-post-thumbnail hentry category-news\">\n\t<div class=\"wd-post-inner article-inner\">\n\t\t\t\t\t<div class=\"wd-post-thumb entry-header\">\n\t\t\t\t\t\t\t\t\t<div class=\"wd-post-img post-img-wrapp\">\n\t\t\t\t\t\t<img width=\"1176\" height=\"1470\" src=\"https:\/\/bmwblog.pl\/wp-content\/uploads\/2024\/06\/IMG_7855.webp\" class=\"attachment- size-\" alt=\"Od\u015bwie\u017cenie modelowe: BMW serii 2 na rok 2024 dostaje nowe wn\u0119trze i now\u0105 technologi\u0119\" decoding=\"async\" fetchpriority=\"high\" srcset=\"https:\/\/bmwblog.pl\/wp-content\/uploads\/2024\/06\/IMG_7855.webp 1176w, https:\/\/bmwblog.pl\/wp-content\/uploads\/2024\/06\/IMG_7855-430x538.webp 430w, https:\/\/bmwblog.pl\/wp-content\/uploads\/2024\/06\/IMG_7855-150x188.webp 150w, https:\/\/bmwblog.pl\/wp-content\/uploads\/2024\/06\/IMG_7855-700x875.webp 700w, https:\/\/bmwblog.pl\/wp-content\/uploads\/2024\/06\/IMG_7855-medium.webp 240w, https:\/\/bmwblog.pl\/wp-content\/uploads\/2024\/06\/IMG_7855-large.webp 640w, https:\/\/bmwblog.pl\/wp-content\/uploads\/2024\/06\/IMG_7855-768x960.webp 768w\" sizes=\"(max-width: 1176px) 100vw, 1176px\" \/>\t\t\t\t\t<\/div>\n\t\t\t\t\t\t\t\t\t\t<a class=\"wd-fill\" tabindex=\"-1\" href=\"https:\/\/bmwblog.pl\/odswiezenie-modelowe-bmw-serii-2-na-rok-2024-dostaje-nowe-wnetrze-i-nowa-technologie\/\" aria-label=\"Link on post Od\u015bwie\u017cenie modelowe: BMW serii 2 na rok 2024 dostaje nowe wn\u0119trze i technologi\u0119\"><\/a>\n\t\t\t\t\n\t\t\t\t\t\t\t\t\t\t\t\t<link rel=\"stylesheet\" id=\"wd-post-types-mod-date-style-bg-css\" href=\"https:\/\/bmwblog.pl\/wp-content\/themes\/woodmart%208.3.8\/css\/parts\/post-types-mod-date-style-bg.min.css?ver=8.3.8\" type=\"text\/css\" media=\"all\" \/> \t\t\t\t\t\t<div class=\"wd-post-date wd-style-with-bg\">\n\t\t\t\t<span class=\"post-date-day\">\n\t\t\t\t\t13\t\t\t\t<\/span>\n\t\t\t\t<span class=\"post-date-month\">\n\t\t\t\t\tcze\t\t\t\t<\/span>\n\t\t\t<\/div>\n\t\t\t\t\t\t\t\t\t<\/div>\n\t\t\n\t\t<div class=\"wd-post-content article-body-container\">\n\t\t\t\t\t\t\t<div class=\"wd-post-cat wd-style-with-bg meta-post-categories\">\n\t\t\t\t\t<a href=\"https:\/\/bmwblog.pl\/category\/news\/\" rel=\"category tag\">NEWS<\/a>\t\t\t\t<\/div>\n\t\t\t\n\t\t\t\t\t\t\t<h3 class=\"wd-post-title wd-entities-title title post-title\">\n\t\t\t\t\t<a href=\"https:\/\/bmwblog.pl\/odswiezenie-modelowe-bmw-serii-2-na-rok-2024-dostaje-nowe-wnetrze-i-nowa-technologie\/\" rel=\"bookmark\">Od\u015bwie\u017cenie modelowe: BMW serii 2 na rok 2024 dostaje nowe wn\u0119trze i technologi\u0119<\/a>\n\t\t\t\t<\/h3>\n\t\t\t\n\t\t\t\t\t\t\t<div class=\"wd-post-meta\">\n\t\t\t\t\t\t\t\t\t\t\t\t\t<link rel=\"stylesheet\" id=\"wd-blog-mod-author-css\" href=\"https:\/\/bmwblog.pl\/wp-content\/themes\/woodmart%208.3.8\/css\/parts\/blog-mod-author.min.css?ver=8.3.8\" type=\"text\/css\" media=\"all\" \/> \t\t\t\t\t\t\t\t<div class=\"wd-post-author\">\n\t\t\t\t\t\t\t\t\t\t\t<span>Posted by<\/span>\n\t\t\n\t\t\t\t\t\t\t\n\t\t\t\t\t<a href=\"https:\/\/bmwblog.pl\/author\/bmwblog-pl\/\" class=\"author\" rel=\"author\">Krystian Wilkosz<\/a>\n\t\t\t\t\t\t\t\t\t<\/div>\n\t\t\t\t\t<div class=\"wd-modified-date\">\n\t\t\t\t\t\t\t\t<time class=\"updated\" datetime=\"2025-02-08T00:18:16+01:00\">\n\t\t\t2025-02-08\t\t<\/time>\n\t\t\t\t\t\t\t<\/div>\n\n\t\t\t\t\t\n\t\t\t\t\t\t\t\t\t\t\t\t\t\t<link rel=\"stylesheet\" id=\"wd-blog-mod-comments-button-css\" href=\"https:\/\/bmwblog.pl\/wp-content\/themes\/woodmart%208.3.8\/css\/parts\/blog-mod-comments-button.min.css?ver=8.3.8\" type=\"text\/css\" media=\"all\" \/> \t\t\t\t\t\t\t\t\t<div class=\"wd-post-reply wd-style-1\">\n\t\t\t\t\t\t\t<a href=\"https:\/\/bmwblog.pl\/odswiezenie-modelowe-bmw-serii-2-na-rok-2024-dostaje-nowe-wnetrze-i-nowa-technologie\/#respond\"><span class=\"wd-replies-count\">0<\/span><\/a>\t\t\t\t\t\t<\/div>\n\t\t\t\t\t\t\t\t\t<\/div>\n\t\t\t\n\t\t\t\t\t\t\t\t\t\t\t\t<div class=\"wd-post-excerpt entry-content\">\n\t\t\t\t\t\tOto najwa\u017cniejsze zmiany w od\u015bwie\u017conym modelu BMW 2 na rok 2024:\n\n\n\n\nWn\u0119trze i technologia: Nowe wn\u0119trze z przeprojektowan\u0105 desk\u0105 rozdz...\t\t\t\t\t<\/div>\n\t\t\t\t\n\t\t\t\t\t\t\t\t\t\t\t\t\t\t<div class=\"wd-post-read-more wd-style-link read-more-section\">\n\t\t\t\t\t\t<a class=\"\" href=\"https:\/\/bmwblog.pl\/odswiezenie-modelowe-bmw-serii-2-na-rok-2024-dostaje-nowe-wnetrze-i-nowa-technologie\/\">Czytaj dalej...<\/a>\t\t\t\t\t<\/div>\n\t\t\t\t\t\t\t\t\t\t\t\t\t<\/div>\n\t<\/div>\n<\/article>\n\n\t\t\t\t\t\t\t\t\t\t\t\n<article id=\"post-22133\" class=\"wd-post blog-design-masonry blog-post-loop blog-style-bg wd-add-shadow wd-col post-22133 post type-post status-publish format-standard has-post-thumbnail hentry category-news-dnia category-news tag-bmw-m2-2025 tag-bmw-m2-g87 tag-jaka-moc-w-bmw-m2 tag-m2-g87 tag-moc-w-bmw-m2-2024 tag-nowe-bmw-m2 tag-odswiezone-bmw-m2 tag-zdjecia-bmw-m2\">\n\t<div class=\"wd-post-inner article-inner\">\n\t\t\t\t\t<div class=\"wd-post-thumb entry-header\">\n\t\t\t\t\t\t\t\t\t<div class=\"wd-post-img post-img-wrapp\">\n\t\t\t\t\t\t<img width=\"1180\" height=\"885\" src=\"https:\/\/bmwblog.pl\/wp-content\/uploads\/2024\/06\/img-13-1718251621905.webp\" class=\"attachment- size-\" alt=\"Od\u015bwie\u017cenie BMW M2 G87: najmniejszy model M dostaje wi\u0119cej mocy i kolory na rok 2024\" decoding=\"async\" srcset=\"https:\/\/bmwblog.pl\/wp-content\/uploads\/2024\/06\/img-13-1718251621905.webp 1180w, https:\/\/bmwblog.pl\/wp-content\/uploads\/2024\/06\/img-13-1718251621905-430x323.webp 430w, https:\/\/bmwblog.pl\/wp-content\/uploads\/2024\/06\/img-13-1718251621905-150x113.webp 150w, https:\/\/bmwblog.pl\/wp-content\/uploads\/2024\/06\/img-13-1718251621905-700x525.webp 700w, https:\/\/bmwblog.pl\/wp-content\/uploads\/2024\/06\/img-13-1718251621905-medium.webp 400w, https:\/\/bmwblog.pl\/wp-content\/uploads\/2024\/06\/img-13-1718251621905-large.webp 1067w, https:\/\/bmwblog.pl\/wp-content\/uploads\/2024\/06\/img-13-1718251621905-768x576.webp 768w\" sizes=\"(max-width: 1180px) 100vw, 1180px\" \/>\t\t\t\t\t<\/div>\n\t\t\t\t\t\t\t\t\t\t<a class=\"wd-fill\" tabindex=\"-1\" href=\"https:\/\/bmwblog.pl\/odswiezenie-bmw-m2-g87-najmniejszy-model-m-dostaje-wiecej-mocy-i-kolory-na-rok-2024\/\" aria-label=\"Link on post Od\u015bwie\u017cenie BMW M2 G87: Najmniejszy model M dostaje wi\u0119cej mocy i kolory na rok 2024\"><\/a>\n\t\t\t\t\n\t\t\t\t\t\t\t\t\t\t\t\t<div class=\"wd-post-date wd-style-with-bg\">\n\t\t\t\t<span class=\"post-date-day\">\n\t\t\t\t\t13\t\t\t\t<\/span>\n\t\t\t\t<span class=\"post-date-month\">\n\t\t\t\t\tcze\t\t\t\t<\/span>\n\t\t\t<\/div>\n\t\t\t\t\t\t\t\t\t<\/div>\n\t\t\n\t\t<div class=\"wd-post-content article-body-container\">\n\t\t\t\t\t\t\t<div class=\"wd-post-cat wd-style-with-bg meta-post-categories\">\n\t\t\t\t\t<a href=\"https:\/\/bmwblog.pl\/category\/news-dnia\/\" rel=\"category tag\">WYDARZENIE DNIA<\/a>, <a href=\"https:\/\/bmwblog.pl\/category\/news\/\" rel=\"category tag\">NEWS<\/a>\t\t\t\t<\/div>\n\t\t\t\n\t\t\t\t\t\t\t<h3 class=\"wd-post-title wd-entities-title title post-title\">\n\t\t\t\t\t<a href=\"https:\/\/bmwblog.pl\/odswiezenie-bmw-m2-g87-najmniejszy-model-m-dostaje-wiecej-mocy-i-kolory-na-rok-2024\/\" rel=\"bookmark\">Od\u015bwie\u017cenie BMW M2 G87: Najmniejszy model M dostaje wi\u0119cej mocy i kolory na rok 2024<\/a>\n\t\t\t\t<\/h3>\n\t\t\t\n\t\t\t\t\t\t\t<div class=\"wd-post-meta\">\n\t\t\t\t\t\t\t\t\t\t\t\t\t\t\t<div class=\"wd-post-author\">\n\t\t\t\t\t\t\t\t\t\t\t<span>Posted by<\/span>\n\t\t\n\t\t\t\t\t\t\t\n\t\t\t\t\t<a href=\"https:\/\/bmwblog.pl\/author\/bmwblog-pl\/\" class=\"author\" rel=\"author\">Krystian Wilkosz<\/a>\n\t\t\t\t\t\t\t\t\t<\/div>\n\t\t\t\t\t<div class=\"wd-modified-date\">\n\t\t\t\t\t\t\t\t<time class=\"updated\" datetime=\"2025-02-08T00:16:12+01:00\">\n\t\t\t2025-02-08\t\t<\/time>\n\t\t\t\t\t\t\t<\/div>\n\n\t\t\t\t\t\n\t\t\t\t\t\t\t\t\t\t\t\t\t\t\t\t\t<div class=\"wd-post-reply wd-style-1\">\n\t\t\t\t\t\t\t<a href=\"https:\/\/bmwblog.pl\/odswiezenie-bmw-m2-g87-najmniejszy-model-m-dostaje-wiecej-mocy-i-kolory-na-rok-2024\/#respond\"><span class=\"wd-replies-count\">0<\/span><\/a>\t\t\t\t\t\t<\/div>\n\t\t\t\t\t\t\t\t\t<\/div>\n\t\t\t\n\t\t\t\t\t\t\t\t\t\t\t\t<div class=\"wd-post-excerpt entry-content\">\n\t\t\t\t\t\tOto najwa\u017cniejsze zmiany w od\u015bwie\u017conym modelu BMW M2 na rok 2024:\n\n\n\n\nWi\u0119ksza moc: Silnik S58 rz\u0119dowego sze\u015bciocylindrowca zwi\u0119kszy\u0142 sw...\t\t\t\t\t<\/div>\n\t\t\t\t\n\t\t\t\t\t\t\t\t\t\t\t\t\t\t<div class=\"wd-post-read-more wd-style-link read-more-section\">\n\t\t\t\t\t\t<a class=\"\" href=\"https:\/\/bmwblog.pl\/odswiezenie-bmw-m2-g87-najmniejszy-model-m-dostaje-wiecej-mocy-i-kolory-na-rok-2024\/\">Czytaj dalej...<\/a>\t\t\t\t\t<\/div>\n\t\t\t\t\t\t\t\t\t\t\t\t\t<\/div>\n\t<\/div>\n<\/article>\n\n\t\t\t\t\t\t\t\t\t\t\t\n<article id=\"post-22128\" class=\"wd-post blog-design-masonry blog-post-loop blog-style-bg wd-add-shadow wd-col post-22128 post type-post status-publish format-standard has-post-thumbnail hentry category-news-dnia category-news tag-bmw-m5-2024 tag-bmw-m5-2025 tag-bmw-m5-osiagi tag-bmw-m5-premiera tag-moc-bmw-m5-2024 tag-nowe-bmw-m5\">\n\t<div class=\"wd-post-inner article-inner\">\n\t\t\t\t\t<div class=\"wd-post-thumb entry-header\">\n\t\t\t\t\t\t\t\t\t<div class=\"wd-post-img post-img-wrapp\">\n\t\t\t\t\t\t<img width=\"820\" height=\"1024\" src=\"https:\/\/bmwblog.pl\/wp-content\/uploads\/2024\/06\/IMG-7837.jpeg\" class=\"attachment- size-\" alt=\"Automatycznie zapisany szkic\" decoding=\"async\" srcset=\"https:\/\/bmwblog.pl\/wp-content\/uploads\/2024\/06\/IMG-7837.jpeg 820w, https:\/\/bmwblog.pl\/wp-content\/uploads\/2024\/06\/IMG-7837-430x537.jpeg 430w, https:\/\/bmwblog.pl\/wp-content\/uploads\/2024\/06\/IMG-7837-150x187.jpeg 150w, https:\/\/bmwblog.pl\/wp-content\/uploads\/2024\/06\/IMG-7837-700x874.jpeg 700w, https:\/\/bmwblog.pl\/wp-content\/uploads\/2024\/06\/IMG-7837-medium.jpeg 240w, https:\/\/bmwblog.pl\/wp-content\/uploads\/2024\/06\/IMG-7837-large.jpeg 641w, https:\/\/bmwblog.pl\/wp-content\/uploads\/2024\/06\/IMG-7837-768x959.jpeg 768w\" sizes=\"(max-width: 820px) 100vw, 820px\" \/>\t\t\t\t\t<\/div>\n\t\t\t\t\t\t\t\t\t\t<a class=\"wd-fill\" tabindex=\"-1\" href=\"https:\/\/bmwblog.pl\/przelomowa-moc-w-ukryciu-zbliza-sie-bmw-m5-2025\/\" aria-label=\"Link on post Prze\u0142omowa Moc w ukryciu: Zbli\u017ca si\u0119 BMW M5 2025\"><\/a>\n\t\t\t\t\n\t\t\t\t\t\t\t\t\t\t\t\t<div class=\"wd-post-date wd-style-with-bg\">\n\t\t\t\t<span class=\"post-date-day\">\n\t\t\t\t\t12\t\t\t\t<\/span>\n\t\t\t\t<span class=\"post-date-month\">\n\t\t\t\t\tcze\t\t\t\t<\/span>\n\t\t\t<\/div>\n\t\t\t\t\t\t\t\t\t<\/div>\n\t\t\n\t\t<div class=\"wd-post-content article-body-container\">\n\t\t\t\t\t\t\t<div class=\"wd-post-cat wd-style-with-bg meta-post-categories\">\n\t\t\t\t\t<a href=\"https:\/\/bmwblog.pl\/category\/news-dnia\/\" rel=\"category tag\">WYDARZENIE DNIA<\/a>, <a href=\"https:\/\/bmwblog.pl\/category\/news\/\" rel=\"category tag\">NEWS<\/a>\t\t\t\t<\/div>\n\t\t\t\n\t\t\t\t\t\t\t<h3 class=\"wd-post-title wd-entities-title title post-title\">\n\t\t\t\t\t<a href=\"https:\/\/bmwblog.pl\/przelomowa-moc-w-ukryciu-zbliza-sie-bmw-m5-2025\/\" rel=\"bookmark\">Prze\u0142omowa Moc w ukryciu: Zbli\u017ca si\u0119 BMW M5 2025<\/a>\n\t\t\t\t<\/h3>\n\t\t\t\n\t\t\t\t\t\t\t<div class=\"wd-post-meta\">\n\t\t\t\t\t\t\t\t\t\t\t\t\t\t\t<div class=\"wd-post-author\">\n\t\t\t\t\t\t\t\t\t\t\t<span>Posted by<\/span>\n\t\t\n\t\t\t\t\t\t\t\n\t\t\t\t\t<a href=\"https:\/\/bmwblog.pl\/author\/bmwblog-pl\/\" class=\"author\" rel=\"author\">Krystian Wilkosz<\/a>\n\t\t\t\t\t\t\t\t\t<\/div>\n\t\t\t\t\t<div class=\"wd-modified-date\">\n\t\t\t\t\t\t\t\t<time class=\"updated\" datetime=\"2025-02-08T00:16:07+01:00\">\n\t\t\t2025-02-08\t\t<\/time>\n\t\t\t\t\t\t\t<\/div>\n\n\t\t\t\t\t\n\t\t\t\t\t\t\t\t\t\t\t\t\t\t\t\t\t<div class=\"wd-post-reply wd-style-1\">\n\t\t\t\t\t\t\t<a href=\"https:\/\/bmwblog.pl\/przelomowa-moc-w-ukryciu-zbliza-sie-bmw-m5-2025\/#respond\"><span class=\"wd-replies-count\">0<\/span><\/a>\t\t\t\t\t\t<\/div>\n\t\t\t\t\t\t\t\t\t<\/div>\n\t\t\t\n\t\t\t\t\t\t\t\t\t\t\t\t<div class=\"wd-post-excerpt entry-content\">\n\t\t\t\t\t\tBMW M GmbH zapowiada nowy model. Ju\u017c nied\u0142ugo oficialna premiera. Stay tuned!\t\t\t\t\t<\/div>\n\t\t\t\t\n\t\t\t\t\t\t\t\t\t\t\t\t\t\t<div class=\"wd-post-read-more wd-style-link read-more-section\">\n\t\t\t\t\t\t<a class=\"\" href=\"https:\/\/bmwblog.pl\/przelomowa-moc-w-ukryciu-zbliza-sie-bmw-m5-2025\/\">Czytaj dalej...<\/a>\t\t\t\t\t<\/div>\n\t\t\t\t\t\t\t\t\t\t\t\t\t<\/div>\n\t<\/div>\n<\/article>\n\n\t\t\t\t\t\t\t\t\t\t\t\n<article id=\"post-22072\" class=\"wd-post blog-design-masonry blog-post-loop blog-style-bg wd-add-shadow wd-col post-22072 post type-post status-publish format-standard has-post-thumbnail hentry category-news category-galeria tag-bmw-1-f70 tag-bmw-serii-1-zmiany tag-bwm-1-2025 tag-nowe-bmw-serii-1 tag-nowy-model-bmw-2024 tag-premiera-bmw-2024\">\n\t<div class=\"wd-post-inner article-inner\">\n\t\t\t\t\t<div class=\"wd-post-thumb entry-header\">\n\t\t\t\t\t\t\t\t\t<div class=\"wd-post-img post-img-wrapp\">\n\t\t\t\t\t\t<img width=\"1180\" height=\"787\" src=\"https:\/\/bmwblog.pl\/wp-content\/uploads\/2024\/06\/img-52-1717559899887.webp\" class=\"attachment- size-\" alt=\"Nowe BMW serii 1 F70- dodatkowe zdj\u0119cia\" decoding=\"async\" srcset=\"https:\/\/bmwblog.pl\/wp-content\/uploads\/2024\/06\/img-52-1717559899887.webp 1180w, https:\/\/bmwblog.pl\/wp-content\/uploads\/2024\/06\/img-52-1717559899887-430x287.webp 430w, https:\/\/bmwblog.pl\/wp-content\/uploads\/2024\/06\/img-52-1717559899887-150x100.webp 150w, https:\/\/bmwblog.pl\/wp-content\/uploads\/2024\/06\/img-52-1717559899887-700x467.webp 700w, https:\/\/bmwblog.pl\/wp-content\/uploads\/2024\/06\/img-52-1717559899887-medium.webp 400w, https:\/\/bmwblog.pl\/wp-content\/uploads\/2024\/06\/img-52-1717559899887-768x512.webp 768w, https:\/\/bmwblog.pl\/wp-content\/uploads\/2024\/06\/img-52-1717559899887-600x400.webp 600w\" sizes=\"(max-width: 1180px) 100vw, 1180px\" \/>\t\t\t\t\t<\/div>\n\t\t\t\t\t\t\t\t\t\t<a class=\"wd-fill\" tabindex=\"-1\" href=\"https:\/\/bmwblog.pl\/nowe-bmw-serii-1-f70-dodatkowe-zdjecia\/\" aria-label=\"Link on post Nowe BMW serii 1 F70- dodatkowe zdj\u0119cia\"><\/a>\n\t\t\t\t\n\t\t\t\t\t\t\t\t\t\t\t\t<div class=\"wd-post-date wd-style-with-bg\">\n\t\t\t\t<span class=\"post-date-day\">\n\t\t\t\t\t05\t\t\t\t<\/span>\n\t\t\t\t<span class=\"post-date-month\">\n\t\t\t\t\tcze\t\t\t\t<\/span>\n\t\t\t<\/div>\n\t\t\t\t\t\t\t\t\t<\/div>\n\t\t\n\t\t<div class=\"wd-post-content article-body-container\">\n\t\t\t\t\t\t\t<div class=\"wd-post-cat wd-style-with-bg meta-post-categories\">\n\t\t\t\t\t<a href=\"https:\/\/bmwblog.pl\/category\/news\/\" rel=\"category tag\">NEWS<\/a>, <a href=\"https:\/\/bmwblog.pl\/category\/galeria\/\" rel=\"category tag\">GALERIA<\/a>\t\t\t\t<\/div>\n\t\t\t\n\t\t\t\t\t\t\t<h3 class=\"wd-post-title wd-entities-title title post-title\">\n\t\t\t\t\t<a href=\"https:\/\/bmwblog.pl\/nowe-bmw-serii-1-f70-dodatkowe-zdjecia\/\" rel=\"bookmark\">Nowe BMW serii 1 F70- dodatkowe zdj\u0119cia<\/a>\n\t\t\t\t<\/h3>\n\t\t\t\n\t\t\t\t\t\t\t<div class=\"wd-post-meta\">\n\t\t\t\t\t\t\t\t\t\t\t\t\t\t\t<div class=\"wd-post-author\">\n\t\t\t\t\t\t\t\t\t\t\t<span>Posted by<\/span>\n\t\t\n\t\t\t\t\t\t\t\n\t\t\t\t\t<a href=\"https:\/\/bmwblog.pl\/author\/bmwblog-pl\/\" class=\"author\" rel=\"author\">Krystian Wilkosz<\/a>\n\t\t\t\t\t\t\t\t\t<\/div>\n\t\t\t\t\t<div class=\"wd-modified-date\">\n\t\t\t\t\t\t\t\t<time class=\"updated\" datetime=\"2025-02-08T00:14:09+01:00\">\n\t\t\t2025-02-08\t\t<\/time>\n\t\t\t\t\t\t\t<\/div>\n\n\t\t\t\t\t\n\t\t\t\t\t\t\t\t\t\t\t\t\t\t\t\t\t<div class=\"wd-post-reply wd-style-1\">\n\t\t\t\t\t\t\t<a href=\"https:\/\/bmwblog.pl\/nowe-bmw-serii-1-f70-dodatkowe-zdjecia\/#respond\"><span class=\"wd-replies-count\">0<\/span><\/a>\t\t\t\t\t\t<\/div>\n\t\t\t\t\t\t\t\t\t<\/div>\n\t\t\t\n\t\t\t\t\t\t\t\t\t\t\t\t<div class=\"wd-post-excerpt entry-content\">\n\t\t\t\t\t\t\u0179r\u00f3d\u0142o: BMW\t\t\t\t\t<\/div>\n\t\t\t\t\n\t\t\t\t\t\t\t\t\t\t\t\t\t\t<div class=\"wd-post-read-more wd-style-link read-more-section\">\n\t\t\t\t\t\t<a class=\"\" href=\"https:\/\/bmwblog.pl\/nowe-bmw-serii-1-f70-dodatkowe-zdjecia\/\">Czytaj dalej...<\/a>\t\t\t\t\t<\/div>\n\t\t\t\t\t\t\t\t\t\t\t\t\t<\/div>\n\t<\/div>\n<\/article>\n\n\t\t\t\t\t\t\t\t\t\t\t\n<article id=\"post-22038\" class=\"wd-post blog-design-masonry blog-post-loop blog-style-bg wd-add-shadow wd-col post-22038 post type-post status-publish format-standard has-post-thumbnail hentry category-news category-news-dnia tag-bmw-1-f70 tag-bmw-serii-1-zmiany tag-bwm-1-2025 tag-nowe-bmw-serii-1 tag-nowy-model-bmw-2024 tag-premiera-bmw-2024\">\n\t<div class=\"wd-post-inner article-inner\">\n\t\t\t\t\t<div class=\"wd-post-thumb entry-header\">\n\t\t\t\t\t\t\t\t\t<div class=\"wd-post-img post-img-wrapp\">\n\t\t\t\t\t\t<img width=\"1180\" height=\"787\" src=\"https:\/\/bmwblog.pl\/wp-content\/uploads\/2024\/06\/img-4-1717558180853.webp\" class=\"attachment- size-\" alt=\"\u015aWIATOWA PREMIERA: BMW serii 1 z nowym wygl\u0105dem przedniego grilla\" decoding=\"async\" srcset=\"https:\/\/bmwblog.pl\/wp-content\/uploads\/2024\/06\/img-4-1717558180853.webp 1180w, https:\/\/bmwblog.pl\/wp-content\/uploads\/2024\/06\/img-4-1717558180853-430x287.webp 430w, https:\/\/bmwblog.pl\/wp-content\/uploads\/2024\/06\/img-4-1717558180853-150x100.webp 150w, https:\/\/bmwblog.pl\/wp-content\/uploads\/2024\/06\/img-4-1717558180853-700x467.webp 700w, https:\/\/bmwblog.pl\/wp-content\/uploads\/2024\/06\/img-4-1717558180853-medium.webp 400w, https:\/\/bmwblog.pl\/wp-content\/uploads\/2024\/06\/img-4-1717558180853-768x512.webp 768w, https:\/\/bmwblog.pl\/wp-content\/uploads\/2024\/06\/img-4-1717558180853-600x400.webp 600w\" sizes=\"(max-width: 1180px) 100vw, 1180px\" \/>\t\t\t\t\t<\/div>\n\t\t\t\t\t\t\t\t\t\t<a class=\"wd-fill\" tabindex=\"-1\" href=\"https:\/\/bmwblog.pl\/swiatowa-premiera-bmw-serii-1-z-nowym-wygladem-przedniego-grilla\/\" aria-label=\"Link on post \u015aWIATOWA PREMIERA: BMW serii 1 z nowym wygl\u0105dem przedniego grilla\"><\/a>\n\t\t\t\t\n\t\t\t\t\t\t\t\t\t\t\t\t<div class=\"wd-post-date wd-style-with-bg\">\n\t\t\t\t<span class=\"post-date-day\">\n\t\t\t\t\t05\t\t\t\t<\/span>\n\t\t\t\t<span class=\"post-date-month\">\n\t\t\t\t\tcze\t\t\t\t<\/span>\n\t\t\t<\/div>\n\t\t\t\t\t\t\t\t\t<\/div>\n\t\t\n\t\t<div class=\"wd-post-content article-body-container\">\n\t\t\t\t\t\t\t<div class=\"wd-post-cat wd-style-with-bg meta-post-categories\">\n\t\t\t\t\t<a href=\"https:\/\/bmwblog.pl\/category\/news\/\" rel=\"category tag\">NEWS<\/a>, <a href=\"https:\/\/bmwblog.pl\/category\/news-dnia\/\" rel=\"category tag\">WYDARZENIE DNIA<\/a>\t\t\t\t<\/div>\n\t\t\t\n\t\t\t\t\t\t\t<h3 class=\"wd-post-title wd-entities-title title post-title\">\n\t\t\t\t\t<a href=\"https:\/\/bmwblog.pl\/swiatowa-premiera-bmw-serii-1-z-nowym-wygladem-przedniego-grilla\/\" rel=\"bookmark\">\u015aWIATOWA PREMIERA: BMW serii 1 z nowym wygl\u0105dem przedniego grilla<\/a>\n\t\t\t\t<\/h3>\n\t\t\t\n\t\t\t\t\t\t\t<div class=\"wd-post-meta\">\n\t\t\t\t\t\t\t\t\t\t\t\t\t\t\t<div class=\"wd-post-author\">\n\t\t\t\t\t\t\t\t\t\t\t<span>Posted by<\/span>\n\t\t\n\t\t\t\t\t\t\t\n\t\t\t\t\t<a href=\"https:\/\/bmwblog.pl\/author\/bmwblog-pl\/\" class=\"author\" rel=\"author\">Krystian Wilkosz<\/a>\n\t\t\t\t\t\t\t\t\t<\/div>\n\t\t\t\t\t<div class=\"wd-modified-date\">\n\t\t\t\t\t\t\t\t<time class=\"updated\" datetime=\"2025-02-08T00:11:05+01:00\">\n\t\t\t2025-02-08\t\t<\/time>\n\t\t\t\t\t\t\t<\/div>\n\n\t\t\t\t\t\n\t\t\t\t\t\t\t\t\t\t\t\t\t\t\t\t\t<div class=\"wd-post-reply wd-style-1\">\n\t\t\t\t\t\t\t<a href=\"https:\/\/bmwblog.pl\/swiatowa-premiera-bmw-serii-1-z-nowym-wygladem-przedniego-grilla\/#respond\"><span class=\"wd-replies-count\">0<\/span><\/a>\t\t\t\t\t\t<\/div>\n\t\t\t\t\t\t\t\t\t<\/div>\n\t\t\t\n\t\t\t\t\t\t\t\t\t\t\t\t<div class=\"wd-post-excerpt entry-content\">\n\t\t\t\t\t\tNowe BMW serii 1 to ju\u017c czwarta generacja, zaostrzaj\u0105c sw\u00f3j profil jako najbardziej sportowy pojazd w swojej klasie.\n\n\n\n\n\nZaawansowana ...\t\t\t\t\t<\/div>\n\t\t\t\t\n\t\t\t\t\t\t\t\t\t\t\t\t\t\t<div class=\"wd-post-read-more wd-style-link read-more-section\">\n\t\t\t\t\t\t<a class=\"\" href=\"https:\/\/bmwblog.pl\/swiatowa-premiera-bmw-serii-1-z-nowym-wygladem-przedniego-grilla\/\">Czytaj dalej...<\/a>\t\t\t\t\t<\/div>\n\t\t\t\t\t\t\t\t\t\t\t\t\t<\/div>\n\t<\/div>\n<\/article>\n\n\t\t\t\t\t\n\t\t\t\t\t","status":"have-posts","nextPage":"https:\/\/bmwblog.pl\/category\/news\/page\/39\/?woo_ajax=1","currentPage":"https:\/\/bmwblog.pl\/category\/news\/page\/38"}