
			
				

					
				

			
		{"items":"\n\t\t\t\t\t\t\t\t\t\t\t\t\t\t<link rel=\"stylesheet\" id=\"wd-post-types-mod-categories-style-bg-css\" href=\"https:\/\/bmwblog.pl\/wp-content\/themes\/woodmart%208.3.8\/css\/parts\/post-types-mod-categories-style-bg.min.css?ver=8.3.8\" type=\"text\/css\" media=\"all\" \/> \t\t\t\n<article id=\"post-21946\" class=\"wd-post blog-design-masonry blog-post-loop blog-style-bg wd-add-shadow wd-col post-21946 post type-post status-publish format-standard has-post-thumbnail hentry category-news tag-bmw-3-2024 tag-bmw-3-lci-2 tag-bmw-serii-3-2025 tag-kiedy-nowy-model-bmw-3 tag-zmiany-w-bmw-3\">\n\t<div class=\"wd-post-inner article-inner\">\n\t\t\t\t\t<div class=\"wd-post-thumb entry-header\">\n\t\t\t\t\t\t\t\t\t<div class=\"wd-post-img post-img-wrapp\">\n\t\t\t\t\t\t<img width=\"1536\" height=\"1009\" src=\"https:\/\/bmwblog.pl\/wp-content\/uploads\/2024\/05\/IMG-7443.jpeg\" class=\"attachment- size-\" alt=\"BMW serii 3 Sedan oraz Touring dostaj\u0105 drug\u0105 aktualizacj\u0119.\" decoding=\"async\" fetchpriority=\"high\" srcset=\"https:\/\/bmwblog.pl\/wp-content\/uploads\/2024\/05\/IMG-7443.jpeg 1536w, https:\/\/bmwblog.pl\/wp-content\/uploads\/2024\/05\/IMG-7443-430x282.jpeg 430w, https:\/\/bmwblog.pl\/wp-content\/uploads\/2024\/05\/IMG-7443-150x99.jpeg 150w, https:\/\/bmwblog.pl\/wp-content\/uploads\/2024\/05\/IMG-7443-700x460.jpeg 700w, https:\/\/bmwblog.pl\/wp-content\/uploads\/2024\/05\/IMG-7443-medium.jpeg 400w, https:\/\/bmwblog.pl\/wp-content\/uploads\/2024\/05\/IMG-7443-large.jpeg 1218w, https:\/\/bmwblog.pl\/wp-content\/uploads\/2024\/05\/IMG-7443-768x505.jpeg 768w\" sizes=\"(max-width: 1536px) 100vw, 1536px\" \/>\t\t\t\t\t<\/div>\n\t\t\t\t\t\t\t\t\t\t<a class=\"wd-fill\" tabindex=\"-1\" href=\"https:\/\/bmwblog.pl\/bmw-serii-3-sedan-oraz-touring-dostaja-druga-aktualizacje\/\" aria-label=\"Link on post BMW serii 3 Sedan oraz Touring dostaj\u0105 drug\u0105 aktualizacj\u0119.\"><\/a>\n\t\t\t\t\n\t\t\t\t\t\t\t\t\t\t\t\t<link rel=\"stylesheet\" id=\"wd-post-types-mod-date-style-bg-css\" href=\"https:\/\/bmwblog.pl\/wp-content\/themes\/woodmart%208.3.8\/css\/parts\/post-types-mod-date-style-bg.min.css?ver=8.3.8\" type=\"text\/css\" media=\"all\" \/> \t\t\t\t\t\t<div class=\"wd-post-date wd-style-with-bg\">\n\t\t\t\t<span class=\"post-date-day\">\n\t\t\t\t\t29\t\t\t\t<\/span>\n\t\t\t\t<span class=\"post-date-month\">\n\t\t\t\t\tmaj\t\t\t\t<\/span>\n\t\t\t<\/div>\n\t\t\t\t\t\t\t\t\t<\/div>\n\t\t\n\t\t<div class=\"wd-post-content article-body-container\">\n\t\t\t\t\t\t\t<div class=\"wd-post-cat wd-style-with-bg meta-post-categories\">\n\t\t\t\t\t<a href=\"https:\/\/bmwblog.pl\/category\/news\/\" rel=\"category tag\">NEWS<\/a>\t\t\t\t<\/div>\n\t\t\t\n\t\t\t\t\t\t\t<h3 class=\"wd-post-title wd-entities-title title post-title\">\n\t\t\t\t\t<a href=\"https:\/\/bmwblog.pl\/bmw-serii-3-sedan-oraz-touring-dostaja-druga-aktualizacje\/\" rel=\"bookmark\">BMW serii 3 Sedan oraz Touring dostaj\u0105 drug\u0105 aktualizacj\u0119.<\/a>\n\t\t\t\t<\/h3>\n\t\t\t\n\t\t\t\t\t\t\t<div class=\"wd-post-meta\">\n\t\t\t\t\t\t\t\t\t\t\t\t\t<link rel=\"stylesheet\" id=\"wd-blog-mod-author-css\" href=\"https:\/\/bmwblog.pl\/wp-content\/themes\/woodmart%208.3.8\/css\/parts\/blog-mod-author.min.css?ver=8.3.8\" type=\"text\/css\" media=\"all\" \/> \t\t\t\t\t\t\t\t<div class=\"wd-post-author\">\n\t\t\t\t\t\t\t\t\t\t\t<span>Posted by<\/span>\n\t\t\n\t\t\t\t\t\t\t\n\t\t\t\t\t<a href=\"https:\/\/bmwblog.pl\/author\/bmwblog-pl\/\" class=\"author\" rel=\"author\">Krystian Wilkosz<\/a>\n\t\t\t\t\t\t\t\t\t<\/div>\n\t\t\t\t\t<div class=\"wd-modified-date\">\n\t\t\t\t\t\t\t\t<time class=\"updated\" datetime=\"2025-02-08T00:07:50+01:00\">\n\t\t\t2025-02-08\t\t<\/time>\n\t\t\t\t\t\t\t<\/div>\n\n\t\t\t\t\t\n\t\t\t\t\t\t\t\t\t\t\t\t\t\t<link rel=\"stylesheet\" id=\"wd-blog-mod-comments-button-css\" href=\"https:\/\/bmwblog.pl\/wp-content\/themes\/woodmart%208.3.8\/css\/parts\/blog-mod-comments-button.min.css?ver=8.3.8\" type=\"text\/css\" media=\"all\" \/> \t\t\t\t\t\t\t\t\t<div class=\"wd-post-reply wd-style-1\">\n\t\t\t\t\t\t\t<a href=\"https:\/\/bmwblog.pl\/bmw-serii-3-sedan-oraz-touring-dostaja-druga-aktualizacje\/#respond\"><span class=\"wd-replies-count\">0<\/span><\/a>\t\t\t\t\t\t<\/div>\n\t\t\t\t\t\t\t\t\t<\/div>\n\t\t\t\n\t\t\t\t\t\t\t\t\t\t\t\t<div class=\"wd-post-excerpt entry-content\">\n\t\t\t\t\t\tBMW wprowadza kolejne aktualizacje dla 2025 BMW serii 3 Sedan i Touring. Oto najwa\u017cniejsze zmiany:\n\n\n\nKolory zewn\u0119trzne\n\n\n\nNowe kolory ...\t\t\t\t\t<\/div>\n\t\t\t\t\n\t\t\t\t\t\t\t\t\t\t\t\t\t\t<div class=\"wd-post-read-more wd-style-link read-more-section\">\n\t\t\t\t\t\t<a class=\"\" href=\"https:\/\/bmwblog.pl\/bmw-serii-3-sedan-oraz-touring-dostaja-druga-aktualizacje\/\">Czytaj dalej...<\/a>\t\t\t\t\t<\/div>\n\t\t\t\t\t\t\t\t\t\t\t\t\t<\/div>\n\t<\/div>\n<\/article>\n\n\t\t\t\t\t\t\t\t\t\t\t\n<article id=\"post-21912\" class=\"wd-post blog-design-masonry blog-post-loop blog-style-bg wd-add-shadow wd-col post-21912 post type-post status-publish format-standard has-post-thumbnail hentry category-news tag-bmw-m3-2024 tag-bmw-m3-model-2024 tag-bmw-m3-model-2025 tag-bmw-m3-premiera tag-bmw-m3-sedan tag-zdjecia-bmw-m3-2024\">\n\t<div class=\"wd-post-inner article-inner\">\n\t\t\t\t\t<div class=\"wd-post-thumb entry-header\">\n\t\t\t\t\t\t\t\t\t<div class=\"wd-post-img post-img-wrapp\">\n\t\t\t\t\t\t<img width=\"1180\" height=\"885\" src=\"https:\/\/bmwblog.pl\/wp-content\/uploads\/2024\/05\/IMG_7411.webp\" class=\"attachment- size-\" alt=\"BMW M3 Sedan: Nowa Generacja \u2013 Moc, Design i Technologia\" decoding=\"async\" srcset=\"https:\/\/bmwblog.pl\/wp-content\/uploads\/2024\/05\/IMG_7411.webp 1180w, https:\/\/bmwblog.pl\/wp-content\/uploads\/2024\/05\/IMG_7411-430x323.webp 430w, https:\/\/bmwblog.pl\/wp-content\/uploads\/2024\/05\/IMG_7411-150x113.webp 150w, https:\/\/bmwblog.pl\/wp-content\/uploads\/2024\/05\/IMG_7411-700x525.webp 700w, https:\/\/bmwblog.pl\/wp-content\/uploads\/2024\/05\/IMG_7411-medium.webp 400w, https:\/\/bmwblog.pl\/wp-content\/uploads\/2024\/05\/IMG_7411-large.webp 1067w, https:\/\/bmwblog.pl\/wp-content\/uploads\/2024\/05\/IMG_7411-768x576.webp 768w\" sizes=\"(max-width: 1180px) 100vw, 1180px\" \/>\t\t\t\t\t<\/div>\n\t\t\t\t\t\t\t\t\t\t<a class=\"wd-fill\" tabindex=\"-1\" href=\"https:\/\/bmwblog.pl\/bmw-m3-sedan-nowa-generacja-moc-design-i-technologia\/\" aria-label=\"Link on post BMW M3 Sedan: Nowa Generacja \u2013 Moc, Design i Technologia\"><\/a>\n\t\t\t\t\n\t\t\t\t\t\t\t\t\t\t\t\t<div class=\"wd-post-date wd-style-with-bg\">\n\t\t\t\t<span class=\"post-date-day\">\n\t\t\t\t\t29\t\t\t\t<\/span>\n\t\t\t\t<span class=\"post-date-month\">\n\t\t\t\t\tmaj\t\t\t\t<\/span>\n\t\t\t<\/div>\n\t\t\t\t\t\t\t\t\t<\/div>\n\t\t\n\t\t<div class=\"wd-post-content article-body-container\">\n\t\t\t\t\t\t\t<div class=\"wd-post-cat wd-style-with-bg meta-post-categories\">\n\t\t\t\t\t<a href=\"https:\/\/bmwblog.pl\/category\/news\/\" rel=\"category tag\">NEWS<\/a>\t\t\t\t<\/div>\n\t\t\t\n\t\t\t\t\t\t\t<h3 class=\"wd-post-title wd-entities-title title post-title\">\n\t\t\t\t\t<a href=\"https:\/\/bmwblog.pl\/bmw-m3-sedan-nowa-generacja-moc-design-i-technologia\/\" rel=\"bookmark\">BMW M3 Sedan: Nowa Generacja \u2013 Moc, Design i Technologia<\/a>\n\t\t\t\t<\/h3>\n\t\t\t\n\t\t\t\t\t\t\t<div class=\"wd-post-meta\">\n\t\t\t\t\t\t\t\t\t\t\t\t\t\t\t<div class=\"wd-post-author\">\n\t\t\t\t\t\t\t\t\t\t\t<span>Posted by<\/span>\n\t\t\n\t\t\t\t\t\t\t\n\t\t\t\t\t<a href=\"https:\/\/bmwblog.pl\/author\/bmwblog-pl\/\" class=\"author\" rel=\"author\">Krystian Wilkosz<\/a>\n\t\t\t\t\t\t\t\t\t<\/div>\n\t\t\t\t\t<div class=\"wd-modified-date\">\n\t\t\t\t\t\t\t\t<time class=\"updated\" datetime=\"2025-02-08T00:05:36+01:00\">\n\t\t\t2025-02-08\t\t<\/time>\n\t\t\t\t\t\t\t<\/div>\n\n\t\t\t\t\t\n\t\t\t\t\t\t\t\t\t\t\t\t\t\t\t\t\t<div class=\"wd-post-reply wd-style-1\">\n\t\t\t\t\t\t\t<a href=\"https:\/\/bmwblog.pl\/bmw-m3-sedan-nowa-generacja-moc-design-i-technologia\/#respond\"><span class=\"wd-replies-count\">0<\/span><\/a>\t\t\t\t\t\t<\/div>\n\t\t\t\t\t\t\t\t\t<\/div>\n\t\t\t\n\t\t\t\t\t\t\t\t\t\t\t\t<div class=\"wd-post-excerpt entry-content\">\n\t\t\t\t\t\tBMW M3 Sedan&nbsp;to ikona sportowych samochod\u00f3w, a najnowsza wersja wprowadza jeszcze wi\u0119cej mocy i nowych technologii. Oto najwa\u017cniej...\t\t\t\t\t<\/div>\n\t\t\t\t\n\t\t\t\t\t\t\t\t\t\t\t\t\t\t<div class=\"wd-post-read-more wd-style-link read-more-section\">\n\t\t\t\t\t\t<a class=\"\" href=\"https:\/\/bmwblog.pl\/bmw-m3-sedan-nowa-generacja-moc-design-i-technologia\/\">Czytaj dalej...<\/a>\t\t\t\t\t<\/div>\n\t\t\t\t\t\t\t\t\t\t\t\t\t<\/div>\n\t<\/div>\n<\/article>\n\n\t\t\t\t\t\t\t\t\t\t\t\n<article id=\"post-21901\" class=\"wd-post blog-design-masonry blog-post-loop blog-style-bg wd-add-shadow wd-col post-21901 post type-post status-publish format-standard has-post-thumbnail hentry category-news category-modele tag-bmw-lato-2024 tag-bmw-nowe-silniki tag-bmw-premiery-2024 tag-bmw-produkcja-2024 tag-bmw-xm-label-red tag-bmw-zmiany-2024 tag-nowosci-bmw-2024\">\n\t<div class=\"wd-post-inner article-inner\">\n\t\t\t\t\t<div class=\"wd-post-thumb entry-header\">\n\t\t\t\t\t\t\t\t\t<div class=\"wd-post-img post-img-wrapp\">\n\t\t\t\t\t\t<img width=\"1280\" height=\"720\" src=\"https:\/\/bmwblog.pl\/wp-content\/uploads\/2024\/05\/IMG_7381.webp\" class=\"attachment- size-\" alt=\"Aktualizacje modeli BMW -LATO 2024\" decoding=\"async\" srcset=\"https:\/\/bmwblog.pl\/wp-content\/uploads\/2024\/05\/IMG_7381.webp 1280w, https:\/\/bmwblog.pl\/wp-content\/uploads\/2024\/05\/IMG_7381-430x242.webp 430w, https:\/\/bmwblog.pl\/wp-content\/uploads\/2024\/05\/IMG_7381-150x84.webp 150w, https:\/\/bmwblog.pl\/wp-content\/uploads\/2024\/05\/IMG_7381-700x394.webp 700w, https:\/\/bmwblog.pl\/wp-content\/uploads\/2024\/05\/IMG_7381-medium.webp 400w, https:\/\/bmwblog.pl\/wp-content\/uploads\/2024\/05\/IMG_7381-768x432.webp 768w\" sizes=\"(max-width: 1280px) 100vw, 1280px\" \/>\t\t\t\t\t<\/div>\n\t\t\t\t\t\t\t\t\t\t<a class=\"wd-fill\" tabindex=\"-1\" href=\"https:\/\/bmwblog.pl\/aktualizacje-modeli-bmw-lato-2024\/\" aria-label=\"Link on post Aktualizacje modeli BMW- LATO 2024\"><\/a>\n\t\t\t\t\n\t\t\t\t\t\t\t\t\t\t\t\t<div class=\"wd-post-date wd-style-with-bg\">\n\t\t\t\t<span class=\"post-date-day\">\n\t\t\t\t\t29\t\t\t\t<\/span>\n\t\t\t\t<span class=\"post-date-month\">\n\t\t\t\t\tmaj\t\t\t\t<\/span>\n\t\t\t<\/div>\n\t\t\t\t\t\t\t\t\t<\/div>\n\t\t\n\t\t<div class=\"wd-post-content article-body-container\">\n\t\t\t\t\t\t\t<div class=\"wd-post-cat wd-style-with-bg meta-post-categories\">\n\t\t\t\t\t<a href=\"https:\/\/bmwblog.pl\/category\/news\/\" rel=\"category tag\">NEWS<\/a>, <a href=\"https:\/\/bmwblog.pl\/category\/modele\/\" rel=\"category tag\">MODELE<\/a>\t\t\t\t<\/div>\n\t\t\t\n\t\t\t\t\t\t\t<h3 class=\"wd-post-title wd-entities-title title post-title\">\n\t\t\t\t\t<a href=\"https:\/\/bmwblog.pl\/aktualizacje-modeli-bmw-lato-2024\/\" rel=\"bookmark\">Aktualizacje modeli BMW- LATO 2024<\/a>\n\t\t\t\t<\/h3>\n\t\t\t\n\t\t\t\t\t\t\t<div class=\"wd-post-meta\">\n\t\t\t\t\t\t\t\t\t\t\t\t\t\t\t<div class=\"wd-post-author\">\n\t\t\t\t\t\t\t\t\t\t\t<span>Posted by<\/span>\n\t\t\n\t\t\t\t\t\t\t\n\t\t\t\t\t<a href=\"https:\/\/bmwblog.pl\/author\/bmwblog-pl\/\" class=\"author\" rel=\"author\">Krystian Wilkosz<\/a>\n\t\t\t\t\t\t\t\t\t<\/div>\n\t\t\t\t\t<div class=\"wd-modified-date\">\n\t\t\t\t\t\t\t\t<time class=\"updated\" datetime=\"2025-02-08T00:04:23+01:00\">\n\t\t\t2025-02-08\t\t<\/time>\n\t\t\t\t\t\t\t<\/div>\n\n\t\t\t\t\t\n\t\t\t\t\t\t\t\t\t\t\t\t\t\t\t\t\t<div class=\"wd-post-reply wd-style-1\">\n\t\t\t\t\t\t\t<a href=\"https:\/\/bmwblog.pl\/aktualizacje-modeli-bmw-lato-2024\/#respond\"><span class=\"wd-replies-count\">0<\/span><\/a>\t\t\t\t\t\t<\/div>\n\t\t\t\t\t\t\t\t\t<\/div>\n\t\t\t\n\t\t\t\t\t\t\t\t\t\t\t\t<div class=\"wd-post-excerpt entry-content\">\n\t\t\t\t\t\tBMW wprowadza wiele nowo\u015bci, kt\u00f3re zwi\u0119ksz\u0105 wyb\u00f3r i przyjemno\u015b\u0107 z jazdy w gamie modelowej. Oto najwa\u017cniejsze informacje:\n\n\n\nNowe warian...\t\t\t\t\t<\/div>\n\t\t\t\t\n\t\t\t\t\t\t\t\t\t\t\t\t\t\t<div class=\"wd-post-read-more wd-style-link read-more-section\">\n\t\t\t\t\t\t<a class=\"\" href=\"https:\/\/bmwblog.pl\/aktualizacje-modeli-bmw-lato-2024\/\">Czytaj dalej...<\/a>\t\t\t\t\t<\/div>\n\t\t\t\t\t\t\t\t\t\t\t\t\t<\/div>\n\t<\/div>\n<\/article>\n\n\t\t\t\t\t\t\t\t\t\t\t\n<article id=\"post-21834\" class=\"wd-post blog-design-masonry blog-post-loop blog-style-bg wd-add-shadow wd-col post-21834 post type-post status-publish format-standard has-post-thumbnail hentry category-news tag-bmw-m3-2024 tag-bmw-m3-moc tag-bmw-m3-touring tag-bmw-m3-touring-2025 tag-nowe-bmw-m3\">\n\t<div class=\"wd-post-inner article-inner\">\n\t\t\t\t\t<div class=\"wd-post-thumb entry-header\">\n\t\t\t\t\t\t\t\t\t<div class=\"wd-post-img post-img-wrapp\">\n\t\t\t\t\t\t<img width=\"1178\" height=\"785\" src=\"https:\/\/bmwblog.pl\/wp-content\/uploads\/2024\/05\/img-106-1716958238118.webp\" class=\"attachment- size-\" alt=\"Nowe BMW M3 Touring - Premiera Modelu z Wi\u0119ksz\u0105 Moc\u0105 i Nowym Wygl\u0105dem\" decoding=\"async\" srcset=\"https:\/\/bmwblog.pl\/wp-content\/uploads\/2024\/05\/img-106-1716958238118.webp 1178w, https:\/\/bmwblog.pl\/wp-content\/uploads\/2024\/05\/img-106-1716958238118-430x287.webp 430w, https:\/\/bmwblog.pl\/wp-content\/uploads\/2024\/05\/img-106-1716958238118-150x100.webp 150w, https:\/\/bmwblog.pl\/wp-content\/uploads\/2024\/05\/img-106-1716958238118-700x466.webp 700w, https:\/\/bmwblog.pl\/wp-content\/uploads\/2024\/05\/img-106-1716958238118-medium.webp 400w, https:\/\/bmwblog.pl\/wp-content\/uploads\/2024\/05\/img-106-1716958238118-768x512.webp 768w, https:\/\/bmwblog.pl\/wp-content\/uploads\/2024\/05\/img-106-1716958238118-600x400.webp 600w\" sizes=\"(max-width: 1178px) 100vw, 1178px\" \/>\t\t\t\t\t<\/div>\n\t\t\t\t\t\t\t\t\t\t<a class=\"wd-fill\" tabindex=\"-1\" href=\"https:\/\/bmwblog.pl\/nowe-bmw-m3-touring-premiera-modelu-z-wieksza-moca-i-nowym-wygladem\/\" aria-label=\"Link on post Nowe BMW M3 Touring &#8211; Premiera Modelu z Wi\u0119ksz\u0105 Moc\u0105 i Nowym Wygl\u0105dem\"><\/a>\n\t\t\t\t\n\t\t\t\t\t\t\t\t\t\t\t\t<div class=\"wd-post-date wd-style-with-bg\">\n\t\t\t\t<span class=\"post-date-day\">\n\t\t\t\t\t29\t\t\t\t<\/span>\n\t\t\t\t<span class=\"post-date-month\">\n\t\t\t\t\tmaj\t\t\t\t<\/span>\n\t\t\t<\/div>\n\t\t\t\t\t\t\t\t\t<\/div>\n\t\t\n\t\t<div class=\"wd-post-content article-body-container\">\n\t\t\t\t\t\t\t<div class=\"wd-post-cat wd-style-with-bg meta-post-categories\">\n\t\t\t\t\t<a href=\"https:\/\/bmwblog.pl\/category\/news\/\" rel=\"category tag\">NEWS<\/a>\t\t\t\t<\/div>\n\t\t\t\n\t\t\t\t\t\t\t<h3 class=\"wd-post-title wd-entities-title title post-title\">\n\t\t\t\t\t<a href=\"https:\/\/bmwblog.pl\/nowe-bmw-m3-touring-premiera-modelu-z-wieksza-moca-i-nowym-wygladem\/\" rel=\"bookmark\">Nowe BMW M3 Touring &#8211; Premiera Modelu z Wi\u0119ksz\u0105 Moc\u0105 i Nowym Wygl\u0105dem<\/a>\n\t\t\t\t<\/h3>\n\t\t\t\n\t\t\t\t\t\t\t<div class=\"wd-post-meta\">\n\t\t\t\t\t\t\t\t\t\t\t\t\t\t\t<div class=\"wd-post-author\">\n\t\t\t\t\t\t\t\t\t\t\t<span>Posted by<\/span>\n\t\t\n\t\t\t\t\t\t\t\n\t\t\t\t\t<a href=\"https:\/\/bmwblog.pl\/author\/bmwblog-pl\/\" class=\"author\" rel=\"author\">Krystian Wilkosz<\/a>\n\t\t\t\t\t\t\t\t\t<\/div>\n\t\t\t\t\t<div class=\"wd-modified-date\">\n\t\t\t\t\t\t\t\t<time class=\"updated\" datetime=\"2025-02-08T00:02:23+01:00\">\n\t\t\t2025-02-08\t\t<\/time>\n\t\t\t\t\t\t\t<\/div>\n\n\t\t\t\t\t\n\t\t\t\t\t\t\t\t\t\t\t\t\t\t\t\t\t<div class=\"wd-post-reply wd-style-1\">\n\t\t\t\t\t\t\t<a href=\"https:\/\/bmwblog.pl\/nowe-bmw-m3-touring-premiera-modelu-z-wieksza-moca-i-nowym-wygladem\/#respond\"><span class=\"wd-replies-count\">0<\/span><\/a>\t\t\t\t\t\t<\/div>\n\t\t\t\t\t\t\t\t\t<\/div>\n\t\t\t\n\t\t\t\t\t\t\t\t\t\t\t\t<div class=\"wd-post-excerpt entry-content\">\n\t\t\t\t\t\tBMW M3 Touring to model, kt\u00f3ry wzbudza podziw w\u015br\u00f3d fan\u00f3w motoryzacji. Dzisiejsza premiera liftingu tego modelu przynosi szereg nowo\u015bci...\t\t\t\t\t<\/div>\n\t\t\t\t\n\t\t\t\t\t\t\t\t\t\t\t\t\t\t<div class=\"wd-post-read-more wd-style-link read-more-section\">\n\t\t\t\t\t\t<a class=\"\" href=\"https:\/\/bmwblog.pl\/nowe-bmw-m3-touring-premiera-modelu-z-wieksza-moca-i-nowym-wygladem\/\">Czytaj dalej...<\/a>\t\t\t\t\t<\/div>\n\t\t\t\t\t\t\t\t\t\t\t\t\t<\/div>\n\t<\/div>\n<\/article>\n\n\t\t\t\t\t\t\t\t\t\t\t\n<article id=\"post-21409\" class=\"wd-post blog-design-masonry blog-post-loop blog-style-bg wd-add-shadow wd-col post-21409 post type-post status-publish format-standard has-post-thumbnail hentry category-news tag-bmw-concept-skytop tag-concorso-deleganza-villa-deste tag-luksus tag-nowoczesnosc tag-premiera tag-roadster\">\n\t<div class=\"wd-post-inner article-inner\">\n\t\t\t\t\t<div class=\"wd-post-thumb entry-header\">\n\t\t\t\t\t\t\t\t\t<div class=\"wd-post-img post-img-wrapp\">\n\t\t\t\t\t\t<img width=\"800\" height=\"800\" src=\"https:\/\/bmwblog.pl\/wp-content\/uploads\/2024\/05\/IMG-7324.jpeg\" class=\"attachment- size-\" alt=\"Odkryj przysz\u0142o\u015b\u0107 luksusu z BMW Concept SKYTOP \u2013 Premiera ekskluzywnego roadstera na Concorso d\u2019Eleganza!\" decoding=\"async\" srcset=\"https:\/\/bmwblog.pl\/wp-content\/uploads\/2024\/05\/IMG-7324.jpeg 800w, https:\/\/bmwblog.pl\/wp-content\/uploads\/2024\/05\/IMG-7324-430x430.jpeg 430w, https:\/\/bmwblog.pl\/wp-content\/uploads\/2024\/05\/IMG-7324-small.jpeg 150w, https:\/\/bmwblog.pl\/wp-content\/uploads\/2024\/05\/IMG-7324-700x700.jpeg 700w, https:\/\/bmwblog.pl\/wp-content\/uploads\/2024\/05\/IMG-7324-medium.jpeg 300w, https:\/\/bmwblog.pl\/wp-content\/uploads\/2024\/05\/IMG-7324-768x768.jpeg 768w, https:\/\/bmwblog.pl\/wp-content\/uploads\/2024\/05\/IMG-7324-500x500.jpeg 500w, https:\/\/bmwblog.pl\/wp-content\/uploads\/2024\/05\/IMG-7324-600x600.jpeg 600w\" sizes=\"(max-width: 800px) 100vw, 800px\" \/>\t\t\t\t\t<\/div>\n\t\t\t\t\t\t\t\t\t\t<a class=\"wd-fill\" tabindex=\"-1\" href=\"https:\/\/bmwblog.pl\/odkryj-przyszlosc-luksusu-z-bmw-concept-skytop-premiera-ekskluzywnego-roadstera-na-concorso-deleganza\/\" aria-label=\"Link on post Odkryj przysz\u0142o\u015b\u0107 luksusu z BMW Concept SKYTOP \u2013 Premiera ekskluzywnego roadstera na Concorso d\u2019Eleganza!\"><\/a>\n\t\t\t\t\n\t\t\t\t\t\t\t\t\t\t\t\t<div class=\"wd-post-date wd-style-with-bg\">\n\t\t\t\t<span class=\"post-date-day\">\n\t\t\t\t\t25\t\t\t\t<\/span>\n\t\t\t\t<span class=\"post-date-month\">\n\t\t\t\t\tmaj\t\t\t\t<\/span>\n\t\t\t<\/div>\n\t\t\t\t\t\t\t\t\t<\/div>\n\t\t\n\t\t<div class=\"wd-post-content article-body-container\">\n\t\t\t\t\t\t\t<div class=\"wd-post-cat wd-style-with-bg meta-post-categories\">\n\t\t\t\t\t<a href=\"https:\/\/bmwblog.pl\/category\/news\/\" rel=\"category tag\">NEWS<\/a>\t\t\t\t<\/div>\n\t\t\t\n\t\t\t\t\t\t\t<h3 class=\"wd-post-title wd-entities-title title post-title\">\n\t\t\t\t\t<a href=\"https:\/\/bmwblog.pl\/odkryj-przyszlosc-luksusu-z-bmw-concept-skytop-premiera-ekskluzywnego-roadstera-na-concorso-deleganza\/\" rel=\"bookmark\">Odkryj przysz\u0142o\u015b\u0107 luksusu z BMW Concept SKYTOP \u2013 Premiera ekskluzywnego roadstera na Concorso d\u2019Eleganza!<\/a>\n\t\t\t\t<\/h3>\n\t\t\t\n\t\t\t\t\t\t\t<div class=\"wd-post-meta\">\n\t\t\t\t\t\t\t\t\t\t\t\t\t\t\t<div class=\"wd-post-author\">\n\t\t\t\t\t\t\t\t\t\t\t<span>Posted by<\/span>\n\t\t\n\t\t\t\t\t\t\t\n\t\t\t\t\t<a href=\"https:\/\/bmwblog.pl\/author\/bmwblog-pl\/\" class=\"author\" rel=\"author\">Krystian Wilkosz<\/a>\n\t\t\t\t\t\t\t\t\t<\/div>\n\t\t\t\t\t<div class=\"wd-modified-date\">\n\t\t\t\t\t\t\t\t<time class=\"updated\" datetime=\"2025-02-08T00:01:13+01:00\">\n\t\t\t2025-02-08\t\t<\/time>\n\t\t\t\t\t\t\t<\/div>\n\n\t\t\t\t\t\n\t\t\t\t\t\t\t\t\t\t\t\t\t\t\t\t\t<div class=\"wd-post-reply wd-style-1\">\n\t\t\t\t\t\t\t<a href=\"https:\/\/bmwblog.pl\/odkryj-przyszlosc-luksusu-z-bmw-concept-skytop-premiera-ekskluzywnego-roadstera-na-concorso-deleganza\/#respond\"><span class=\"wd-replies-count\">0<\/span><\/a>\t\t\t\t\t\t<\/div>\n\t\t\t\t\t\t\t\t\t<\/div>\n\t\t\t\n\t\t\t\t\t\t\t\t\t\t\t\t<div class=\"wd-post-excerpt entry-content\">\n\t\t\t\t\t\tPremiera BMW Concept Skytop\t\t\t\t\t<\/div>\n\t\t\t\t\n\t\t\t\t\t\t\t\t\t\t\t\t\t\t<div class=\"wd-post-read-more wd-style-link read-more-section\">\n\t\t\t\t\t\t<a class=\"\" href=\"https:\/\/bmwblog.pl\/odkryj-przyszlosc-luksusu-z-bmw-concept-skytop-premiera-ekskluzywnego-roadstera-na-concorso-deleganza\/\">Czytaj dalej...<\/a>\t\t\t\t\t<\/div>\n\t\t\t\t\t\t\t\t\t\t\t\t\t<\/div>\n\t<\/div>\n<\/article>\n\n\t\t\t\t\t\n\t\t\t\t\t","status":"have-posts","nextPage":"https:\/\/bmwblog.pl\/category\/news\/page\/40\/?woo_ajax=1","currentPage":"https:\/\/bmwblog.pl\/category\/news\/page\/39"}