
			
				

					
				

			
		{"items":"\n\t\t\t\t\t\t\t\t\t\t\t\t\t\t<link rel=\"stylesheet\" id=\"wd-post-types-mod-categories-style-bg-css\" href=\"https:\/\/bmwblog.pl\/wp-content\/themes\/woodmart%208.3.8\/css\/parts\/post-types-mod-categories-style-bg.min.css?ver=8.3.8\" type=\"text\/css\" media=\"all\" \/> \t\t\t\n<article id=\"post-21347\" class=\"wd-post blog-design-masonry blog-post-loop blog-style-bg wd-add-shadow wd-col post-21347 post type-post status-publish format-standard has-post-thumbnail hentry category-news category-akcesoria tag-bmw-m2 tag-bmw-m2-2024 tag-bmw-m2-akcesoria tag-bmw-m2-frozen-portimao-blue tag-bmw-m2-m-performance tag-bmw-m2-pakiet-akcesoriow\">\n\t<div class=\"wd-post-inner article-inner\">\n\t\t\t\t\t<div class=\"wd-post-thumb entry-header\">\n\t\t\t\t\t\t\t\t\t<div class=\"wd-post-img post-img-wrapp\">\n\t\t\t\t\t\t<img width=\"1536\" height=\"1014\" src=\"https:\/\/bmwblog.pl\/wp-content\/uploads\/2024\/05\/IMG-7221.webp\" class=\"attachment- size-\" alt=\"BMW M2 G87: Kwintesencja Sportowej Jazdy z Akcesoriami M Performance\" decoding=\"async\" fetchpriority=\"high\" srcset=\"https:\/\/bmwblog.pl\/wp-content\/uploads\/2024\/05\/IMG-7221.webp 1536w, https:\/\/bmwblog.pl\/wp-content\/uploads\/2024\/05\/IMG-7221-430x284.webp 430w, https:\/\/bmwblog.pl\/wp-content\/uploads\/2024\/05\/IMG-7221-150x99.webp 150w, https:\/\/bmwblog.pl\/wp-content\/uploads\/2024\/05\/IMG-7221-700x462.webp 700w, https:\/\/bmwblog.pl\/wp-content\/uploads\/2024\/05\/IMG-7221-medium.webp 400w, https:\/\/bmwblog.pl\/wp-content\/uploads\/2024\/05\/IMG-7221-large.webp 1212w, https:\/\/bmwblog.pl\/wp-content\/uploads\/2024\/05\/IMG-7221-768x507.jpg 768w\" sizes=\"(max-width: 1536px) 100vw, 1536px\" \/>\t\t\t\t\t<\/div>\n\t\t\t\t\t\t\t\t\t\t<a class=\"wd-fill\" tabindex=\"-1\" href=\"https:\/\/bmwblog.pl\/bmw-m2-g87-kwintesencja-sportowej-jazdy-z-akcesoriami-m-performance\/\" aria-label=\"Link on post BMW M2 G87 z Akcesoriami M Performance w kolorze Frozen Portimao Blue\"><\/a>\n\t\t\t\t\n\t\t\t\t\t\t\t\t\t\t\t\t<link rel=\"stylesheet\" id=\"wd-post-types-mod-date-style-bg-css\" href=\"https:\/\/bmwblog.pl\/wp-content\/themes\/woodmart%208.3.8\/css\/parts\/post-types-mod-date-style-bg.min.css?ver=8.3.8\" type=\"text\/css\" media=\"all\" \/> \t\t\t\t\t\t<div class=\"wd-post-date wd-style-with-bg\">\n\t\t\t\t<span class=\"post-date-day\">\n\t\t\t\t\t24\t\t\t\t<\/span>\n\t\t\t\t<span class=\"post-date-month\">\n\t\t\t\t\tmaj\t\t\t\t<\/span>\n\t\t\t<\/div>\n\t\t\t\t\t\t\t\t\t<\/div>\n\t\t\n\t\t<div class=\"wd-post-content article-body-container\">\n\t\t\t\t\t\t\t<div class=\"wd-post-cat wd-style-with-bg meta-post-categories\">\n\t\t\t\t\t<a href=\"https:\/\/bmwblog.pl\/category\/news\/\" rel=\"category tag\">NEWS<\/a>, <a href=\"https:\/\/bmwblog.pl\/category\/akcesoria\/\" rel=\"category tag\">AKCESORIA<\/a>\t\t\t\t<\/div>\n\t\t\t\n\t\t\t\t\t\t\t<h3 class=\"wd-post-title wd-entities-title title post-title\">\n\t\t\t\t\t<a href=\"https:\/\/bmwblog.pl\/bmw-m2-g87-kwintesencja-sportowej-jazdy-z-akcesoriami-m-performance\/\" rel=\"bookmark\">BMW M2 G87 z Akcesoriami M Performance w kolorze Frozen Portimao Blue<\/a>\n\t\t\t\t<\/h3>\n\t\t\t\n\t\t\t\t\t\t\t<div class=\"wd-post-meta\">\n\t\t\t\t\t\t\t\t\t\t\t\t\t<link rel=\"stylesheet\" id=\"wd-blog-mod-author-css\" href=\"https:\/\/bmwblog.pl\/wp-content\/themes\/woodmart%208.3.8\/css\/parts\/blog-mod-author.min.css?ver=8.3.8\" type=\"text\/css\" media=\"all\" \/> \t\t\t\t\t\t\t\t<div class=\"wd-post-author\">\n\t\t\t\t\t\t\t\t\t\t\t<span>Posted by<\/span>\n\t\t\n\t\t\t\t\t\t\t\n\t\t\t\t\t<a href=\"https:\/\/bmwblog.pl\/author\/bmwblog-pl\/\" class=\"author\" rel=\"author\">Krystian Wilkosz<\/a>\n\t\t\t\t\t\t\t\t\t<\/div>\n\t\t\t\t\t<div class=\"wd-modified-date\">\n\t\t\t\t\t\t\t\t<time class=\"updated\" datetime=\"2025-02-07T23:59:32+01:00\">\n\t\t\t2025-02-07\t\t<\/time>\n\t\t\t\t\t\t\t<\/div>\n\n\t\t\t\t\t\n\t\t\t\t\t\t\t\t\t\t\t\t\t\t<link rel=\"stylesheet\" id=\"wd-blog-mod-comments-button-css\" href=\"https:\/\/bmwblog.pl\/wp-content\/themes\/woodmart%208.3.8\/css\/parts\/blog-mod-comments-button.min.css?ver=8.3.8\" type=\"text\/css\" media=\"all\" \/> \t\t\t\t\t\t\t\t\t<div class=\"wd-post-reply wd-style-1\">\n\t\t\t\t\t\t\t<a href=\"https:\/\/bmwblog.pl\/bmw-m2-g87-kwintesencja-sportowej-jazdy-z-akcesoriami-m-performance\/#respond\"><span class=\"wd-replies-count\">0<\/span><\/a>\t\t\t\t\t\t<\/div>\n\t\t\t\t\t\t\t\t\t<\/div>\n\t\t\t\n\t\t\t\t\t\t\t\t\t\t\t\t<div class=\"wd-post-excerpt entry-content\">\n\t\t\t\t\t\tBMW M2 G87 to kwintesencja sportowej jazdy, a dzi\u0119ki akcesoriom BMW M PERFORMANCE, mo\u017cna jeszcze bardziej podkre\u015bli\u0107 jego wy\u015bcigowy cha...\t\t\t\t\t<\/div>\n\t\t\t\t\n\t\t\t\t\t\t\t\t\t\t\t\t\t\t<div class=\"wd-post-read-more wd-style-link read-more-section\">\n\t\t\t\t\t\t<a class=\"\" href=\"https:\/\/bmwblog.pl\/bmw-m2-g87-kwintesencja-sportowej-jazdy-z-akcesoriami-m-performance\/\">Czytaj dalej...<\/a>\t\t\t\t\t<\/div>\n\t\t\t\t\t\t\t\t\t\t\t\t\t<\/div>\n\t<\/div>\n<\/article>\n\n\t\t\t\t\t\t\t\t\t\t\t\n<article id=\"post-21184\" class=\"wd-post blog-design-masonry blog-post-loop blog-style-bg wd-add-shadow wd-col post-21184 post type-post status-publish format-standard has-post-thumbnail hentry category-news tag-bmw-concept-skytop tag-bmw-targa tag-bmw-targa-2024\">\n\t<div class=\"wd-post-inner article-inner\">\n\t\t\t\t\t<div class=\"wd-post-thumb entry-header\">\n\t\t\t\t\t\t\t\t\t<div class=\"wd-post-img post-img-wrapp\">\n\t\t\t\t\t\t<img width=\"900\" height=\"596\" src=\"https:\/\/bmwblog.pl\/wp-content\/uploads\/2024\/05\/IMG_7201.webp\" class=\"attachment- size-\" alt=\"BMW Concept Skytop: Nowy Roadster na Concorso d\u2019Eleganza Villa d\u2019Este 2024\" decoding=\"async\" srcset=\"https:\/\/bmwblog.pl\/wp-content\/uploads\/2024\/05\/IMG_7201.webp 900w, https:\/\/bmwblog.pl\/wp-content\/uploads\/2024\/05\/IMG_7201-430x285.webp 430w, https:\/\/bmwblog.pl\/wp-content\/uploads\/2024\/05\/IMG_7201-150x99.webp 150w, https:\/\/bmwblog.pl\/wp-content\/uploads\/2024\/05\/IMG_7201-700x464.webp 700w, https:\/\/bmwblog.pl\/wp-content\/uploads\/2024\/05\/IMG_7201-medium.webp 400w, https:\/\/bmwblog.pl\/wp-content\/uploads\/2024\/05\/IMG_7201-768x509.webp 768w\" sizes=\"(max-width: 900px) 100vw, 900px\" \/>\t\t\t\t\t<\/div>\n\t\t\t\t\t\t\t\t\t\t<a class=\"wd-fill\" tabindex=\"-1\" href=\"https:\/\/bmwblog.pl\/bmw-concept-skytop-nowy-roadster-na-concorso-deleganza-villa-deste-2024\/\" aria-label=\"Link on post BMW Concept Skytop: Nowy Roadster na Concorso d\u2019Eleganza Villa d\u2019Este 2024\"><\/a>\n\t\t\t\t\n\t\t\t\t\t\t\t\t\t\t\t\t<div class=\"wd-post-date wd-style-with-bg\">\n\t\t\t\t<span class=\"post-date-day\">\n\t\t\t\t\t22\t\t\t\t<\/span>\n\t\t\t\t<span class=\"post-date-month\">\n\t\t\t\t\tmaj\t\t\t\t<\/span>\n\t\t\t<\/div>\n\t\t\t\t\t\t\t\t\t<\/div>\n\t\t\n\t\t<div class=\"wd-post-content article-body-container\">\n\t\t\t\t\t\t\t<div class=\"wd-post-cat wd-style-with-bg meta-post-categories\">\n\t\t\t\t\t<a href=\"https:\/\/bmwblog.pl\/category\/news\/\" rel=\"category tag\">NEWS<\/a>\t\t\t\t<\/div>\n\t\t\t\n\t\t\t\t\t\t\t<h3 class=\"wd-post-title wd-entities-title title post-title\">\n\t\t\t\t\t<a href=\"https:\/\/bmwblog.pl\/bmw-concept-skytop-nowy-roadster-na-concorso-deleganza-villa-deste-2024\/\" rel=\"bookmark\">BMW Concept Skytop: Nowy Roadster na Concorso d\u2019Eleganza Villa d\u2019Este 2024<\/a>\n\t\t\t\t<\/h3>\n\t\t\t\n\t\t\t\t\t\t\t<div class=\"wd-post-meta\">\n\t\t\t\t\t\t\t\t\t\t\t\t\t\t\t<div class=\"wd-post-author\">\n\t\t\t\t\t\t\t\t\t\t\t<span>Posted by<\/span>\n\t\t\n\t\t\t\t\t\t\t\n\t\t\t\t\t<a href=\"https:\/\/bmwblog.pl\/author\/bmwblog-pl\/\" class=\"author\" rel=\"author\">Krystian Wilkosz<\/a>\n\t\t\t\t\t\t\t\t\t<\/div>\n\t\t\t\t\t<div class=\"wd-modified-date\">\n\t\t\t\t\t\t\t\t<time class=\"updated\" datetime=\"2025-02-07T23:59:28+01:00\">\n\t\t\t2025-02-07\t\t<\/time>\n\t\t\t\t\t\t\t<\/div>\n\n\t\t\t\t\t\n\t\t\t\t\t\t\t\t\t\t\t\t\t\t\t\t\t<div class=\"wd-post-reply wd-style-1\">\n\t\t\t\t\t\t\t<a href=\"https:\/\/bmwblog.pl\/bmw-concept-skytop-nowy-roadster-na-concorso-deleganza-villa-deste-2024\/#respond\"><span class=\"wd-replies-count\">0<\/span><\/a>\t\t\t\t\t\t<\/div>\n\t\t\t\t\t\t\t\t\t<\/div>\n\t\t\t\n\t\t\t\t\t\t\t\t\t\t\t\t<div class=\"wd-post-excerpt entry-content\">\n\t\t\t\t\t\tBMW w\u0142a\u015bnie zaprezentowa\u0142o swoje najnowsze dzie\u0142o na presti\u017cowym wydarzeniu Concorso d\u2019Eleganza Villa d\u2019Este 2024.\u00a0BMW Concept Skytop\u00a0t...\t\t\t\t\t<\/div>\n\t\t\t\t\n\t\t\t\t\t\t\t\t\t\t\t\t\t\t<div class=\"wd-post-read-more wd-style-link read-more-section\">\n\t\t\t\t\t\t<a class=\"\" href=\"https:\/\/bmwblog.pl\/bmw-concept-skytop-nowy-roadster-na-concorso-deleganza-villa-deste-2024\/\">Czytaj dalej...<\/a>\t\t\t\t\t<\/div>\n\t\t\t\t\t\t\t\t\t\t\t\t\t<\/div>\n\t<\/div>\n<\/article>\n\n\t\t\t\t\t\t\t\t\t\t\t\n<article id=\"post-20968\" class=\"wd-post blog-design-masonry blog-post-loop blog-style-bg wd-add-shadow wd-col post-20968 post type-post status-publish format-standard has-post-thumbnail hentry category-news tag-art-car tag-art-car-2024 tag-bmw-art-car tag-bmw-le-mans tag-bmw-v8-2024\">\n\t<div class=\"wd-post-inner article-inner\">\n\t\t\t\t\t<div class=\"wd-post-thumb entry-header\">\n\t\t\t\t\t\t\t\t\t<div class=\"wd-post-img post-img-wrapp\">\n\t\t\t\t\t\t<img width=\"1024\" height=\"757\" src=\"https:\/\/bmwblog.pl\/wp-content\/uploads\/2024\/05\/IMG-7171.webp\" class=\"attachment- size-\" alt=\"Julie Mehretu \u015bwi\u0119tuje swoj\u0105 \u015bwiatow\u0105 premier\u0119 BMW Art Car w Centre Pompidou w Pary\u017cu\" decoding=\"async\" srcset=\"https:\/\/bmwblog.pl\/wp-content\/uploads\/2024\/05\/IMG-7171.webp 1024w, https:\/\/bmwblog.pl\/wp-content\/uploads\/2024\/05\/IMG-7171-430x318.webp 430w, https:\/\/bmwblog.pl\/wp-content\/uploads\/2024\/05\/IMG-7171-150x111.webp 150w, https:\/\/bmwblog.pl\/wp-content\/uploads\/2024\/05\/IMG-7171-700x517.webp 700w, https:\/\/bmwblog.pl\/wp-content\/uploads\/2024\/05\/IMG-7171-medium.webp 400w, https:\/\/bmwblog.pl\/wp-content\/uploads\/2024\/05\/IMG-7171-768x568.webp 768w\" sizes=\"(max-width: 1024px) 100vw, 1024px\" \/>\t\t\t\t\t<\/div>\n\t\t\t\t\t\t\t\t\t\t<a class=\"wd-fill\" tabindex=\"-1\" href=\"https:\/\/bmwblog.pl\/julie-mehretu-swietuje-swoja-swiatowa-premiere-bmw-art-car-w-centre-pompidou-w-paryzu\/\" aria-label=\"Link on post Julie Mehretu \u015bwi\u0119tuje swoj\u0105 \u015bwiatow\u0105 premier\u0119 BMW Art Car w Centre Pompidou w Pary\u017cu\"><\/a>\n\t\t\t\t\n\t\t\t\t\t\t\t\t\t\t\t\t<div class=\"wd-post-date wd-style-with-bg\">\n\t\t\t\t<span class=\"post-date-day\">\n\t\t\t\t\t21\t\t\t\t<\/span>\n\t\t\t\t<span class=\"post-date-month\">\n\t\t\t\t\tmaj\t\t\t\t<\/span>\n\t\t\t<\/div>\n\t\t\t\t\t\t\t\t\t<\/div>\n\t\t\n\t\t<div class=\"wd-post-content article-body-container\">\n\t\t\t\t\t\t\t<div class=\"wd-post-cat wd-style-with-bg meta-post-categories\">\n\t\t\t\t\t<a href=\"https:\/\/bmwblog.pl\/category\/news\/\" rel=\"category tag\">NEWS<\/a>\t\t\t\t<\/div>\n\t\t\t\n\t\t\t\t\t\t\t<h3 class=\"wd-post-title wd-entities-title title post-title\">\n\t\t\t\t\t<a href=\"https:\/\/bmwblog.pl\/julie-mehretu-swietuje-swoja-swiatowa-premiere-bmw-art-car-w-centre-pompidou-w-paryzu\/\" rel=\"bookmark\">Julie Mehretu \u015bwi\u0119tuje swoj\u0105 \u015bwiatow\u0105 premier\u0119 BMW Art Car w Centre Pompidou w Pary\u017cu<\/a>\n\t\t\t\t<\/h3>\n\t\t\t\n\t\t\t\t\t\t\t<div class=\"wd-post-meta\">\n\t\t\t\t\t\t\t\t\t\t\t\t\t\t\t<div class=\"wd-post-author\">\n\t\t\t\t\t\t\t\t\t\t\t<span>Posted by<\/span>\n\t\t\n\t\t\t\t\t\t\t\n\t\t\t\t\t<a href=\"https:\/\/bmwblog.pl\/author\/bmwblog-pl\/\" class=\"author\" rel=\"author\">Krystian Wilkosz<\/a>\n\t\t\t\t\t\t\t\t\t<\/div>\n\t\t\t\t\t<div class=\"wd-modified-date\">\n\t\t\t\t\t\t\t\t<time class=\"updated\" datetime=\"2025-02-07T23:58:12+01:00\">\n\t\t\t2025-02-07\t\t<\/time>\n\t\t\t\t\t\t\t<\/div>\n\n\t\t\t\t\t\n\t\t\t\t\t\t\t\t\t\t\t\t\t\t\t\t\t<div class=\"wd-post-reply wd-style-1\">\n\t\t\t\t\t\t\t<a href=\"https:\/\/bmwblog.pl\/julie-mehretu-swietuje-swoja-swiatowa-premiere-bmw-art-car-w-centre-pompidou-w-paryzu\/#respond\"><span class=\"wd-replies-count\">0<\/span><\/a>\t\t\t\t\t\t<\/div>\n\t\t\t\t\t\t\t\t\t<\/div>\n\t\t\t\n\t\t\t\t\t\t\t\t\t\t\t\t<div class=\"wd-post-excerpt entry-content\">\n\t\t\t\t\t\tDzi\u015b, 21 maja 2024 roku, Julie Mehretu zaprezentowa\u0142a publicznie 20. BMW Art Car na terenie Centrum Pompidou w Pary\u017cu. To wyj\u0105tkowe dzi...\t\t\t\t\t<\/div>\n\t\t\t\t\n\t\t\t\t\t\t\t\t\t\t\t\t\t\t<div class=\"wd-post-read-more wd-style-link read-more-section\">\n\t\t\t\t\t\t<a class=\"\" href=\"https:\/\/bmwblog.pl\/julie-mehretu-swietuje-swoja-swiatowa-premiere-bmw-art-car-w-centre-pompidou-w-paryzu\/\">Czytaj dalej...<\/a>\t\t\t\t\t<\/div>\n\t\t\t\t\t\t\t\t\t\t\t\t\t<\/div>\n\t<\/div>\n<\/article>\n\n\t\t\t\t\t\t\t\t\t\t\t\n<article id=\"post-20390\" class=\"wd-post blog-design-masonry blog-post-loop blog-style-bg wd-add-shadow wd-col post-20390 post type-post status-publish format-standard has-post-thumbnail hentry category-news tag-akcesoria-bmw-5 tag-akcesoria-m-performance-2024 tag-bmw-5-touring tag-bmw-5-touring-m-performance tag-bmw-i5 tag-bmw-i5-m-performance tag-tuning-bmw-5-2024\">\n\t<div class=\"wd-post-inner article-inner\">\n\t\t\t\t\t<div class=\"wd-post-thumb entry-header\">\n\t\t\t\t\t\t\t\t\t<div class=\"wd-post-img post-img-wrapp\">\n\t\t\t\t\t\t<img width=\"1024\" height=\"685\" src=\"https:\/\/bmwblog.pl\/wp-content\/uploads\/2024\/05\/IMG-7028.jpg\" class=\"attachment- size-\" alt=\"BMW i5 z pakietem M Performance\" decoding=\"async\" srcset=\"https:\/\/bmwblog.pl\/wp-content\/uploads\/2024\/05\/IMG-7028.jpg 1024w, https:\/\/bmwblog.pl\/wp-content\/uploads\/2024\/05\/IMG-7028-430x288.jpg 430w, https:\/\/bmwblog.pl\/wp-content\/uploads\/2024\/05\/IMG-7028-150x100.jpg 150w, https:\/\/bmwblog.pl\/wp-content\/uploads\/2024\/05\/IMG-7028-700x468.jpg 700w, https:\/\/bmwblog.pl\/wp-content\/uploads\/2024\/05\/IMG-7028-600x400.jpg 600w, https:\/\/bmwblog.pl\/wp-content\/uploads\/2024\/05\/IMG-7028-768x514.jpg 768w\" sizes=\"(max-width: 1024px) 100vw, 1024px\" \/>\t\t\t\t\t<\/div>\n\t\t\t\t\t\t\t\t\t\t<a class=\"wd-fill\" tabindex=\"-1\" href=\"https:\/\/bmwblog.pl\/bmw-i5-touring-z-pakietem-m-performance\/\" aria-label=\"Link on post BMW i5 Touring z pakietem M Performance\"><\/a>\n\t\t\t\t\n\t\t\t\t\t\t\t\t\t\t\t\t<div class=\"wd-post-date wd-style-with-bg\">\n\t\t\t\t<span class=\"post-date-day\">\n\t\t\t\t\t15\t\t\t\t<\/span>\n\t\t\t\t<span class=\"post-date-month\">\n\t\t\t\t\tmaj\t\t\t\t<\/span>\n\t\t\t<\/div>\n\t\t\t\t\t\t\t\t\t<\/div>\n\t\t\n\t\t<div class=\"wd-post-content article-body-container\">\n\t\t\t\t\t\t\t<div class=\"wd-post-cat wd-style-with-bg meta-post-categories\">\n\t\t\t\t\t<a href=\"https:\/\/bmwblog.pl\/category\/news\/\" rel=\"category tag\">NEWS<\/a>\t\t\t\t<\/div>\n\t\t\t\n\t\t\t\t\t\t\t<h3 class=\"wd-post-title wd-entities-title title post-title\">\n\t\t\t\t\t<a href=\"https:\/\/bmwblog.pl\/bmw-i5-touring-z-pakietem-m-performance\/\" rel=\"bookmark\">BMW i5 Touring z pakietem M Performance<\/a>\n\t\t\t\t<\/h3>\n\t\t\t\n\t\t\t\t\t\t\t<div class=\"wd-post-meta\">\n\t\t\t\t\t\t\t\t\t\t\t\t\t\t\t<div class=\"wd-post-author\">\n\t\t\t\t\t\t\t\t\t\t\t<span>Posted by<\/span>\n\t\t\n\t\t\t\t\t\t\t\n\t\t\t\t\t<a href=\"https:\/\/bmwblog.pl\/author\/bmwblog-pl\/\" class=\"author\" rel=\"author\">Krystian Wilkosz<\/a>\n\t\t\t\t\t\t\t\t\t<\/div>\n\t\t\t\t\t<div class=\"wd-modified-date\">\n\t\t\t\t\t\t\t\t<time class=\"updated\" datetime=\"2025-02-07T23:56:49+01:00\">\n\t\t\t2025-02-07\t\t<\/time>\n\t\t\t\t\t\t\t<\/div>\n\n\t\t\t\t\t\n\t\t\t\t\t\t\t\t\t\t\t\t\t\t\t\t\t<div class=\"wd-post-reply wd-style-1\">\n\t\t\t\t\t\t\t<a href=\"https:\/\/bmwblog.pl\/bmw-i5-touring-z-pakietem-m-performance\/#respond\"><span class=\"wd-replies-count\">0<\/span><\/a>\t\t\t\t\t\t<\/div>\n\t\t\t\t\t\t\t\t\t<\/div>\n\t\t\t\n\t\t\t\t\t\t\t\t\t\t\t\t<div class=\"wd-post-excerpt entry-content\">\n\t\t\t\t\t\tBMW niedawno oficjalnie zaprezentowa\u0142o akcesoria M Performance dedykowane do nowej serii 5, a ju\u017c teraz mo\u017cemy podziwia\u0107 na drodze w pe...\t\t\t\t\t<\/div>\n\t\t\t\t\n\t\t\t\t\t\t\t\t\t\t\t\t\t\t<div class=\"wd-post-read-more wd-style-link read-more-section\">\n\t\t\t\t\t\t<a class=\"\" href=\"https:\/\/bmwblog.pl\/bmw-i5-touring-z-pakietem-m-performance\/\">Czytaj dalej...<\/a>\t\t\t\t\t<\/div>\n\t\t\t\t\t\t\t\t\t\t\t\t\t<\/div>\n\t<\/div>\n<\/article>\n\n\t\t\t\t\t\t\t\t\t\t\t\n<article id=\"post-20387\" class=\"wd-post blog-design-masonry blog-post-loop blog-style-bg wd-add-shadow wd-col post-20387 post type-post status-publish format-standard has-post-thumbnail hentry category-news tag-bmw-m5-2024 tag-bmw-m5-2024-wyglad tag-bmw-m5-2025 tag-bmw-m5-zdjecie\">\n\t<div class=\"wd-post-inner article-inner\">\n\t\t\t\t\t<div class=\"wd-post-thumb entry-header\">\n\t\t\t\t\t\t\t\t\t<div class=\"wd-post-img post-img-wrapp\">\n\t\t\t\t\t\t<img width=\"1024\" height=\"680\" src=\"https:\/\/bmwblog.pl\/wp-content\/uploads\/2024\/05\/IMG-6973.jpeg\" class=\"attachment- size-\" alt=\"Wycieka pierwsze zdj\u0119cie BMW M5 2024\" decoding=\"async\" srcset=\"https:\/\/bmwblog.pl\/wp-content\/uploads\/2024\/05\/IMG-6973.jpeg 1024w, https:\/\/bmwblog.pl\/wp-content\/uploads\/2024\/05\/IMG-6973-430x286.jpeg 430w, https:\/\/bmwblog.pl\/wp-content\/uploads\/2024\/05\/IMG-6973-150x100.jpeg 150w, https:\/\/bmwblog.pl\/wp-content\/uploads\/2024\/05\/IMG-6973-700x465.jpeg 700w, https:\/\/bmwblog.pl\/wp-content\/uploads\/2024\/05\/IMG-6973-medium.jpeg 600w, https:\/\/bmwblog.pl\/wp-content\/uploads\/2024\/05\/IMG-6973-768x510.jpeg 768w\" sizes=\"(max-width: 1024px) 100vw, 1024px\" \/>\t\t\t\t\t<\/div>\n\t\t\t\t\t\t\t\t\t\t<a class=\"wd-fill\" tabindex=\"-1\" href=\"https:\/\/bmwblog.pl\/wycieka-pierwsze-zdjecie-bmw-m5-2024\/\" aria-label=\"Link on post Wycieka pierwsze zdj\u0119cie BMW M5 2024\"><\/a>\n\t\t\t\t\n\t\t\t\t\t\t\t\t\t\t\t\t<div class=\"wd-post-date wd-style-with-bg\">\n\t\t\t\t<span class=\"post-date-day\">\n\t\t\t\t\t14\t\t\t\t<\/span>\n\t\t\t\t<span class=\"post-date-month\">\n\t\t\t\t\tmaj\t\t\t\t<\/span>\n\t\t\t<\/div>\n\t\t\t\t\t\t\t\t\t<\/div>\n\t\t\n\t\t<div class=\"wd-post-content article-body-container\">\n\t\t\t\t\t\t\t<div class=\"wd-post-cat wd-style-with-bg meta-post-categories\">\n\t\t\t\t\t<a href=\"https:\/\/bmwblog.pl\/category\/news\/\" rel=\"category tag\">NEWS<\/a>\t\t\t\t<\/div>\n\t\t\t\n\t\t\t\t\t\t\t<h3 class=\"wd-post-title wd-entities-title title post-title\">\n\t\t\t\t\t<a href=\"https:\/\/bmwblog.pl\/wycieka-pierwsze-zdjecie-bmw-m5-2024\/\" rel=\"bookmark\">Wycieka pierwsze zdj\u0119cie BMW M5 2024<\/a>\n\t\t\t\t<\/h3>\n\t\t\t\n\t\t\t\t\t\t\t<div class=\"wd-post-meta\">\n\t\t\t\t\t\t\t\t\t\t\t\t\t\t\t<div class=\"wd-post-author\">\n\t\t\t\t\t\t\t\t\t\t\t<span>Posted by<\/span>\n\t\t\n\t\t\t\t\t\t\t\n\t\t\t\t\t<a href=\"https:\/\/bmwblog.pl\/author\/bmwblog-pl\/\" class=\"author\" rel=\"author\">Krystian Wilkosz<\/a>\n\t\t\t\t\t\t\t\t\t<\/div>\n\t\t\t\t\t<div class=\"wd-modified-date\">\n\t\t\t\t\t\t\t\t<time class=\"updated\" datetime=\"2025-02-07T23:56:31+01:00\">\n\t\t\t2025-02-07\t\t<\/time>\n\t\t\t\t\t\t\t<\/div>\n\n\t\t\t\t\t\n\t\t\t\t\t\t\t\t\t\t\t\t\t\t\t\t\t<div class=\"wd-post-reply wd-style-1\">\n\t\t\t\t\t\t\t<a href=\"https:\/\/bmwblog.pl\/wycieka-pierwsze-zdjecie-bmw-m5-2024\/#respond\"><span class=\"wd-replies-count\">0<\/span><\/a>\t\t\t\t\t\t<\/div>\n\t\t\t\t\t\t\t\t\t<\/div>\n\t\t\t\n\t\t\t\t\t\t\t\t\t\t\t\t<div class=\"wd-post-excerpt entry-content\">\n\t\t\t\t\t\tRobi si\u0119 gor\u0105co. My\u015blicie, \u017ce to jeszcze koncept czy ju\u017c finalna wersja?\n\n\n\n\n\n\u017ar\u00f3d\u0142o: bmwm\t\t\t\t\t<\/div>\n\t\t\t\t\n\t\t\t\t\t\t\t\t\t\t\t\t\t\t<div class=\"wd-post-read-more wd-style-link read-more-section\">\n\t\t\t\t\t\t<a class=\"\" href=\"https:\/\/bmwblog.pl\/wycieka-pierwsze-zdjecie-bmw-m5-2024\/\">Czytaj dalej...<\/a>\t\t\t\t\t<\/div>\n\t\t\t\t\t\t\t\t\t\t\t\t\t<\/div>\n\t<\/div>\n<\/article>\n\n\t\t\t\t\t\n\t\t\t\t\t","status":"have-posts","nextPage":"https:\/\/bmwblog.pl\/category\/news\/page\/41\/?woo_ajax=1","currentPage":"https:\/\/bmwblog.pl\/category\/news\/page\/40"}