
			
				

					
				

			
		{"items":"\n\t\t\t\t\t\t\t\t\t\t\t\t\t\t<link rel=\"stylesheet\" id=\"wd-post-types-mod-categories-style-bg-css\" href=\"https:\/\/bmwblog.pl\/wp-content\/themes\/woodmart%208.3.8\/css\/parts\/post-types-mod-categories-style-bg.min.css?ver=8.3.8\" type=\"text\/css\" media=\"all\" \/> \t\t\t\n<article id=\"post-20380\" class=\"wd-post blog-design-masonry blog-post-loop blog-style-bg wd-add-shadow wd-col post-20380 post type-post status-publish format-video has-post-thumbnail hentry category-wideo category-news tag-bmw-m5-2024 tag-bmw-m5-hybrydowe tag-bmw-m5-touring tag-elektryczny-naped-m5 tag-innowacje-bmw-m tag-luksusowe-wnetrze-bmw tag-moc-735-km tag-nowe-bmw-m5 tag-sedan-wysokich-osiagow post_format-post-format-video\">\n\t<div class=\"wd-post-inner article-inner\">\n\t\t\t\t\t<div class=\"wd-post-thumb entry-header\">\n\t\t\t\t\t\t\t\t\t<div class=\"wd-post-img post-img-wrapp\">\n\t\t\t\t\t\t<img width=\"1280\" height=\"720\" src=\"https:\/\/bmwblog.pl\/wp-content\/uploads\/2024\/05\/IMG-6970.jpeg\" class=\"attachment- size-\" alt=\"WIDEO: BMW M5 sedan oraz M5 Touring\" decoding=\"async\" fetchpriority=\"high\" srcset=\"https:\/\/bmwblog.pl\/wp-content\/uploads\/2024\/05\/IMG-6970.jpeg 1280w, https:\/\/bmwblog.pl\/wp-content\/uploads\/2024\/05\/IMG-6970-430x242.jpeg 430w, https:\/\/bmwblog.pl\/wp-content\/uploads\/2024\/05\/IMG-6970-150x84.jpeg 150w, https:\/\/bmwblog.pl\/wp-content\/uploads\/2024\/05\/IMG-6970-700x394.jpeg 700w, https:\/\/bmwblog.pl\/wp-content\/uploads\/2024\/05\/IMG-6970-medium.jpeg 600w, https:\/\/bmwblog.pl\/wp-content\/uploads\/2024\/05\/IMG-6970-large.jpeg 1024w, https:\/\/bmwblog.pl\/wp-content\/uploads\/2024\/05\/IMG-6970-768x432.jpeg 768w, https:\/\/bmwblog.pl\/wp-content\/uploads\/2024\/05\/IMG-6970-1040x585.jpeg 1040w\" sizes=\"(max-width: 1280px) 100vw, 1280px\" \/>\t\t\t\t\t<\/div>\n\t\t\t\t\t\t\t\t\t\t<a class=\"wd-fill\" tabindex=\"-1\" href=\"https:\/\/bmwblog.pl\/wideo-bmw-m5-sedan-oraz-m5-touring\/\" aria-label=\"Link on post WIDEO: BMW M5 sedan oraz M5 Touring\"><\/a>\n\t\t\t\t\n\t\t\t\t\t\t\t\t\t\t\t\t<link rel=\"stylesheet\" id=\"wd-post-types-mod-date-style-bg-css\" href=\"https:\/\/bmwblog.pl\/wp-content\/themes\/woodmart%208.3.8\/css\/parts\/post-types-mod-date-style-bg.min.css?ver=8.3.8\" type=\"text\/css\" media=\"all\" \/> \t\t\t\t\t\t<div class=\"wd-post-date wd-style-with-bg\">\n\t\t\t\t<span class=\"post-date-day\">\n\t\t\t\t\t14\t\t\t\t<\/span>\n\t\t\t\t<span class=\"post-date-month\">\n\t\t\t\t\tmaj\t\t\t\t<\/span>\n\t\t\t<\/div>\n\t\t\t\t\t\t\t\t\t<\/div>\n\t\t\n\t\t<div class=\"wd-post-content article-body-container\">\n\t\t\t\t\t\t\t<div class=\"wd-post-cat wd-style-with-bg meta-post-categories\">\n\t\t\t\t\t<a href=\"https:\/\/bmwblog.pl\/category\/wideo\/\" rel=\"category tag\">WIDEO<\/a>, <a href=\"https:\/\/bmwblog.pl\/category\/news\/\" rel=\"category tag\">NEWS<\/a>\t\t\t\t<\/div>\n\t\t\t\n\t\t\t\t\t\t\t<h3 class=\"wd-post-title wd-entities-title title post-title\">\n\t\t\t\t\t<a href=\"https:\/\/bmwblog.pl\/wideo-bmw-m5-sedan-oraz-m5-touring\/\" rel=\"bookmark\">WIDEO: BMW M5 sedan oraz M5 Touring<\/a>\n\t\t\t\t<\/h3>\n\t\t\t\n\t\t\t\t\t\t\t<div class=\"wd-post-meta\">\n\t\t\t\t\t\t\t\t\t\t\t\t\t<link rel=\"stylesheet\" id=\"wd-blog-mod-author-css\" href=\"https:\/\/bmwblog.pl\/wp-content\/themes\/woodmart%208.3.8\/css\/parts\/blog-mod-author.min.css?ver=8.3.8\" type=\"text\/css\" media=\"all\" \/> \t\t\t\t\t\t\t\t<div class=\"wd-post-author\">\n\t\t\t\t\t\t\t\t\t\t\t<span>Posted by<\/span>\n\t\t\n\t\t\t\t\t\t\t\n\t\t\t\t\t<a href=\"https:\/\/bmwblog.pl\/author\/bmwblog-pl\/\" class=\"author\" rel=\"author\">Krystian Wilkosz<\/a>\n\t\t\t\t\t\t\t\t\t<\/div>\n\t\t\t\t\t<div class=\"wd-modified-date\">\n\t\t\t\t\t\t\t\t<time class=\"updated\" datetime=\"2025-02-07T23:56:26+01:00\">\n\t\t\t2025-02-07\t\t<\/time>\n\t\t\t\t\t\t\t<\/div>\n\n\t\t\t\t\t\n\t\t\t\t\t\t\t\t\t\t\t\t\t\t<link rel=\"stylesheet\" id=\"wd-blog-mod-comments-button-css\" href=\"https:\/\/bmwblog.pl\/wp-content\/themes\/woodmart%208.3.8\/css\/parts\/blog-mod-comments-button.min.css?ver=8.3.8\" type=\"text\/css\" media=\"all\" \/> \t\t\t\t\t\t\t\t\t<div class=\"wd-post-reply wd-style-1\">\n\t\t\t\t\t\t\t<a href=\"https:\/\/bmwblog.pl\/wideo-bmw-m5-sedan-oraz-m5-touring\/#respond\"><span class=\"wd-replies-count\">0<\/span><\/a>\t\t\t\t\t\t<\/div>\n\t\t\t\t\t\t\t\t\t<\/div>\n\t\t\t\n\t\t\t\t\t\t\t\t\t\t\t\t<div class=\"wd-post-excerpt entry-content\">\n\t\t\t\t\t\tZobacz jak Bmw przygotowuje si\u0119 do wprowadzenia na rynek nowego Bmw M5 sedan oraz Bmw M5 Touring.\n\n\n\n\nhttps:\/\/youtu.be\/aP2Wul4Y_Lw?si=C...\t\t\t\t\t<\/div>\n\t\t\t\t\n\t\t\t\t\t\t\t\t\t\t\t\t\t\t<div class=\"wd-post-read-more wd-style-link read-more-section\">\n\t\t\t\t\t\t<a class=\"\" href=\"https:\/\/bmwblog.pl\/wideo-bmw-m5-sedan-oraz-m5-touring\/\">Czytaj dalej...<\/a>\t\t\t\t\t<\/div>\n\t\t\t\t\t\t\t\t\t\t\t\t\t<\/div>\n\t<\/div>\n<\/article>\n\n\t\t\t\t\t\t\t\t\t\t\t\n<article id=\"post-19871\" class=\"wd-post blog-design-masonry blog-post-loop blog-style-bg wd-add-shadow wd-col post-19871 post type-post status-publish format-standard has-post-thumbnail hentry category-news tag-bmw-m4 tag-bmw-m4-2024 tag-bmw-m4-2025 tag-jaka-moc-bmw-m4 tag-nowe-bmw-m4 tag-osiagi-bmw-m4 tag-premiera-bmw\">\n\t<div class=\"wd-post-inner article-inner\">\n\t\t\t\t\t<div class=\"wd-post-thumb entry-header\">\n\t\t\t\t\t\t\t\t\t<div class=\"wd-post-img post-img-wrapp\">\n\t\t\t\t\t\t<img width=\"1024\" height=\"683\" src=\"https:\/\/bmwblog.pl\/wp-content\/uploads\/2024\/05\/IMG-6576.jpeg\" class=\"attachment- size-\" alt=\"\u015aWIATOWA PREMIERA: BMW M4 CS!\" decoding=\"async\" srcset=\"https:\/\/bmwblog.pl\/wp-content\/uploads\/2024\/05\/IMG-6576.jpeg 1024w, https:\/\/bmwblog.pl\/wp-content\/uploads\/2024\/05\/IMG-6576-430x287.jpeg 430w, https:\/\/bmwblog.pl\/wp-content\/uploads\/2024\/05\/IMG-6576-150x100.jpeg 150w, https:\/\/bmwblog.pl\/wp-content\/uploads\/2024\/05\/IMG-6576-700x467.jpeg 700w, https:\/\/bmwblog.pl\/wp-content\/uploads\/2024\/05\/IMG-6576-medium.jpeg 600w, https:\/\/bmwblog.pl\/wp-content\/uploads\/2024\/05\/IMG-6576-768x512.jpeg 768w\" sizes=\"(max-width: 1024px) 100vw, 1024px\" \/>\t\t\t\t\t<\/div>\n\t\t\t\t\t\t\t\t\t\t<a class=\"wd-fill\" tabindex=\"-1\" href=\"https:\/\/bmwblog.pl\/swiatowa-premiera-poczuj-moc-bmw-m4-cs\/\" aria-label=\"Link on post \u015aWIATOWA PREMIERA: Poczuj moc BMW M4 CS!\"><\/a>\n\t\t\t\t\n\t\t\t\t\t\t\t\t\t\t\t\t<div class=\"wd-post-date wd-style-with-bg\">\n\t\t\t\t<span class=\"post-date-day\">\n\t\t\t\t\t08\t\t\t\t<\/span>\n\t\t\t\t<span class=\"post-date-month\">\n\t\t\t\t\tmaj\t\t\t\t<\/span>\n\t\t\t<\/div>\n\t\t\t\t\t\t\t\t\t<\/div>\n\t\t\n\t\t<div class=\"wd-post-content article-body-container\">\n\t\t\t\t\t\t\t<div class=\"wd-post-cat wd-style-with-bg meta-post-categories\">\n\t\t\t\t\t<a href=\"https:\/\/bmwblog.pl\/category\/news\/\" rel=\"category tag\">NEWS<\/a>\t\t\t\t<\/div>\n\t\t\t\n\t\t\t\t\t\t\t<h3 class=\"wd-post-title wd-entities-title title post-title\">\n\t\t\t\t\t<a href=\"https:\/\/bmwblog.pl\/swiatowa-premiera-poczuj-moc-bmw-m4-cs\/\" rel=\"bookmark\">\u015aWIATOWA PREMIERA: Poczuj moc BMW M4 CS!<\/a>\n\t\t\t\t<\/h3>\n\t\t\t\n\t\t\t\t\t\t\t<div class=\"wd-post-meta\">\n\t\t\t\t\t\t\t\t\t\t\t\t\t\t\t<div class=\"wd-post-author\">\n\t\t\t\t\t\t\t\t\t\t\t<span>Posted by<\/span>\n\t\t\n\t\t\t\t\t\t\t\n\t\t\t\t\t<a href=\"https:\/\/bmwblog.pl\/author\/bmwblog-pl\/\" class=\"author\" rel=\"author\">Krystian Wilkosz<\/a>\n\t\t\t\t\t\t\t\t\t<\/div>\n\t\t\t\t\t<div class=\"wd-modified-date\">\n\t\t\t\t\t\t\t\t<time class=\"updated\" datetime=\"2025-02-07T23:47:06+01:00\">\n\t\t\t2025-02-07\t\t<\/time>\n\t\t\t\t\t\t\t<\/div>\n\n\t\t\t\t\t\n\t\t\t\t\t\t\t\t\t\t\t\t\t\t\t\t\t<div class=\"wd-post-reply wd-style-1\">\n\t\t\t\t\t\t\t<a href=\"https:\/\/bmwblog.pl\/swiatowa-premiera-poczuj-moc-bmw-m4-cs\/#respond\"><span class=\"wd-replies-count\">0<\/span><\/a>\t\t\t\t\t\t<\/div>\n\t\t\t\t\t\t\t\t\t<\/div>\n\t\t\t\n\t\t\t\t\t\t\t\t\t\t\t\t<div class=\"wd-post-excerpt entry-content\">\n\t\t\t\t\t\tBMW M GmbH wprowadza na rynek kolejny ekscytuj\u0105cy model specjalny z serii BMW M3 i BMW M4. Nowe BMW M4 CS, kt\u00f3re ma swoj\u0105 premier\u0119 dzis...\t\t\t\t\t<\/div>\n\t\t\t\t\n\t\t\t\t\t\t\t\t\t\t\t\t\t\t<div class=\"wd-post-read-more wd-style-link read-more-section\">\n\t\t\t\t\t\t<a class=\"\" href=\"https:\/\/bmwblog.pl\/swiatowa-premiera-poczuj-moc-bmw-m4-cs\/\">Czytaj dalej...<\/a>\t\t\t\t\t<\/div>\n\t\t\t\t\t\t\t\t\t\t\t\t\t<\/div>\n\t<\/div>\n<\/article>\n\n\t\t\t\t\t\t\t\t\t\t\t\n<article id=\"post-19769\" class=\"wd-post blog-design-masonry blog-post-loop blog-style-bg wd-add-shadow wd-col post-19769 post type-post status-publish format-standard has-post-thumbnail hentry category-akcesoria category-news tag-akcesoria-m-performance-do-bmw-serii-5 tag-bmw-5-m-performance tag-bmw-5-touring tag-galeria-zdjec-bmw-serii-5-m-performance\">\n\t<div class=\"wd-post-inner article-inner\">\n\t\t\t\t\t<div class=\"wd-post-thumb entry-header\">\n\t\t\t\t\t\t\t\t\t<div class=\"wd-post-img post-img-wrapp\">\n\t\t\t\t\t\t<img width=\"1024\" height=\"768\" src=\"https:\/\/bmwblog.pl\/wp-content\/uploads\/2024\/05\/IMG-6362.jpeg\" class=\"attachment- size-\" alt=\"Prezentacja akcesori\u00f3w M Performance dla BMW serii 5 Touring\" decoding=\"async\" srcset=\"https:\/\/bmwblog.pl\/wp-content\/uploads\/2024\/05\/IMG-6362.jpeg 1024w, https:\/\/bmwblog.pl\/wp-content\/uploads\/2024\/05\/IMG-6362-430x323.jpeg 430w, https:\/\/bmwblog.pl\/wp-content\/uploads\/2024\/05\/IMG-6362-150x113.jpeg 150w, https:\/\/bmwblog.pl\/wp-content\/uploads\/2024\/05\/IMG-6362-700x525.jpeg 700w, https:\/\/bmwblog.pl\/wp-content\/uploads\/2024\/05\/IMG-6362-medium.jpeg 600w, https:\/\/bmwblog.pl\/wp-content\/uploads\/2024\/05\/IMG-6362-768x576.jpeg 768w, https:\/\/bmwblog.pl\/wp-content\/uploads\/2024\/05\/IMG-6362-64x48.jpeg 64w\" sizes=\"(max-width: 1024px) 100vw, 1024px\" \/>\t\t\t\t\t<\/div>\n\t\t\t\t\t\t\t\t\t\t<a class=\"wd-fill\" tabindex=\"-1\" href=\"https:\/\/bmwblog.pl\/prezentacja-akcesoriow-m-performance-dla-bmw-serii-5-touring\/\" aria-label=\"Link on post Prezentacja akcesori\u00f3w M Performance dla BMW serii 5 Touring\"><\/a>\n\t\t\t\t\n\t\t\t\t\t\t\t\t\t\t\t\t<div class=\"wd-post-date wd-style-with-bg\">\n\t\t\t\t<span class=\"post-date-day\">\n\t\t\t\t\t07\t\t\t\t<\/span>\n\t\t\t\t<span class=\"post-date-month\">\n\t\t\t\t\tmaj\t\t\t\t<\/span>\n\t\t\t<\/div>\n\t\t\t\t\t\t\t\t\t<\/div>\n\t\t\n\t\t<div class=\"wd-post-content article-body-container\">\n\t\t\t\t\t\t\t<div class=\"wd-post-cat wd-style-with-bg meta-post-categories\">\n\t\t\t\t\t<a href=\"https:\/\/bmwblog.pl\/category\/akcesoria\/\" rel=\"category tag\">AKCESORIA<\/a>, <a href=\"https:\/\/bmwblog.pl\/category\/news\/\" rel=\"category tag\">NEWS<\/a>\t\t\t\t<\/div>\n\t\t\t\n\t\t\t\t\t\t\t<h3 class=\"wd-post-title wd-entities-title title post-title\">\n\t\t\t\t\t<a href=\"https:\/\/bmwblog.pl\/prezentacja-akcesoriow-m-performance-dla-bmw-serii-5-touring\/\" rel=\"bookmark\">Prezentacja akcesori\u00f3w M Performance dla BMW serii 5 Touring<\/a>\n\t\t\t\t<\/h3>\n\t\t\t\n\t\t\t\t\t\t\t<div class=\"wd-post-meta\">\n\t\t\t\t\t\t\t\t\t\t\t\t\t\t\t<div class=\"wd-post-author\">\n\t\t\t\t\t\t\t\t\t\t\t<span>Posted by<\/span>\n\t\t\n\t\t\t\t\t\t\t\n\t\t\t\t\t<a href=\"https:\/\/bmwblog.pl\/author\/bmwblog-pl\/\" class=\"author\" rel=\"author\">Krystian Wilkosz<\/a>\n\t\t\t\t\t\t\t\t\t<\/div>\n\t\t\t\t\t<div class=\"wd-modified-date\">\n\t\t\t\t\t\t\t\t<time class=\"updated\" datetime=\"2025-02-07T23:44:18+01:00\">\n\t\t\t2025-02-07\t\t<\/time>\n\t\t\t\t\t\t\t<\/div>\n\n\t\t\t\t\t\n\t\t\t\t\t\t\t\t\t\t\t\t\t\t\t\t\t<div class=\"wd-post-reply wd-style-1\">\n\t\t\t\t\t\t\t<a href=\"https:\/\/bmwblog.pl\/prezentacja-akcesoriow-m-performance-dla-bmw-serii-5-touring\/#respond\"><span class=\"wd-replies-count\">0<\/span><\/a>\t\t\t\t\t\t<\/div>\n\t\t\t\t\t\t\t\t\t<\/div>\n\t\t\t\n\t\t\t\t\t\t\t\t\t\t\t\t<div class=\"wd-post-excerpt entry-content\">\n\t\t\t\t\t\tWyj\u0105tkowa akcesoria na ka\u017cd\u0105 okazj\u0119. Cz\u0119\u015bci BMW M Performance dla nowego BMW 5 Series Touring i nowego BMW i5 Touring\n\n\n\nCharakterystyc...\t\t\t\t\t<\/div>\n\t\t\t\t\n\t\t\t\t\t\t\t\t\t\t\t\t\t\t<div class=\"wd-post-read-more wd-style-link read-more-section\">\n\t\t\t\t\t\t<a class=\"\" href=\"https:\/\/bmwblog.pl\/prezentacja-akcesoriow-m-performance-dla-bmw-serii-5-touring\/\">Czytaj dalej...<\/a>\t\t\t\t\t<\/div>\n\t\t\t\t\t\t\t\t\t\t\t\t\t<\/div>\n\t<\/div>\n<\/article>\n\n\t\t\t\t\t\t\t\t\t\t\t\t\t\t<link rel=\"stylesheet\" id=\"wd-blog-mod-gallery-css\" href=\"https:\/\/bmwblog.pl\/wp-content\/themes\/woodmart%208.3.8\/css\/parts\/blog-mod-gallery.min.css?ver=8.3.8\" type=\"text\/css\" media=\"all\" \/> \t\t\t\n<article id=\"post-19415\" class=\"wd-post blog-design-masonry blog-post-loop blog-style-bg wd-add-shadow wd-col post-19415 post type-post status-publish format-gallery has-post-thumbnail hentry category-galeria category-news tag-bmw-4 tag-bmw-4-2024 tag-bmw-4-2025 tag-bmw-4-gran-coupe tag-bmw-4-gran-coupe-2025 post_format-post-format-gallery\">\n\t<div class=\"wd-post-inner article-inner\">\n\t\t\t\t\t<div class=\"wd-post-thumb entry-header wd-carousel-container wd-post-gallery\">\n\t\t\t\t\t\t\t\t\t\t\t\t<link rel=\"stylesheet\" id=\"wd-swiper-css\" href=\"https:\/\/bmwblog.pl\/wp-content\/themes\/woodmart%208.3.8\/css\/parts\/lib-swiper.min.css?ver=8.3.8\" type=\"text\/css\" media=\"all\" \/> \t\t\t\t\t\t\t\t<div class=\"wd-carousel-inner color-scheme-light\">\n\t\t\t\t\t\t<div class=\"wd-carousel wd-grid\"data-autoheight=\"yes\" data-scroll_per_page=\"yes\" style=\"--wd-col-lg:1;--wd-col-md:1;--wd-col-sm:1;\">\n\t\t\t\t\t\t\t<div class=\"wd-carousel-wrap\">\n\t\t\t\t\t\t\t\t\t\t\t\t\t\t\t\t\t<div class=\"wd-carousel-item\">\n\t\t\t\t\t\t\t\t\t\t<img width=\"827\" height=\"1024\" src=\"https:\/\/bmwblog.pl\/wp-content\/uploads\/2024\/05\/IMG_6178.jpeg\" class=\"attachment- size-\" alt=\"BMW 4 Gran Coupe- \u201estary\u201d vs nowy. Zobacz por\u00f3wnanie.\" decoding=\"async\" srcset=\"https:\/\/bmwblog.pl\/wp-content\/uploads\/2024\/05\/IMG_6178.jpeg 827w, https:\/\/bmwblog.pl\/wp-content\/uploads\/2024\/05\/IMG_6178-430x532.jpeg 430w, https:\/\/bmwblog.pl\/wp-content\/uploads\/2024\/05\/IMG_6178-150x186.jpeg 150w, https:\/\/bmwblog.pl\/wp-content\/uploads\/2024\/05\/IMG_6178-700x867.jpeg 700w, https:\/\/bmwblog.pl\/wp-content\/uploads\/2024\/05\/IMG_6178-medium.jpeg 485w, https:\/\/bmwblog.pl\/wp-content\/uploads\/2024\/05\/IMG_6178-768x951.jpeg 768w, https:\/\/bmwblog.pl\/wp-content\/uploads\/2024\/05\/IMG_6178-404x500.jpeg 404w, https:\/\/bmwblog.pl\/wp-content\/uploads\/2024\/05\/IMG_6178-64x79.jpeg 64w\" sizes=\"(max-width: 827px) 100vw, 827px\" \/>\t\t\t\t\t\t\t\t\t<\/div>\n\t\t\t\t\t\t\t\t\t\t\t\t\t\t\t\t\t\t<div class=\"wd-carousel-item\">\n\t\t\t\t\t\t\t\t\t\t<img width=\"822\" height=\"1024\" src=\"https:\/\/bmwblog.pl\/wp-content\/uploads\/2024\/05\/IMG_6179.jpeg\" class=\"attachment- size-\" alt=\"BMW 4 Gran Coupe- \u201estary\u201d vs nowy. Zobacz por\u00f3wnanie.\" decoding=\"async\" srcset=\"https:\/\/bmwblog.pl\/wp-content\/uploads\/2024\/05\/IMG_6179.jpeg 822w, https:\/\/bmwblog.pl\/wp-content\/uploads\/2024\/05\/IMG_6179-430x536.jpeg 430w, https:\/\/bmwblog.pl\/wp-content\/uploads\/2024\/05\/IMG_6179-150x187.jpeg 150w, https:\/\/bmwblog.pl\/wp-content\/uploads\/2024\/05\/IMG_6179-700x872.jpeg 700w, https:\/\/bmwblog.pl\/wp-content\/uploads\/2024\/05\/IMG_6179-medium.jpeg 482w, https:\/\/bmwblog.pl\/wp-content\/uploads\/2024\/05\/IMG_6179-768x957.jpeg 768w, https:\/\/bmwblog.pl\/wp-content\/uploads\/2024\/05\/IMG_6179-401x500.jpeg 401w, https:\/\/bmwblog.pl\/wp-content\/uploads\/2024\/05\/IMG_6179-64x80.jpeg 64w\" sizes=\"(max-width: 822px) 100vw, 822px\" \/>\t\t\t\t\t\t\t\t\t<\/div>\n\t\t\t\t\t\t\t\t\t\t\t\t\t\t\t\t\t\t<div class=\"wd-carousel-item\">\n\t\t\t\t\t\t\t\t\t\t<img width=\"820\" height=\"1024\" src=\"https:\/\/bmwblog.pl\/wp-content\/uploads\/2024\/05\/IMG_6180.jpeg\" class=\"attachment- size-\" alt=\"BMW 4 Gran Coupe- \u201estary\u201d vs nowy. Zobacz por\u00f3wnanie.\" decoding=\"async\" srcset=\"https:\/\/bmwblog.pl\/wp-content\/uploads\/2024\/05\/IMG_6180.jpeg 820w, https:\/\/bmwblog.pl\/wp-content\/uploads\/2024\/05\/IMG_6180-430x537.jpeg 430w, https:\/\/bmwblog.pl\/wp-content\/uploads\/2024\/05\/IMG_6180-150x187.jpeg 150w, https:\/\/bmwblog.pl\/wp-content\/uploads\/2024\/05\/IMG_6180-700x874.jpeg 700w, https:\/\/bmwblog.pl\/wp-content\/uploads\/2024\/05\/IMG_6180-medium.jpeg 480w, https:\/\/bmwblog.pl\/wp-content\/uploads\/2024\/05\/IMG_6180-768x959.jpeg 768w, https:\/\/bmwblog.pl\/wp-content\/uploads\/2024\/05\/IMG_6180-400x500.jpeg 400w, https:\/\/bmwblog.pl\/wp-content\/uploads\/2024\/05\/IMG_6180-64x80.jpeg 64w\" sizes=\"(max-width: 820px) 100vw, 820px\" \/>\t\t\t\t\t\t\t\t\t<\/div>\n\t\t\t\t\t\t\t\t\t\t\t\t\t\t\t\t\t\t<div class=\"wd-carousel-item\">\n\t\t\t\t\t\t\t\t\t\t<img width=\"824\" height=\"1024\" src=\"https:\/\/bmwblog.pl\/wp-content\/uploads\/2024\/05\/IMG_6181.jpeg\" class=\"attachment- size-\" alt=\"BMW 4 Gran Coupe- \u201estary\u201d vs nowy. Zobacz por\u00f3wnanie.\" decoding=\"async\" srcset=\"https:\/\/bmwblog.pl\/wp-content\/uploads\/2024\/05\/IMG_6181.jpeg 824w, https:\/\/bmwblog.pl\/wp-content\/uploads\/2024\/05\/IMG_6181-430x534.jpeg 430w, https:\/\/bmwblog.pl\/wp-content\/uploads\/2024\/05\/IMG_6181-150x186.jpeg 150w, https:\/\/bmwblog.pl\/wp-content\/uploads\/2024\/05\/IMG_6181-700x870.jpeg 700w, https:\/\/bmwblog.pl\/wp-content\/uploads\/2024\/05\/IMG_6181-medium.jpeg 483w, https:\/\/bmwblog.pl\/wp-content\/uploads\/2024\/05\/IMG_6181-768x954.jpeg 768w, https:\/\/bmwblog.pl\/wp-content\/uploads\/2024\/05\/IMG_6181-402x500.jpeg 402w, https:\/\/bmwblog.pl\/wp-content\/uploads\/2024\/05\/IMG_6181-64x80.jpeg 64w\" sizes=\"(max-width: 824px) 100vw, 824px\" \/>\t\t\t\t\t\t\t\t\t<\/div>\n\t\t\t\t\t\t\t\t\t\t\t\t\t\t\t\t\t\t<div class=\"wd-carousel-item\">\n\t\t\t\t\t\t\t\t\t\t<img width=\"823\" height=\"1024\" src=\"https:\/\/bmwblog.pl\/wp-content\/uploads\/2024\/05\/IMG_6182.jpeg\" class=\"attachment- size-\" alt=\"BMW 4 Gran Coupe- \u201estary\u201d vs nowy. Zobacz por\u00f3wnanie.\" decoding=\"async\" srcset=\"https:\/\/bmwblog.pl\/wp-content\/uploads\/2024\/05\/IMG_6182.jpeg 823w, https:\/\/bmwblog.pl\/wp-content\/uploads\/2024\/05\/IMG_6182-430x535.jpeg 430w, https:\/\/bmwblog.pl\/wp-content\/uploads\/2024\/05\/IMG_6182-150x187.jpeg 150w, https:\/\/bmwblog.pl\/wp-content\/uploads\/2024\/05\/IMG_6182-700x871.jpeg 700w, https:\/\/bmwblog.pl\/wp-content\/uploads\/2024\/05\/IMG_6182-medium.jpeg 482w, https:\/\/bmwblog.pl\/wp-content\/uploads\/2024\/05\/IMG_6182-768x956.jpeg 768w, https:\/\/bmwblog.pl\/wp-content\/uploads\/2024\/05\/IMG_6182-402x500.jpeg 402w, https:\/\/bmwblog.pl\/wp-content\/uploads\/2024\/05\/IMG_6182-64x80.jpeg 64w\" sizes=\"(max-width: 823px) 100vw, 823px\" \/>\t\t\t\t\t\t\t\t\t<\/div>\n\t\t\t\t\t\t\t\t\t\t\t\t\t\t\t\t\t\t<div class=\"wd-carousel-item\">\n\t\t\t\t\t\t\t\t\t\t<img width=\"822\" height=\"1024\" src=\"https:\/\/bmwblog.pl\/wp-content\/uploads\/2024\/05\/IMG_6183.jpeg\" class=\"attachment- size-\" alt=\"BMW 4 Gran Coupe- \u201estary\u201d vs nowy. Zobacz por\u00f3wnanie.\" decoding=\"async\" srcset=\"https:\/\/bmwblog.pl\/wp-content\/uploads\/2024\/05\/IMG_6183.jpeg 822w, https:\/\/bmwblog.pl\/wp-content\/uploads\/2024\/05\/IMG_6183-430x536.jpeg 430w, https:\/\/bmwblog.pl\/wp-content\/uploads\/2024\/05\/IMG_6183-150x187.jpeg 150w, https:\/\/bmwblog.pl\/wp-content\/uploads\/2024\/05\/IMG_6183-700x872.jpeg 700w, https:\/\/bmwblog.pl\/wp-content\/uploads\/2024\/05\/IMG_6183-medium.jpeg 482w, https:\/\/bmwblog.pl\/wp-content\/uploads\/2024\/05\/IMG_6183-768x957.jpeg 768w, https:\/\/bmwblog.pl\/wp-content\/uploads\/2024\/05\/IMG_6183-401x500.jpeg 401w, https:\/\/bmwblog.pl\/wp-content\/uploads\/2024\/05\/IMG_6183-64x80.jpeg 64w\" sizes=\"(max-width: 822px) 100vw, 822px\" \/>\t\t\t\t\t\t\t\t\t<\/div>\n\t\t\t\t\t\t\t\t\t\t\t\t\t\t\t\t\t\t<div class=\"wd-carousel-item\">\n\t\t\t\t\t\t\t\t\t\t<img width=\"811\" height=\"1024\" src=\"https:\/\/bmwblog.pl\/wp-content\/uploads\/2024\/05\/IMG_6184.jpeg\" class=\"attachment- size-\" alt=\"BMW 4 Gran Coupe- \u201estary\u201d vs nowy. Zobacz por\u00f3wnanie.\" decoding=\"async\" srcset=\"https:\/\/bmwblog.pl\/wp-content\/uploads\/2024\/05\/IMG_6184.jpeg 811w, https:\/\/bmwblog.pl\/wp-content\/uploads\/2024\/05\/IMG_6184-430x543.jpeg 430w, https:\/\/bmwblog.pl\/wp-content\/uploads\/2024\/05\/IMG_6184-150x189.jpeg 150w, https:\/\/bmwblog.pl\/wp-content\/uploads\/2024\/05\/IMG_6184-700x884.jpeg 700w, https:\/\/bmwblog.pl\/wp-content\/uploads\/2024\/05\/IMG_6184-medium.jpeg 475w, https:\/\/bmwblog.pl\/wp-content\/uploads\/2024\/05\/IMG_6184-768x970.jpeg 768w, https:\/\/bmwblog.pl\/wp-content\/uploads\/2024\/05\/IMG_6184-396x500.jpeg 396w, https:\/\/bmwblog.pl\/wp-content\/uploads\/2024\/05\/IMG_6184-64x81.jpeg 64w\" sizes=\"(max-width: 811px) 100vw, 811px\" \/>\t\t\t\t\t\t\t\t\t<\/div>\n\t\t\t\t\t\t\t\t\t\t\t\t\t\t\t\t\t\t<div class=\"wd-carousel-item\">\n\t\t\t\t\t\t\t\t\t\t<img width=\"818\" height=\"1024\" src=\"https:\/\/bmwblog.pl\/wp-content\/uploads\/2024\/05\/IMG_6185.jpeg\" class=\"attachment- size-\" alt=\"BMW 4 Gran Coupe- \u201estary\u201d vs nowy. Zobacz por\u00f3wnanie.\" decoding=\"async\" srcset=\"https:\/\/bmwblog.pl\/wp-content\/uploads\/2024\/05\/IMG_6185.jpeg 818w, https:\/\/bmwblog.pl\/wp-content\/uploads\/2024\/05\/IMG_6185-430x538.jpeg 430w, https:\/\/bmwblog.pl\/wp-content\/uploads\/2024\/05\/IMG_6185-150x188.jpeg 150w, https:\/\/bmwblog.pl\/wp-content\/uploads\/2024\/05\/IMG_6185-700x876.jpeg 700w, https:\/\/bmwblog.pl\/wp-content\/uploads\/2024\/05\/IMG_6185-medium.jpeg 479w, https:\/\/bmwblog.pl\/wp-content\/uploads\/2024\/05\/IMG_6185-768x961.jpeg 768w, https:\/\/bmwblog.pl\/wp-content\/uploads\/2024\/05\/IMG_6185-399x500.jpeg 399w, https:\/\/bmwblog.pl\/wp-content\/uploads\/2024\/05\/IMG_6185-64x80.jpeg 64w\" sizes=\"(max-width: 818px) 100vw, 818px\" \/>\t\t\t\t\t\t\t\t\t<\/div>\n\t\t\t\t\t\t\t\t\t\t\t\t\t\t\t\t<\/div>\n\t\t\t\t\t\t<\/div>\n\t\t\t\t\t\t\t\t<div class=\"wd-nav-arrows wd-post-arrows wd-pos-sep wd-custom-style wd-icon-1\">\n\t\t\t<div class=\"wd-btn-arrow wd-prev wd-disabled\">\n\t\t\t\t<div class=\"wd-arrow-inner\"><\/div>\n\t\t\t<\/div>\n\t\t\t<div class=\"wd-btn-arrow wd-next\">\n\t\t\t\t<div class=\"wd-arrow-inner\"><\/div>\n\t\t\t<\/div>\n\t\t<\/div>\n\t\t\t\t\t<link rel=\"stylesheet\" id=\"wd-swiper-arrows-css\" href=\"https:\/\/bmwblog.pl\/wp-content\/themes\/woodmart%208.3.8\/css\/parts\/lib-swiper-arrows.min.css?ver=8.3.8\" type=\"text\/css\" media=\"all\" \/> \t\t\t\t\t\t\t\t<\/div>\n\t\t\t\t\n\t\t\t\t\t\t\t\t\t\t\t\t<div class=\"wd-post-date wd-style-with-bg\">\n\t\t\t\t<span class=\"post-date-day\">\n\t\t\t\t\t03\t\t\t\t<\/span>\n\t\t\t\t<span class=\"post-date-month\">\n\t\t\t\t\tmaj\t\t\t\t<\/span>\n\t\t\t<\/div>\n\t\t\t\t\t\t\t\t\t<\/div>\n\t\t\n\t\t<div class=\"wd-post-content article-body-container\">\n\t\t\t\t\t\t\t<div class=\"wd-post-cat wd-style-with-bg meta-post-categories\">\n\t\t\t\t\t<a href=\"https:\/\/bmwblog.pl\/category\/galeria\/\" rel=\"category tag\">GALERIA<\/a>, <a href=\"https:\/\/bmwblog.pl\/category\/news\/\" rel=\"category tag\">NEWS<\/a>\t\t\t\t<\/div>\n\t\t\t\n\t\t\t\t\t\t\t<h3 class=\"wd-post-title wd-entities-title title post-title\">\n\t\t\t\t\t<a href=\"https:\/\/bmwblog.pl\/bmw-4-gran-coupe-stary-vs-nowy-zobacz-porownanie\/\" rel=\"bookmark\">BMW 4 Gran Coupe- \u201estary\u201d vs nowy. Zobacz por\u00f3wnanie.<\/a>\n\t\t\t\t<\/h3>\n\t\t\t\n\t\t\t\t\t\t\t<div class=\"wd-post-meta\">\n\t\t\t\t\t\t\t\t\t\t\t\t\t\t\t<div class=\"wd-post-author\">\n\t\t\t\t\t\t\t\t\t\t\t<span>Posted by<\/span>\n\t\t\n\t\t\t\t\t\t\t\n\t\t\t\t\t<a href=\"https:\/\/bmwblog.pl\/author\/bmwblog-pl\/\" class=\"author\" rel=\"author\">Krystian Wilkosz<\/a>\n\t\t\t\t\t\t\t\t\t<\/div>\n\t\t\t\t\t<div class=\"wd-modified-date\">\n\t\t\t\t\t\t\t\t<time class=\"updated\" datetime=\"2025-02-07T23:42:53+01:00\">\n\t\t\t2025-02-07\t\t<\/time>\n\t\t\t\t\t\t\t<\/div>\n\n\t\t\t\t\t\n\t\t\t\t\t\t\t\t\t\t\t\t\t\t\t\t\t<div class=\"wd-post-reply wd-style-1\">\n\t\t\t\t\t\t\t<a href=\"https:\/\/bmwblog.pl\/bmw-4-gran-coupe-stary-vs-nowy-zobacz-porownanie\/#respond\"><span class=\"wd-replies-count\">0<\/span><\/a>\t\t\t\t\t\t<\/div>\n\t\t\t\t\t\t\t\t\t<\/div>\n\t\t\t\n\t\t\t\t\t\t\t\t\t\t\t\t<div class=\"wd-post-excerpt entry-content\">\n\t\t\t\t\t\tZastanawiacie si\u0119 jak wygl\u0105da wizualne por\u00f3wnanie nowego modelu Bmw serii 4 Gran Coupe 2025 vs model, kt\u00f3ry aktualnie jest w sprzeda\u017cy?...\t\t\t\t\t<\/div>\n\t\t\t\t\n\t\t\t\t\t\t\t\t\t\t\t\t\t\t<div class=\"wd-post-read-more wd-style-link read-more-section\">\n\t\t\t\t\t\t<a class=\"\" href=\"https:\/\/bmwblog.pl\/bmw-4-gran-coupe-stary-vs-nowy-zobacz-porownanie\/\">Czytaj dalej...<\/a>\t\t\t\t\t<\/div>\n\t\t\t\t\t\t\t\t\t\t\t\t\t<\/div>\n\t<\/div>\n<\/article>\n\n\t\t\t\t\t\t\t\t\t\t\t\n<article id=\"post-19042\" class=\"wd-post blog-design-masonry blog-post-loop blog-style-bg wd-add-shadow wd-col post-19042 post type-post status-publish format-standard has-post-thumbnail hentry category-news tag-aceman-2024 tag-elektryk-mini tag-galeria-mini-aceman tag-mini-2024 tag-mini-aceman tag-premiera-mini-aceman tag-zdjecia-mini-aceman\">\n\t<div class=\"wd-post-inner article-inner\">\n\t\t\t\t\t<div class=\"wd-post-thumb entry-header\">\n\t\t\t\t\t\t\t\t\t<div class=\"wd-post-img post-img-wrapp\">\n\t\t\t\t\t\t<img width=\"1178\" height=\"785\" src=\"https:\/\/bmwblog.pl\/wp-content\/uploads\/2024\/04\/IMG_6028.webp\" class=\"attachment- size-\" alt=\"Mini Aceman: Elektryczna Rewolucja w Stylu MINI\" decoding=\"async\" srcset=\"https:\/\/bmwblog.pl\/wp-content\/uploads\/2024\/04\/IMG_6028.webp 1178w, https:\/\/bmwblog.pl\/wp-content\/uploads\/2024\/04\/IMG_6028-430x287.webp 430w, https:\/\/bmwblog.pl\/wp-content\/uploads\/2024\/04\/IMG_6028-150x100.webp 150w, https:\/\/bmwblog.pl\/wp-content\/uploads\/2024\/04\/IMG_6028-700x466.webp 700w, https:\/\/bmwblog.pl\/wp-content\/uploads\/2024\/04\/IMG_6028-medium.webp 600w, https:\/\/bmwblog.pl\/wp-content\/uploads\/2024\/04\/IMG_6028-large.webp 1024w, https:\/\/bmwblog.pl\/wp-content\/uploads\/2024\/04\/IMG_6028-768x512.webp 768w, https:\/\/bmwblog.pl\/wp-content\/uploads\/2024\/04\/IMG_6028-64x43.webp 64w\" sizes=\"(max-width: 1178px) 100vw, 1178px\" \/>\t\t\t\t\t<\/div>\n\t\t\t\t\t\t\t\t\t\t<a class=\"wd-fill\" tabindex=\"-1\" href=\"https:\/\/bmwblog.pl\/mini-aceman-elektryczna-rewolucja-w-stylu-mini\/\" aria-label=\"Link on post Mini Aceman: Elektryczna Rewolucja w Stylu MINI\"><\/a>\n\t\t\t\t\n\t\t\t\t\t\t\t\t\t\t\t\t<div class=\"wd-post-date wd-style-with-bg\">\n\t\t\t\t<span class=\"post-date-day\">\n\t\t\t\t\t24\t\t\t\t<\/span>\n\t\t\t\t<span class=\"post-date-month\">\n\t\t\t\t\tkwi\t\t\t\t<\/span>\n\t\t\t<\/div>\n\t\t\t\t\t\t\t\t\t<\/div>\n\t\t\n\t\t<div class=\"wd-post-content article-body-container\">\n\t\t\t\t\t\t\t<div class=\"wd-post-cat wd-style-with-bg meta-post-categories\">\n\t\t\t\t\t<a href=\"https:\/\/bmwblog.pl\/category\/news\/\" rel=\"category tag\">NEWS<\/a>\t\t\t\t<\/div>\n\t\t\t\n\t\t\t\t\t\t\t<h3 class=\"wd-post-title wd-entities-title title post-title\">\n\t\t\t\t\t<a href=\"https:\/\/bmwblog.pl\/mini-aceman-elektryczna-rewolucja-w-stylu-mini\/\" rel=\"bookmark\">Mini Aceman: Elektryczna Rewolucja w Stylu MINI<\/a>\n\t\t\t\t<\/h3>\n\t\t\t\n\t\t\t\t\t\t\t<div class=\"wd-post-meta\">\n\t\t\t\t\t\t\t\t\t\t\t\t\t\t\t<div class=\"wd-post-author\">\n\t\t\t\t\t\t\t\t\t\t\t<span>Posted by<\/span>\n\t\t\n\t\t\t\t\t\t\t\n\t\t\t\t\t<a href=\"https:\/\/bmwblog.pl\/author\/bmwblog-pl\/\" class=\"author\" rel=\"author\">Krystian Wilkosz<\/a>\n\t\t\t\t\t\t\t\t\t<\/div>\n\t\t\t\t\t<div class=\"wd-modified-date\">\n\t\t\t\t\t\t\t\t<time class=\"updated\" datetime=\"2025-02-07T23:41:17+01:00\">\n\t\t\t2025-02-07\t\t<\/time>\n\t\t\t\t\t\t\t<\/div>\n\n\t\t\t\t\t\n\t\t\t\t\t\t\t\t\t\t\t\t\t\t\t\t\t<div class=\"wd-post-reply wd-style-1\">\n\t\t\t\t\t\t\t<a href=\"https:\/\/bmwblog.pl\/mini-aceman-elektryczna-rewolucja-w-stylu-mini\/#respond\"><span class=\"wd-replies-count\">0<\/span><\/a>\t\t\t\t\t\t<\/div>\n\t\t\t\t\t\t\t\t\t<\/div>\n\t\t\t\n\t\t\t\t\t\t\t\t\t\t\t\t<div class=\"wd-post-excerpt entry-content\">\n\t\t\t\t\t\tDzisiaj w internetowej przestrzeni zadebiutowa\u0142&nbsp;Mini Aceman, najnowszy elektryczny crossover marki MINI, kt\u00f3ry \u0142\u0105czy w sobie trady...\t\t\t\t\t<\/div>\n\t\t\t\t\n\t\t\t\t\t\t\t\t\t\t\t\t\t\t<div class=\"wd-post-read-more wd-style-link read-more-section\">\n\t\t\t\t\t\t<a class=\"\" href=\"https:\/\/bmwblog.pl\/mini-aceman-elektryczna-rewolucja-w-stylu-mini\/\">Czytaj dalej...<\/a>\t\t\t\t\t<\/div>\n\t\t\t\t\t\t\t\t\t\t\t\t\t<\/div>\n\t<\/div>\n<\/article>\n\n\t\t\t\t\t\n\t\t\t\t\t","status":"have-posts","nextPage":"https:\/\/bmwblog.pl\/category\/news\/page\/42\/?woo_ajax=1","currentPage":"https:\/\/bmwblog.pl\/category\/news\/page\/41"}