
			
				

					
				

			
		{"items":"\n\t\t\t\t\t\t\t\t\t\t\t\t\t\t<link rel=\"stylesheet\" id=\"wd-post-types-mod-categories-style-bg-css\" href=\"https:\/\/bmwblog.pl\/wp-content\/themes\/woodmart%208.3.8\/css\/parts\/post-types-mod-categories-style-bg.min.css?ver=8.3.8\" type=\"text\/css\" media=\"all\" \/> \t\t\t\t\t\t<link rel=\"stylesheet\" id=\"wd-blog-mod-gallery-css\" href=\"https:\/\/bmwblog.pl\/wp-content\/themes\/woodmart%208.3.8\/css\/parts\/blog-mod-gallery.min.css?ver=8.3.8\" type=\"text\/css\" media=\"all\" \/> \t\t\t\n<article id=\"post-18986\" class=\"wd-post blog-design-masonry blog-post-loop blog-style-bg wd-add-shadow wd-col post-18986 post type-post status-publish format-gallery has-post-thumbnail hentry category-galeria category-news tag-bmw-4-2024 tag-bmw-4-2025 tag-bmw-4-galeria tag-bmw-4-galeria-zdjec tag-bmw-m440-zdjecia tag-bmw-m440i-premiera tag-nowy-model-bmw-4 post_format-post-format-gallery\">\n\t<div class=\"wd-post-inner article-inner\">\n\t\t\t\t\t<div class=\"wd-post-thumb entry-header\">\n\t\t\t\t\t\t\t\t\t<div class=\"wd-post-img post-img-wrapp\">\n\t\t\t\t\t\t<img width=\"1178\" height=\"785\" src=\"https:\/\/bmwblog.pl\/wp-content\/uploads\/2024\/04\/img_10_1713980141488.webp\" class=\"attachment- size-\" alt=\"GALERIA: Nowe BMW serii 4 LCI 2025\" decoding=\"async\" fetchpriority=\"high\" srcset=\"https:\/\/bmwblog.pl\/wp-content\/uploads\/2024\/04\/img_10_1713980141488.webp 1178w, https:\/\/bmwblog.pl\/wp-content\/uploads\/2024\/04\/img_10_1713980141488-430x287.webp 430w, https:\/\/bmwblog.pl\/wp-content\/uploads\/2024\/04\/img_10_1713980141488-150x100.webp 150w, https:\/\/bmwblog.pl\/wp-content\/uploads\/2024\/04\/img_10_1713980141488-700x466.webp 700w, https:\/\/bmwblog.pl\/wp-content\/uploads\/2024\/04\/img_10_1713980141488-medium.webp 600w, https:\/\/bmwblog.pl\/wp-content\/uploads\/2024\/04\/img_10_1713980141488-large.webp 1024w, https:\/\/bmwblog.pl\/wp-content\/uploads\/2024\/04\/img_10_1713980141488-768x512.webp 768w, https:\/\/bmwblog.pl\/wp-content\/uploads\/2024\/04\/img_10_1713980141488-64x43.webp 64w\" sizes=\"(max-width: 1178px) 100vw, 1178px\" \/>\t\t\t\t\t<\/div>\n\t\t\t\t\t\t\t\t\t\t<a class=\"wd-fill\" tabindex=\"-1\" href=\"https:\/\/bmwblog.pl\/galeria-nowe-bmw-serii-4-lci-2025\/\" aria-label=\"Link on post GALERIA: Nowe BMW serii 4 LCI 2025\"><\/a>\n\t\t\t\t\n\t\t\t\t\t\t\t\t\t\t\t\t<link rel=\"stylesheet\" id=\"wd-post-types-mod-date-style-bg-css\" href=\"https:\/\/bmwblog.pl\/wp-content\/themes\/woodmart%208.3.8\/css\/parts\/post-types-mod-date-style-bg.min.css?ver=8.3.8\" type=\"text\/css\" media=\"all\" \/> \t\t\t\t\t\t<div class=\"wd-post-date wd-style-with-bg\">\n\t\t\t\t<span class=\"post-date-day\">\n\t\t\t\t\t24\t\t\t\t<\/span>\n\t\t\t\t<span class=\"post-date-month\">\n\t\t\t\t\tkwi\t\t\t\t<\/span>\n\t\t\t<\/div>\n\t\t\t\t\t\t\t\t\t<\/div>\n\t\t\n\t\t<div class=\"wd-post-content article-body-container\">\n\t\t\t\t\t\t\t<div class=\"wd-post-cat wd-style-with-bg meta-post-categories\">\n\t\t\t\t\t<a href=\"https:\/\/bmwblog.pl\/category\/galeria\/\" rel=\"category tag\">GALERIA<\/a>, <a href=\"https:\/\/bmwblog.pl\/category\/news\/\" rel=\"category tag\">NEWS<\/a>\t\t\t\t<\/div>\n\t\t\t\n\t\t\t\t\t\t\t<h3 class=\"wd-post-title wd-entities-title title post-title\">\n\t\t\t\t\t<a href=\"https:\/\/bmwblog.pl\/galeria-nowe-bmw-serii-4-lci-2025\/\" rel=\"bookmark\">GALERIA: Nowe BMW serii 4 LCI 2025<\/a>\n\t\t\t\t<\/h3>\n\t\t\t\n\t\t\t\t\t\t\t<div class=\"wd-post-meta\">\n\t\t\t\t\t\t\t\t\t\t\t\t\t<link rel=\"stylesheet\" id=\"wd-blog-mod-author-css\" href=\"https:\/\/bmwblog.pl\/wp-content\/themes\/woodmart%208.3.8\/css\/parts\/blog-mod-author.min.css?ver=8.3.8\" type=\"text\/css\" media=\"all\" \/> \t\t\t\t\t\t\t\t<div class=\"wd-post-author\">\n\t\t\t\t\t\t\t\t\t\t\t<span>Posted by<\/span>\n\t\t\n\t\t\t\t\t\t\t\n\t\t\t\t\t<a href=\"https:\/\/bmwblog.pl\/author\/bmwblog-pl\/\" class=\"author\" rel=\"author\">Krystian Wilkosz<\/a>\n\t\t\t\t\t\t\t\t\t<\/div>\n\t\t\t\t\t<div class=\"wd-modified-date\">\n\t\t\t\t\t\t\t\t<time class=\"updated\" datetime=\"2025-02-07T23:39:44+01:00\">\n\t\t\t2025-02-07\t\t<\/time>\n\t\t\t\t\t\t\t<\/div>\n\n\t\t\t\t\t\n\t\t\t\t\t\t\t\t\t\t\t\t\t\t<link rel=\"stylesheet\" id=\"wd-blog-mod-comments-button-css\" href=\"https:\/\/bmwblog.pl\/wp-content\/themes\/woodmart%208.3.8\/css\/parts\/blog-mod-comments-button.min.css?ver=8.3.8\" type=\"text\/css\" media=\"all\" \/> \t\t\t\t\t\t\t\t\t<div class=\"wd-post-reply wd-style-1\">\n\t\t\t\t\t\t\t<a href=\"https:\/\/bmwblog.pl\/galeria-nowe-bmw-serii-4-lci-2025\/#respond\"><span class=\"wd-replies-count\">0<\/span><\/a>\t\t\t\t\t\t<\/div>\n\t\t\t\t\t\t\t\t\t<\/div>\n\t\t\t\n\t\t\t\t\t\t\t\t\t\t\t\t<div class=\"wd-post-excerpt entry-content\">\n\t\t\t\t\t\tZobacz co si\u0119 zmieni\u0142o w najnowszym modelu BMW serii 4 2025.\n\n\n\nZapraszam do galerii:\n\n\n                  \n\n\n\u0179r\u00f3d\u0142o: bmw.pl\t\t\t\t\t<\/div>\n\t\t\t\t\n\t\t\t\t\t\t\t\t\t\t\t\t\t\t<div class=\"wd-post-read-more wd-style-link read-more-section\">\n\t\t\t\t\t\t<a class=\"\" href=\"https:\/\/bmwblog.pl\/galeria-nowe-bmw-serii-4-lci-2025\/\">Czytaj dalej...<\/a>\t\t\t\t\t<\/div>\n\t\t\t\t\t\t\t\t\t\t\t\t\t<\/div>\n\t<\/div>\n<\/article>\n\n\t\t\t\t\t\t\t\t\t\t\t\n<article id=\"post-18955\" class=\"wd-post blog-design-masonry blog-post-loop blog-style-bg wd-add-shadow wd-col post-18955 post type-post status-publish format-standard has-post-thumbnail hentry category-news\">\n\t<div class=\"wd-post-inner article-inner\">\n\t\t\t\t\t<div class=\"wd-post-thumb entry-header\">\n\t\t\t\t\t\t\t\t\t<div class=\"wd-post-img post-img-wrapp\">\n\t\t\t\t\t\t<img width=\"1180\" height=\"787\" src=\"https:\/\/bmwblog.pl\/wp-content\/uploads\/2024\/04\/IMG_6002.webp\" class=\"attachment- size-\" alt=\"BMW i4 LCI 2025: Elektryczna premiera  od BMW!\" decoding=\"async\" srcset=\"https:\/\/bmwblog.pl\/wp-content\/uploads\/2024\/04\/IMG_6002.webp 1180w, https:\/\/bmwblog.pl\/wp-content\/uploads\/2024\/04\/IMG_6002-430x287.webp 430w, https:\/\/bmwblog.pl\/wp-content\/uploads\/2024\/04\/IMG_6002-150x100.webp 150w, https:\/\/bmwblog.pl\/wp-content\/uploads\/2024\/04\/IMG_6002-700x467.webp 700w, https:\/\/bmwblog.pl\/wp-content\/uploads\/2024\/04\/IMG_6002-medium.webp 600w, https:\/\/bmwblog.pl\/wp-content\/uploads\/2024\/04\/IMG_6002-large.webp 1024w, https:\/\/bmwblog.pl\/wp-content\/uploads\/2024\/04\/IMG_6002-768x512.webp 768w, https:\/\/bmwblog.pl\/wp-content\/uploads\/2024\/04\/IMG_6002-64x43.webp 64w\" sizes=\"(max-width: 1180px) 100vw, 1180px\" \/>\t\t\t\t\t<\/div>\n\t\t\t\t\t\t\t\t\t\t<a class=\"wd-fill\" tabindex=\"-1\" href=\"https:\/\/bmwblog.pl\/bmw-i4-lci-2025-elektryczna-premiera-od-bmw\/\" aria-label=\"Link on post BMW i4 LCI 2025: Elektryczna premiera  od BMW!\"><\/a>\n\t\t\t\t\n\t\t\t\t\t\t\t\t\t\t\t\t<div class=\"wd-post-date wd-style-with-bg\">\n\t\t\t\t<span class=\"post-date-day\">\n\t\t\t\t\t24\t\t\t\t<\/span>\n\t\t\t\t<span class=\"post-date-month\">\n\t\t\t\t\tkwi\t\t\t\t<\/span>\n\t\t\t<\/div>\n\t\t\t\t\t\t\t\t\t<\/div>\n\t\t\n\t\t<div class=\"wd-post-content article-body-container\">\n\t\t\t\t\t\t\t<div class=\"wd-post-cat wd-style-with-bg meta-post-categories\">\n\t\t\t\t\t<a href=\"https:\/\/bmwblog.pl\/category\/news\/\" rel=\"category tag\">NEWS<\/a>\t\t\t\t<\/div>\n\t\t\t\n\t\t\t\t\t\t\t<h3 class=\"wd-post-title wd-entities-title title post-title\">\n\t\t\t\t\t<a href=\"https:\/\/bmwblog.pl\/bmw-i4-lci-2025-elektryczna-premiera-od-bmw\/\" rel=\"bookmark\">BMW i4 LCI 2025: Elektryczna premiera  od BMW!<\/a>\n\t\t\t\t<\/h3>\n\t\t\t\n\t\t\t\t\t\t\t<div class=\"wd-post-meta\">\n\t\t\t\t\t\t\t\t\t\t\t\t\t\t\t<div class=\"wd-post-author\">\n\t\t\t\t\t\t\t\t\t\t\t<span>Posted by<\/span>\n\t\t\n\t\t\t\t\t\t\t\n\t\t\t\t\t<a href=\"https:\/\/bmwblog.pl\/author\/bmwblog-pl\/\" class=\"author\" rel=\"author\">Krystian Wilkosz<\/a>\n\t\t\t\t\t\t\t\t\t<\/div>\n\t\t\t\t\t<div class=\"wd-modified-date\">\n\t\t\t\t\t\t\t\t<time class=\"updated\" datetime=\"2025-02-07T23:37:13+01:00\">\n\t\t\t2025-02-07\t\t<\/time>\n\t\t\t\t\t\t\t<\/div>\n\n\t\t\t\t\t\n\t\t\t\t\t\t\t\t\t\t\t\t\t\t\t\t\t<div class=\"wd-post-reply wd-style-1\">\n\t\t\t\t\t\t\t<a href=\"https:\/\/bmwblog.pl\/bmw-i4-lci-2025-elektryczna-premiera-od-bmw\/#respond\"><span class=\"wd-replies-count\">0<\/span><\/a>\t\t\t\t\t\t<\/div>\n\t\t\t\t\t\t\t\t\t<\/div>\n\t\t\t\n\t\t\t\t\t\t\t\t\t\t\t\t<div class=\"wd-post-excerpt entry-content\">\n\t\t\t\t\t\tBMW i4 reprezentuje elektryczn\u0105 wizj\u0119 klasycznego Gran Coupe serii 4. Przedstawiam zaktualizowane informacje dotycz\u0105ce modelu BMW i4 LC...\t\t\t\t\t<\/div>\n\t\t\t\t\n\t\t\t\t\t\t\t\t\t\t\t\t\t\t<div class=\"wd-post-read-more wd-style-link read-more-section\">\n\t\t\t\t\t\t<a class=\"\" href=\"https:\/\/bmwblog.pl\/bmw-i4-lci-2025-elektryczna-premiera-od-bmw\/\">Czytaj dalej...<\/a>\t\t\t\t\t<\/div>\n\t\t\t\t\t\t\t\t\t\t\t\t\t<\/div>\n\t<\/div>\n<\/article>\n\n\t\t\t\t\t\t\t\t\t\t\t\n<article id=\"post-17288\" class=\"wd-post blog-design-masonry blog-post-loop blog-style-bg wd-add-shadow wd-col post-17288 post type-post status-publish format-standard has-post-thumbnail hentry category-news tag-bmw-nowy-model tag-bmw-vision-x tag-bmw-x3-2024 tag-bmw-x3-2025 tag-bmw-x3-neue-klasse tag-bmw-x3-premiera tag-neueklasse\">\n\t<div class=\"wd-post-inner article-inner\">\n\t\t\t\t\t<div class=\"wd-post-thumb entry-header\">\n\t\t\t\t\t\t\t\t\t<div class=\"wd-post-img post-img-wrapp\">\n\t\t\t\t\t\t<img width=\"1286\" height=\"723\" src=\"https:\/\/bmwblog.pl\/wp-content\/uploads\/2024\/03\/IMG_5196.jpg\" class=\"attachment- size-\" alt=\"PREMIERA: BMW VISION Neue Klasse X\" decoding=\"async\" srcset=\"https:\/\/bmwblog.pl\/wp-content\/uploads\/2024\/03\/IMG_5196.jpg 1286w, https:\/\/bmwblog.pl\/wp-content\/uploads\/2024\/03\/IMG_5196-430x242.jpg 430w, https:\/\/bmwblog.pl\/wp-content\/uploads\/2024\/03\/IMG_5196-150x84.jpg 150w, https:\/\/bmwblog.pl\/wp-content\/uploads\/2024\/03\/IMG_5196-700x394.jpg 700w, https:\/\/bmwblog.pl\/wp-content\/uploads\/2024\/03\/IMG_5196-medium.jpg 600w, https:\/\/bmwblog.pl\/wp-content\/uploads\/2024\/03\/IMG_5196-large.jpg 1024w, https:\/\/bmwblog.pl\/wp-content\/uploads\/2024\/03\/IMG_5196-768x432.jpg 768w, https:\/\/bmwblog.pl\/wp-content\/uploads\/2024\/03\/IMG_5196-1040x585.jpg 1040w, https:\/\/bmwblog.pl\/wp-content\/uploads\/2024\/03\/IMG_5196-500x281.jpg 500w, https:\/\/bmwblog.pl\/wp-content\/uploads\/2024\/03\/IMG_5196-medium.jpg 300w\" sizes=\"(max-width: 1286px) 100vw, 1286px\" \/>\t\t\t\t\t<\/div>\n\t\t\t\t\t\t\t\t\t\t<a class=\"wd-fill\" tabindex=\"-1\" href=\"https:\/\/bmwblog.pl\/premiera-bmw-vision-neue-klasse-x\/\" aria-label=\"Link on post PREMIERA: BMW VISION Neue Klasse X\"><\/a>\n\t\t\t\t\n\t\t\t\t\t\t\t\t\t\t\t\t<div class=\"wd-post-date wd-style-with-bg\">\n\t\t\t\t<span class=\"post-date-day\">\n\t\t\t\t\t21\t\t\t\t<\/span>\n\t\t\t\t<span class=\"post-date-month\">\n\t\t\t\t\tmar\t\t\t\t<\/span>\n\t\t\t<\/div>\n\t\t\t\t\t\t\t\t\t<\/div>\n\t\t\n\t\t<div class=\"wd-post-content article-body-container\">\n\t\t\t\t\t\t\t<div class=\"wd-post-cat wd-style-with-bg meta-post-categories\">\n\t\t\t\t\t<a href=\"https:\/\/bmwblog.pl\/category\/news\/\" rel=\"category tag\">NEWS<\/a>\t\t\t\t<\/div>\n\t\t\t\n\t\t\t\t\t\t\t<h3 class=\"wd-post-title wd-entities-title title post-title\">\n\t\t\t\t\t<a href=\"https:\/\/bmwblog.pl\/premiera-bmw-vision-neue-klasse-x\/\" rel=\"bookmark\">PREMIERA: BMW VISION Neue Klasse X<\/a>\n\t\t\t\t<\/h3>\n\t\t\t\n\t\t\t\t\t\t\t<div class=\"wd-post-meta\">\n\t\t\t\t\t\t\t\t\t\t\t\t\t\t\t<div class=\"wd-post-author\">\n\t\t\t\t\t\t\t\t\t\t\t<span>Posted by<\/span>\n\t\t\n\t\t\t\t\t\t\t\n\t\t\t\t\t<a href=\"https:\/\/bmwblog.pl\/author\/bmwblog-pl\/\" class=\"author\" rel=\"author\">Krystian Wilkosz<\/a>\n\t\t\t\t\t\t\t\t\t<\/div>\n\t\t\t\t\t<div class=\"wd-modified-date\">\n\t\t\t\t\t\t\t\t<time class=\"updated\" datetime=\"2025-02-07T22:49:26+01:00\">\n\t\t\t2025-02-07\t\t<\/time>\n\t\t\t\t\t\t\t<\/div>\n\n\t\t\t\t\t\n\t\t\t\t\t\t\t\t\t\t\t\t\t\t\t\t\t<div class=\"wd-post-reply wd-style-1\">\n\t\t\t\t\t\t\t<a href=\"https:\/\/bmwblog.pl\/premiera-bmw-vision-neue-klasse-x\/#respond\"><span class=\"wd-replies-count\">0<\/span><\/a>\t\t\t\t\t\t<\/div>\n\t\t\t\t\t\t\t\t\t<\/div>\n\t\t\t\n\t\t\t\t\t\t\t\t\t\t\t\t<div class=\"wd-post-excerpt entry-content\">\n\t\t\t\t\t\tZgodnie z komunikacj\u0105 z przed kilku dni, BMW oficjalnie zaprezentowa\u0142o wizj\u0119 nadchodz\u0105cego modelu BMW X3 2025. To b\u0119dzie pierwszy model...\t\t\t\t\t<\/div>\n\t\t\t\t\n\t\t\t\t\t\t\t\t\t\t\t\t\t\t<div class=\"wd-post-read-more wd-style-link read-more-section\">\n\t\t\t\t\t\t<a class=\"\" href=\"https:\/\/bmwblog.pl\/premiera-bmw-vision-neue-klasse-x\/\">Czytaj dalej...<\/a>\t\t\t\t\t<\/div>\n\t\t\t\t\t\t\t\t\t\t\t\t\t<\/div>\n\t<\/div>\n<\/article>\n\n\t\t\t\t\t\t\t\t\t\t\t\n<article id=\"post-17239\" class=\"wd-post blog-design-masonry blog-post-loop blog-style-bg wd-add-shadow wd-col post-17239 post type-post status-publish format-standard has-post-thumbnail hentry category-news tag-bmw-i16 tag-bmw-i8 tag-bmw-i8-nastepca tag-bmw-i8-nowy-model tag-bmw-next-gen tag-bmw-pandemia tag-bmw-sportowy-model tag-bmw-vision-m-next\">\n\t<div class=\"wd-post-inner article-inner\">\n\t\t\t\t\t<div class=\"wd-post-thumb entry-header\">\n\t\t\t\t\t\t\t\t\t<div class=\"wd-post-img post-img-wrapp\">\n\t\t\t\t\t\t<img width=\"1180\" height=\"664\" src=\"https:\/\/bmwblog.pl\/wp-content\/uploads\/2024\/02\/IMG_3358.jpeg\" class=\"attachment- size-\" alt=\"Niedoko\u0144czony projekt\u2026\" decoding=\"async\" srcset=\"https:\/\/bmwblog.pl\/wp-content\/uploads\/2024\/02\/IMG_3358.jpeg 1180w, https:\/\/bmwblog.pl\/wp-content\/uploads\/2024\/02\/IMG_3358-430x242.jpeg 430w, https:\/\/bmwblog.pl\/wp-content\/uploads\/2024\/02\/IMG_3358-150x84.jpeg 150w, https:\/\/bmwblog.pl\/wp-content\/uploads\/2024\/02\/IMG_3358-700x394.jpeg 700w, https:\/\/bmwblog.pl\/wp-content\/uploads\/2024\/02\/IMG_3358-600x338.jpg 600w, https:\/\/bmwblog.pl\/wp-content\/uploads\/2024\/02\/IMG_3358-large.jpeg 1024w, https:\/\/bmwblog.pl\/wp-content\/uploads\/2024\/02\/IMG_3358-768x432.jpeg 768w, https:\/\/bmwblog.pl\/wp-content\/uploads\/2024\/02\/IMG_3358-1040x585.jpeg 1040w, https:\/\/bmwblog.pl\/wp-content\/uploads\/2024\/02\/IMG_3358-500x281.jpeg 500w, https:\/\/bmwblog.pl\/wp-content\/uploads\/2024\/02\/IMG_3358-medium.jpg 300w\" sizes=\"(max-width: 1180px) 100vw, 1180px\" \/>\t\t\t\t\t<\/div>\n\t\t\t\t\t\t\t\t\t\t<a class=\"wd-fill\" tabindex=\"-1\" href=\"https:\/\/bmwblog.pl\/niedokonczony-projekt\/\" aria-label=\"Link on post Niedoko\u0144czony projekt\u2026\"><\/a>\n\t\t\t\t\n\t\t\t\t\t\t\t\t\t\t\t\t<div class=\"wd-post-date wd-style-with-bg\">\n\t\t\t\t<span class=\"post-date-day\">\n\t\t\t\t\t09\t\t\t\t<\/span>\n\t\t\t\t<span class=\"post-date-month\">\n\t\t\t\t\tlut\t\t\t\t<\/span>\n\t\t\t<\/div>\n\t\t\t\t\t\t\t\t\t<\/div>\n\t\t\n\t\t<div class=\"wd-post-content article-body-container\">\n\t\t\t\t\t\t\t<div class=\"wd-post-cat wd-style-with-bg meta-post-categories\">\n\t\t\t\t\t<a href=\"https:\/\/bmwblog.pl\/category\/news\/\" rel=\"category tag\">NEWS<\/a>\t\t\t\t<\/div>\n\t\t\t\n\t\t\t\t\t\t\t<h3 class=\"wd-post-title wd-entities-title title post-title\">\n\t\t\t\t\t<a href=\"https:\/\/bmwblog.pl\/niedokonczony-projekt\/\" rel=\"bookmark\">Niedoko\u0144czony projekt\u2026<\/a>\n\t\t\t\t<\/h3>\n\t\t\t\n\t\t\t\t\t\t\t<div class=\"wd-post-meta\">\n\t\t\t\t\t\t\t\t\t\t\t\t\t\t\t<div class=\"wd-post-author\">\n\t\t\t\t\t\t\t\t\t\t\t<span>Posted by<\/span>\n\t\t\n\t\t\t\t\t\t\t\n\t\t\t\t\t<a href=\"https:\/\/bmwblog.pl\/author\/bmwblog-pl\/\" class=\"author\" rel=\"author\">Krystian Wilkosz<\/a>\n\t\t\t\t\t\t\t\t\t<\/div>\n\t\t\t\t\t<div class=\"wd-modified-date\">\n\t\t\t\t\t\t\t\t<time class=\"updated\" datetime=\"2025-02-07T22:47:52+01:00\">\n\t\t\t2025-02-07\t\t<\/time>\n\t\t\t\t\t\t\t<\/div>\n\n\t\t\t\t\t\n\t\t\t\t\t\t\t\t\t\t\t\t\t\t\t\t\t<div class=\"wd-post-reply wd-style-1\">\n\t\t\t\t\t\t\t<a href=\"https:\/\/bmwblog.pl\/niedokonczony-projekt\/#respond\"><span class=\"wd-replies-count\">0<\/span><\/a>\t\t\t\t\t\t<\/div>\n\t\t\t\t\t\t\t\t\t<\/div>\n\t\t\t\n\t\t\t\t\t\t\t\t\t\t\t\t<div class=\"wd-post-excerpt entry-content\">\n\t\t\t\t\t\tPandemia pokrzy\u017cowa\u0142a plany BMW.Tak wyglada\u0142by nast\u0119pca BMW i8 (kodowe oznaczenie i16).\n\n\n\nModel bazowa\u0142 na VISION M NEXT oraz wida\u0107 ce...\t\t\t\t\t<\/div>\n\t\t\t\t\n\t\t\t\t\t\t\t\t\t\t\t\t\t\t<div class=\"wd-post-read-more wd-style-link read-more-section\">\n\t\t\t\t\t\t<a class=\"\" href=\"https:\/\/bmwblog.pl\/niedokonczony-projekt\/\">Czytaj dalej...<\/a>\t\t\t\t\t<\/div>\n\t\t\t\t\t\t\t\t\t\t\t\t\t<\/div>\n\t<\/div>\n<\/article>\n\n\t\t\t\t\t\t\t\t\t\t\t\n<article id=\"post-16749\" class=\"wd-post blog-design-masonry blog-post-loop blog-style-bg wd-add-shadow wd-col post-16749 post type-post status-publish format-video has-post-thumbnail hentry category-news tag-audi-etron-rs tag-audi-rs-e-tron tag-bmw-m5-cs tag-m5cs tag-wideo-bmw-m5 post_format-post-format-video\">\n\t<div class=\"wd-post-inner article-inner\">\n\t\t\t\t\t<div class=\"wd-post-thumb entry-header\">\n\t\t\t\t\t\t\t\t\t<div class=\"wd-post-img post-img-wrapp\">\n\t\t\t\t\t\t<img width=\"900\" height=\"650\" src=\"https:\/\/bmwblog.pl\/wp-content\/uploads\/2021\/05\/IMG-6217.jpeg\" class=\"attachment- size-\" alt=\"Dlaczego warto wybra\u0107 M5 CS zamiast RS e-tron GT? Odpowied\u017a poni\u017cej!\" decoding=\"async\" srcset=\"https:\/\/bmwblog.pl\/wp-content\/uploads\/2021\/05\/IMG-6217.jpeg 900w, https:\/\/bmwblog.pl\/wp-content\/uploads\/2021\/05\/IMG-6217-430x311.jpeg 430w, https:\/\/bmwblog.pl\/wp-content\/uploads\/2021\/05\/IMG-6217-150x108.jpeg 150w, https:\/\/bmwblog.pl\/wp-content\/uploads\/2021\/05\/IMG-6217-700x506.jpeg 700w, https:\/\/bmwblog.pl\/wp-content\/uploads\/2021\/05\/IMG-6217-medium.jpeg 600w, https:\/\/bmwblog.pl\/wp-content\/uploads\/2021\/05\/IMG-6217-768x555.jpeg 768w\" sizes=\"(max-width: 900px) 100vw, 900px\" \/>\t\t\t\t\t<\/div>\n\t\t\t\t\t\t\t\t\t\t<a class=\"wd-fill\" tabindex=\"-1\" href=\"https:\/\/bmwblog.pl\/dlaczego-warto-wybrac-m5-cs-zamiast-rs-e-tron-odpowiedz-w-fimie\/\" aria-label=\"Link on post Dlaczego warto wybra\u0107 M5 CS zamiast RS e-tron GT? Odpowied\u017a poni\u017cej!\"><\/a>\n\t\t\t\t\n\t\t\t\t\t\t\t\t\t\t\t\t<div class=\"wd-post-date wd-style-with-bg\">\n\t\t\t\t<span class=\"post-date-day\">\n\t\t\t\t\t25\t\t\t\t<\/span>\n\t\t\t\t<span class=\"post-date-month\">\n\t\t\t\t\tmaj\t\t\t\t<\/span>\n\t\t\t<\/div>\n\t\t\t\t\t\t\t\t\t<\/div>\n\t\t\n\t\t<div class=\"wd-post-content article-body-container\">\n\t\t\t\t\t\t\t<div class=\"wd-post-cat wd-style-with-bg meta-post-categories\">\n\t\t\t\t\t<a href=\"https:\/\/bmwblog.pl\/category\/news\/\" rel=\"category tag\">NEWS<\/a>\t\t\t\t<\/div>\n\t\t\t\n\t\t\t\t\t\t\t<h3 class=\"wd-post-title wd-entities-title title post-title\">\n\t\t\t\t\t<a href=\"https:\/\/bmwblog.pl\/dlaczego-warto-wybrac-m5-cs-zamiast-rs-e-tron-odpowiedz-w-fimie\/\" rel=\"bookmark\">Dlaczego warto wybra\u0107 M5 CS zamiast RS e-tron GT? Odpowied\u017a poni\u017cej!<\/a>\n\t\t\t\t<\/h3>\n\t\t\t\n\t\t\t\t\t\t\t<div class=\"wd-post-meta\">\n\t\t\t\t\t\t\t\t\t\t\t\t\t\t\t<div class=\"wd-post-author\">\n\t\t\t\t\t\t\t\t\t\t\t<span>Posted by<\/span>\n\t\t\n\t\t\t\t\t\t\t\n\t\t\t\t\t<a href=\"https:\/\/bmwblog.pl\/author\/bmwblog-pl\/\" class=\"author\" rel=\"author\">Krystian Wilkosz<\/a>\n\t\t\t\t\t\t\t\t\t<\/div>\n\t\t\t\t\t<div class=\"wd-modified-date\">\n\t\t\t\t\t\t\t\t<time class=\"updated\" datetime=\"2025-02-07T23:53:30+01:00\">\n\t\t\t2025-02-07\t\t<\/time>\n\t\t\t\t\t\t\t<\/div>\n\n\t\t\t\t\t\n\t\t\t\t\t\t\t\t\t\t\t\t\t\t\t\t\t<div class=\"wd-post-reply wd-style-1\">\n\t\t\t\t\t\t\t<a href=\"https:\/\/bmwblog.pl\/dlaczego-warto-wybrac-m5-cs-zamiast-rs-e-tron-odpowiedz-w-fimie\/#respond\"><span class=\"wd-replies-count\">0<\/span><\/a>\t\t\t\t\t\t<\/div>\n\t\t\t\t\t\t\t\t\t<\/div>\n\t\t\t\n\t\t\t\t\t\t\t\t\t\t\t\t<div class=\"wd-post-excerpt entry-content\">\n\t\t\t\t\t\thttps:\/\/youtu.be\/MFPpeXTEcDM\n\n\n\n\n\u0179r\u00f3d\u0142o: Top Gear\t\t\t\t\t<\/div>\n\t\t\t\t\n\t\t\t\t\t\t\t\t\t\t\t\t\t\t<div class=\"wd-post-read-more wd-style-link read-more-section\">\n\t\t\t\t\t\t<a class=\"\" href=\"https:\/\/bmwblog.pl\/dlaczego-warto-wybrac-m5-cs-zamiast-rs-e-tron-odpowiedz-w-fimie\/\">Czytaj dalej...<\/a>\t\t\t\t\t<\/div>\n\t\t\t\t\t\t\t\t\t\t\t\t\t<\/div>\n\t<\/div>\n<\/article>\n\n\t\t\t\t\t\n\t\t\t\t\t","status":"have-posts","nextPage":"https:\/\/bmwblog.pl\/category\/news\/page\/43\/?woo_ajax=1","currentPage":"https:\/\/bmwblog.pl\/category\/news\/page\/42"}