
			
				

					
				

			
		{"items":"\n\t\t\t\t\t\t\t\t\t\t\t\t\t\t<link rel=\"stylesheet\" id=\"wd-post-types-mod-categories-style-bg-css\" href=\"https:\/\/bmwblog.pl\/wp-content\/themes\/woodmart%208.3.8\/css\/parts\/post-types-mod-categories-style-bg.min.css?ver=8.3.8\" type=\"text\/css\" media=\"all\" \/> \t\t\t\n<article id=\"post-16604\" class=\"wd-post blog-design-masonry blog-post-loop blog-style-bg wd-add-shadow wd-col post-16604 post type-post status-publish format-standard has-post-thumbnail hentry category-news tag-bmw-m-town tag-miasteczko-bmw tag-wideo-bmw\">\n\t<div class=\"wd-post-inner article-inner\">\n\t\t\t\t\t<div class=\"wd-post-thumb entry-header\">\n\t\t\t\t\t\t\t\t\t<div class=\"wd-post-img post-img-wrapp\">\n\t\t\t\t\t\t<img width=\"1024\" height=\"555\" src=\"https:\/\/bmwblog.pl\/wp-content\/uploads\/2020\/12\/BMW-M-Tow-e1608497918121.jpg\" class=\"attachment- size-\" alt=\"WIDEO: Nowy odcinek miasteczka M TOWN\" decoding=\"async\" fetchpriority=\"high\" srcset=\"https:\/\/bmwblog.pl\/wp-content\/uploads\/2020\/12\/BMW-M-Tow-e1608497918121.jpg 1024w, https:\/\/bmwblog.pl\/wp-content\/uploads\/2020\/12\/BMW-M-Tow-e1608497918121-430x233.jpg 430w, https:\/\/bmwblog.pl\/wp-content\/uploads\/2020\/12\/BMW-M-Tow-e1608497918121-150x81.jpg 150w, https:\/\/bmwblog.pl\/wp-content\/uploads\/2020\/12\/BMW-M-Tow-e1608497918121-700x379.jpg 700w, https:\/\/bmwblog.pl\/wp-content\/uploads\/2020\/12\/BMW-M-Tow-e1608497918121-medium.jpg 600w, https:\/\/bmwblog.pl\/wp-content\/uploads\/2020\/12\/BMW-M-Tow-e1608497918121-768x416.jpg 768w, https:\/\/bmwblog.pl\/wp-content\/uploads\/2020\/12\/BMW-M-Tow-e1608497918121-500x271.jpg 500w\" sizes=\"(max-width: 1024px) 100vw, 1024px\" \/>\t\t\t\t\t<\/div>\n\t\t\t\t\t\t\t\t\t\t<a class=\"wd-fill\" tabindex=\"-1\" href=\"https:\/\/bmwblog.pl\/wideo-nowy-odcinek-miasteczka-m-town\/\" aria-label=\"Link on post WIDEO: Nowy odcinek miasteczka M TOWN\"><\/a>\n\t\t\t\t\n\t\t\t\t\t\t\t\t\t\t\t\t<link rel=\"stylesheet\" id=\"wd-post-types-mod-date-style-bg-css\" href=\"https:\/\/bmwblog.pl\/wp-content\/themes\/woodmart%208.3.8\/css\/parts\/post-types-mod-date-style-bg.min.css?ver=8.3.8\" type=\"text\/css\" media=\"all\" \/> \t\t\t\t\t\t<div class=\"wd-post-date wd-style-with-bg\">\n\t\t\t\t<span class=\"post-date-day\">\n\t\t\t\t\t20\t\t\t\t<\/span>\n\t\t\t\t<span class=\"post-date-month\">\n\t\t\t\t\tgru\t\t\t\t<\/span>\n\t\t\t<\/div>\n\t\t\t\t\t\t\t\t\t<\/div>\n\t\t\n\t\t<div class=\"wd-post-content article-body-container\">\n\t\t\t\t\t\t\t<div class=\"wd-post-cat wd-style-with-bg meta-post-categories\">\n\t\t\t\t\t<a href=\"https:\/\/bmwblog.pl\/category\/news\/\" rel=\"category tag\">NEWS<\/a>\t\t\t\t<\/div>\n\t\t\t\n\t\t\t\t\t\t\t<h3 class=\"wd-post-title wd-entities-title title post-title\">\n\t\t\t\t\t<a href=\"https:\/\/bmwblog.pl\/wideo-nowy-odcinek-miasteczka-m-town\/\" rel=\"bookmark\">WIDEO: Nowy odcinek miasteczka M TOWN<\/a>\n\t\t\t\t<\/h3>\n\t\t\t\n\t\t\t\t\t\t\t<div class=\"wd-post-meta\">\n\t\t\t\t\t\t\t\t\t\t\t\t\t<link rel=\"stylesheet\" id=\"wd-blog-mod-author-css\" href=\"https:\/\/bmwblog.pl\/wp-content\/themes\/woodmart%208.3.8\/css\/parts\/blog-mod-author.min.css?ver=8.3.8\" type=\"text\/css\" media=\"all\" \/> \t\t\t\t\t\t\t\t<div class=\"wd-post-author\">\n\t\t\t\t\t\t\t\t\t\t\t<span>Posted by<\/span>\n\t\t\n\t\t\t\t\t\t\t\n\t\t\t\t\t<a href=\"https:\/\/bmwblog.pl\/author\/bmwblog-pl\/\" class=\"author\" rel=\"author\">Krystian Wilkosz<\/a>\n\t\t\t\t\t\t\t\t\t<\/div>\n\t\t\t\t\t<div class=\"wd-modified-date\">\n\t\t\t\t\t\t\t\t<time class=\"updated\" datetime=\"2025-02-07T22:30:45+01:00\">\n\t\t\t2025-02-07\t\t<\/time>\n\t\t\t\t\t\t\t<\/div>\n\n\t\t\t\t\t\n\t\t\t\t\t\t\t\t\t\t\t\t\t\t<link rel=\"stylesheet\" id=\"wd-blog-mod-comments-button-css\" href=\"https:\/\/bmwblog.pl\/wp-content\/themes\/woodmart%208.3.8\/css\/parts\/blog-mod-comments-button.min.css?ver=8.3.8\" type=\"text\/css\" media=\"all\" \/> \t\t\t\t\t\t\t\t\t<div class=\"wd-post-reply wd-style-1\">\n\t\t\t\t\t\t\t<a href=\"https:\/\/bmwblog.pl\/wideo-nowy-odcinek-miasteczka-m-town\/#respond\"><span class=\"wd-replies-count\">0<\/span><\/a>\t\t\t\t\t\t<\/div>\n\t\t\t\t\t\t\t\t\t<\/div>\n\t\t\t\n\t\t\t\t\t\t\t\t\t\t\t\t<div class=\"wd-post-excerpt entry-content\">\n\t\t\t\t\t\tCo\u015b dla mi\u0142o\u015bnik\u00f3w pi\u0119knych widok\u00f3w...\n\n\n\n\nhttps:\/\/www.youtube.com\/watch?v=r83bmub8W-s&amp;feature=emb_title\n\n\n\n\n\u0179r\u00f3d\u0142o: BMW\t\t\t\t\t<\/div>\n\t\t\t\t\n\t\t\t\t\t\t\t\t\t\t\t\t\t\t<div class=\"wd-post-read-more wd-style-link read-more-section\">\n\t\t\t\t\t\t<a class=\"\" href=\"https:\/\/bmwblog.pl\/wideo-nowy-odcinek-miasteczka-m-town\/\">Czytaj dalej...<\/a>\t\t\t\t\t<\/div>\n\t\t\t\t\t\t\t\t\t\t\t\t\t<\/div>\n\t<\/div>\n<\/article>\n\n\t\t\t\t\t\t\t\t\t\t\t\n<article id=\"post-16608\" class=\"wd-post blog-design-masonry blog-post-loop blog-style-bg wd-add-shadow wd-col post-16608 post type-post status-publish format-standard has-post-thumbnail hentry category-news tag-bmw-m5 tag-bmw-m5-cs tag-bmw-m5-lci\">\n\t<div class=\"wd-post-inner article-inner\">\n\t\t\t\t\t<div class=\"wd-post-thumb entry-header\">\n\t\t\t\t\t\t\t\t\t<div class=\"wd-post-img post-img-wrapp\">\n\t\t\t\t\t\t<img width=\"1068\" height=\"549\" src=\"https:\/\/bmwblog.pl\/wp-content\/uploads\/2020\/12\/BMW-M5-CS-Laps-Lausitzring-Faster-than-991-911-GT3.jpg\" class=\"attachment- size-\" alt=\"Prototyp BMW M5 CS 2021 z lepszym czasem okr\u0105\u017cenia ni\u017c Porsche 911 GT3\" decoding=\"async\" srcset=\"https:\/\/bmwblog.pl\/wp-content\/uploads\/2020\/12\/BMW-M5-CS-Laps-Lausitzring-Faster-than-991-911-GT3.jpg 1068w, https:\/\/bmwblog.pl\/wp-content\/uploads\/2020\/12\/BMW-M5-CS-Laps-Lausitzring-Faster-than-991-911-GT3-430x221.jpg 430w, https:\/\/bmwblog.pl\/wp-content\/uploads\/2020\/12\/BMW-M5-CS-Laps-Lausitzring-Faster-than-991-911-GT3-150x77.jpg 150w, https:\/\/bmwblog.pl\/wp-content\/uploads\/2020\/12\/BMW-M5-CS-Laps-Lausitzring-Faster-than-991-911-GT3-700x360.jpg 700w, https:\/\/bmwblog.pl\/wp-content\/uploads\/2020\/12\/BMW-M5-CS-Laps-Lausitzring-Faster-than-991-911-GT3-600x308.jpg 600w, https:\/\/bmwblog.pl\/wp-content\/uploads\/2020\/12\/BMW-M5-CS-Laps-Lausitzring-Faster-than-991-911-GT3-large.jpg 1024w, https:\/\/bmwblog.pl\/wp-content\/uploads\/2020\/12\/BMW-M5-CS-Laps-Lausitzring-Faster-than-991-911-GT3-768x395.jpg 768w, https:\/\/bmwblog.pl\/wp-content\/uploads\/2020\/12\/BMW-M5-CS-Laps-Lausitzring-Faster-than-991-911-GT3-500x257.jpg 500w, https:\/\/bmwblog.pl\/wp-content\/uploads\/2020\/12\/BMW-M5-CS-Laps-Lausitzring-Faster-than-991-911-GT3-medium.jpg 300w\" sizes=\"(max-width: 1068px) 100vw, 1068px\" \/>\t\t\t\t\t<\/div>\n\t\t\t\t\t\t\t\t\t\t<a class=\"wd-fill\" tabindex=\"-1\" href=\"https:\/\/bmwblog.pl\/prototyp-bmw-m5-cs-2021-z-lepszym-czasem-okrazenia-niz-porsche-911-gt3\/\" aria-label=\"Link on post Prototyp BMW M5 CS 2021 z lepszym czasem okr\u0105\u017cenia ni\u017c Porsche 911 GT3\"><\/a>\n\t\t\t\t\n\t\t\t\t\t\t\t\t\t\t\t\t<div class=\"wd-post-date wd-style-with-bg\">\n\t\t\t\t<span class=\"post-date-day\">\n\t\t\t\t\t14\t\t\t\t<\/span>\n\t\t\t\t<span class=\"post-date-month\">\n\t\t\t\t\tgru\t\t\t\t<\/span>\n\t\t\t<\/div>\n\t\t\t\t\t\t\t\t\t<\/div>\n\t\t\n\t\t<div class=\"wd-post-content article-body-container\">\n\t\t\t\t\t\t\t<div class=\"wd-post-cat wd-style-with-bg meta-post-categories\">\n\t\t\t\t\t<a href=\"https:\/\/bmwblog.pl\/category\/news\/\" rel=\"category tag\">NEWS<\/a>\t\t\t\t<\/div>\n\t\t\t\n\t\t\t\t\t\t\t<h3 class=\"wd-post-title wd-entities-title title post-title\">\n\t\t\t\t\t<a href=\"https:\/\/bmwblog.pl\/prototyp-bmw-m5-cs-2021-z-lepszym-czasem-okrazenia-niz-porsche-911-gt3\/\" rel=\"bookmark\">Prototyp BMW M5 CS 2021 z lepszym czasem okr\u0105\u017cenia ni\u017c Porsche 911 GT3<\/a>\n\t\t\t\t<\/h3>\n\t\t\t\n\t\t\t\t\t\t\t<div class=\"wd-post-meta\">\n\t\t\t\t\t\t\t\t\t\t\t\t\t\t\t<div class=\"wd-post-author\">\n\t\t\t\t\t\t\t\t\t\t\t<span>Posted by<\/span>\n\t\t\n\t\t\t\t\t\t\t\n\t\t\t\t\t<a href=\"https:\/\/bmwblog.pl\/author\/bmwblog-pl\/\" class=\"author\" rel=\"author\">Krystian Wilkosz<\/a>\n\t\t\t\t\t\t\t\t\t<\/div>\n\t\t\t\t\t<div class=\"wd-modified-date\">\n\t\t\t\t\t\t\t\t<time class=\"updated\" datetime=\"2025-02-07T22:30:50+01:00\">\n\t\t\t2025-02-07\t\t<\/time>\n\t\t\t\t\t\t\t<\/div>\n\n\t\t\t\t\t\n\t\t\t\t\t\t\t\t\t\t\t\t\t\t\t\t\t<div class=\"wd-post-reply wd-style-1\">\n\t\t\t\t\t\t\t<a href=\"https:\/\/bmwblog.pl\/prototyp-bmw-m5-cs-2021-z-lepszym-czasem-okrazenia-niz-porsche-911-gt3\/#respond\"><span class=\"wd-replies-count\">0<\/span><\/a>\t\t\t\t\t\t<\/div>\n\t\t\t\t\t\t\t\t\t<\/div>\n\t\t\t\n\t\t\t\t\t\t\t\t\t\t\t\t<div class=\"wd-post-excerpt entry-content\">\n\t\t\t\t\t\tGuido Naumann uzyska\u0142 czas 1: 31.88, i jest oko\u0142o p\u00f3\u0142torej sekundy szybszy ni\u017c M5 Competition.\n\n\n\n\nhttps:\/\/www.youtube.com\/watch?v=wYZW...\t\t\t\t\t<\/div>\n\t\t\t\t\n\t\t\t\t\t\t\t\t\t\t\t\t\t\t<div class=\"wd-post-read-more wd-style-link read-more-section\">\n\t\t\t\t\t\t<a class=\"\" href=\"https:\/\/bmwblog.pl\/prototyp-bmw-m5-cs-2021-z-lepszym-czasem-okrazenia-niz-porsche-911-gt3\/\">Czytaj dalej...<\/a>\t\t\t\t\t<\/div>\n\t\t\t\t\t\t\t\t\t\t\t\t\t<\/div>\n\t<\/div>\n<\/article>\n\n\t\t\t\t\t\t\t\t\t\t\t\n<article id=\"post-16550\" class=\"wd-post blog-design-masonry blog-post-loop blog-style-bg wd-add-shadow wd-col post-16550 post type-post status-publish format-standard has-post-thumbnail hentry category-news tag-bmw-ix tag-bmw-ix-2020 tag-bmw-ix-2021 tag-bmw-ix-elektryk tag-bmw-ix-nowosc tag-bmw-ix-premiera\">\n\t<div class=\"wd-post-inner article-inner\">\n\t\t\t\t\t<div class=\"wd-post-thumb entry-header\">\n\t\t\t\t\t\t\t\t\t<div class=\"wd-post-img post-img-wrapp\">\n\t\t\t\t\t\t<img width=\"1023\" height=\"682\" src=\"https:\/\/bmwblog.pl\/wp-content\/uploads\/2020\/11\/C13DE2A5-93B1-4033-913F-4549C6D8D411.jpeg\" class=\"attachment- size-\" alt=\"GALERIA: Nowe BMW iX na dodatkowych zdj\u0119ciach\" decoding=\"async\" srcset=\"https:\/\/bmwblog.pl\/wp-content\/uploads\/2020\/11\/C13DE2A5-93B1-4033-913F-4549C6D8D411.jpeg 1023w, https:\/\/bmwblog.pl\/wp-content\/uploads\/2020\/11\/C13DE2A5-93B1-4033-913F-4549C6D8D411-430x287.jpeg 430w, https:\/\/bmwblog.pl\/wp-content\/uploads\/2020\/11\/C13DE2A5-93B1-4033-913F-4549C6D8D411-150x100.jpeg 150w, https:\/\/bmwblog.pl\/wp-content\/uploads\/2020\/11\/C13DE2A5-93B1-4033-913F-4549C6D8D411-700x467.jpeg 700w, https:\/\/bmwblog.pl\/wp-content\/uploads\/2020\/11\/C13DE2A5-93B1-4033-913F-4549C6D8D411-600x400.jpg 600w, https:\/\/bmwblog.pl\/wp-content\/uploads\/2020\/11\/C13DE2A5-93B1-4033-913F-4549C6D8D411-768x512.jpeg 768w, https:\/\/bmwblog.pl\/wp-content\/uploads\/2020\/11\/C13DE2A5-93B1-4033-913F-4549C6D8D411-500x333.jpeg 500w, https:\/\/bmwblog.pl\/wp-content\/uploads\/2020\/11\/C13DE2A5-93B1-4033-913F-4549C6D8D411-medium.jpg 300w\" sizes=\"(max-width: 1023px) 100vw, 1023px\" \/>\t\t\t\t\t<\/div>\n\t\t\t\t\t\t\t\t\t\t<a class=\"wd-fill\" tabindex=\"-1\" href=\"https:\/\/bmwblog.pl\/galeria-nowe-bmw-ix-na-dodatkowych-zdjeciach\/\" aria-label=\"Link on post GALERIA: Nowe BMW iX na dodatkowych zdj\u0119ciach\"><\/a>\n\t\t\t\t\n\t\t\t\t\t\t\t\t\t\t\t\t<div class=\"wd-post-date wd-style-with-bg\">\n\t\t\t\t<span class=\"post-date-day\">\n\t\t\t\t\t11\t\t\t\t<\/span>\n\t\t\t\t<span class=\"post-date-month\">\n\t\t\t\t\tlis\t\t\t\t<\/span>\n\t\t\t<\/div>\n\t\t\t\t\t\t\t\t\t<\/div>\n\t\t\n\t\t<div class=\"wd-post-content article-body-container\">\n\t\t\t\t\t\t\t<div class=\"wd-post-cat wd-style-with-bg meta-post-categories\">\n\t\t\t\t\t<a href=\"https:\/\/bmwblog.pl\/category\/news\/\" rel=\"category tag\">NEWS<\/a>\t\t\t\t<\/div>\n\t\t\t\n\t\t\t\t\t\t\t<h3 class=\"wd-post-title wd-entities-title title post-title\">\n\t\t\t\t\t<a href=\"https:\/\/bmwblog.pl\/galeria-nowe-bmw-ix-na-dodatkowych-zdjeciach\/\" rel=\"bookmark\">GALERIA: Nowe BMW iX na dodatkowych zdj\u0119ciach<\/a>\n\t\t\t\t<\/h3>\n\t\t\t\n\t\t\t\t\t\t\t<div class=\"wd-post-meta\">\n\t\t\t\t\t\t\t\t\t\t\t\t\t\t\t<div class=\"wd-post-author\">\n\t\t\t\t\t\t\t\t\t\t\t<span>Posted by<\/span>\n\t\t\n\t\t\t\t\t\t\t\n\t\t\t\t\t<a href=\"https:\/\/bmwblog.pl\/author\/bmwblog-pl\/\" class=\"author\" rel=\"author\">Krystian Wilkosz<\/a>\n\t\t\t\t\t\t\t\t\t<\/div>\n\t\t\t\t\t<div class=\"wd-modified-date\">\n\t\t\t\t\t\t\t\t<time class=\"updated\" datetime=\"2025-02-07T22:26:35+01:00\">\n\t\t\t2025-02-07\t\t<\/time>\n\t\t\t\t\t\t\t<\/div>\n\n\t\t\t\t\t\n\t\t\t\t\t\t\t\t\t\t\t\t\t\t\t\t\t<div class=\"wd-post-reply wd-style-1\">\n\t\t\t\t\t\t\t<a href=\"https:\/\/bmwblog.pl\/galeria-nowe-bmw-ix-na-dodatkowych-zdjeciach\/#respond\"><span class=\"wd-replies-count\">0<\/span><\/a>\t\t\t\t\t\t<\/div>\n\t\t\t\t\t\t\t\t\t<\/div>\n\t\t\t\n\t\t\t\t\t\t\t\t\t\t\t\t<div class=\"wd-post-excerpt entry-content\">\n\t\t\t\t\t\t\u0179r\u00f3d\u0142o: BMW\t\t\t\t\t<\/div>\n\t\t\t\t\n\t\t\t\t\t\t\t\t\t\t\t\t\t\t<div class=\"wd-post-read-more wd-style-link read-more-section\">\n\t\t\t\t\t\t<a class=\"\" href=\"https:\/\/bmwblog.pl\/galeria-nowe-bmw-ix-na-dodatkowych-zdjeciach\/\">Czytaj dalej...<\/a>\t\t\t\t\t<\/div>\n\t\t\t\t\t\t\t\t\t\t\t\t\t<\/div>\n\t<\/div>\n<\/article>\n\n\t\t\t\t\t\t\t\t\t\t\t\n<article id=\"post-16526\" class=\"wd-post blog-design-masonry blog-post-loop blog-style-bg wd-add-shadow wd-col post-16526 post type-post status-publish format-standard has-post-thumbnail hentry category-news tag-bmw-inext tag-bmw-ix tag-bmw-ix-2020 tag-bmw-ix-2021 tag-bmw-ix-premiera tag-elektryczny-model-bmw tag-nowy-model-bmw\">\n\t<div class=\"wd-post-inner article-inner\">\n\t\t\t\t\t<div class=\"wd-post-thumb entry-header\">\n\t\t\t\t\t\t\t\t\t<div class=\"wd-post-img post-img-wrapp\">\n\t\t\t\t\t\t<img width=\"1023\" height=\"682\" src=\"https:\/\/bmwblog.pl\/wp-content\/uploads\/2020\/11\/54D7CEBA-3DC9-462C-B7EE-E95F04A02AF7.jpeg\" class=\"attachment- size-\" alt=\"\u015aWIATOWA PREMIERA: Nowy elektryczny model BMW iX\" decoding=\"async\" srcset=\"https:\/\/bmwblog.pl\/wp-content\/uploads\/2020\/11\/54D7CEBA-3DC9-462C-B7EE-E95F04A02AF7.jpeg 1023w, https:\/\/bmwblog.pl\/wp-content\/uploads\/2020\/11\/54D7CEBA-3DC9-462C-B7EE-E95F04A02AF7-430x287.jpeg 430w, https:\/\/bmwblog.pl\/wp-content\/uploads\/2020\/11\/54D7CEBA-3DC9-462C-B7EE-E95F04A02AF7-150x100.jpeg 150w, https:\/\/bmwblog.pl\/wp-content\/uploads\/2020\/11\/54D7CEBA-3DC9-462C-B7EE-E95F04A02AF7-700x467.jpeg 700w, https:\/\/bmwblog.pl\/wp-content\/uploads\/2020\/11\/54D7CEBA-3DC9-462C-B7EE-E95F04A02AF7-600x400.jpg 600w, https:\/\/bmwblog.pl\/wp-content\/uploads\/2020\/11\/54D7CEBA-3DC9-462C-B7EE-E95F04A02AF7-768x512.jpeg 768w, https:\/\/bmwblog.pl\/wp-content\/uploads\/2020\/11\/54D7CEBA-3DC9-462C-B7EE-E95F04A02AF7-500x333.jpeg 500w, https:\/\/bmwblog.pl\/wp-content\/uploads\/2020\/11\/54D7CEBA-3DC9-462C-B7EE-E95F04A02AF7-medium.jpg 300w\" sizes=\"(max-width: 1023px) 100vw, 1023px\" \/>\t\t\t\t\t<\/div>\n\t\t\t\t\t\t\t\t\t\t<a class=\"wd-fill\" tabindex=\"-1\" href=\"https:\/\/bmwblog.pl\/swiatowa-premiera-nowy-elektryczny-model-bmw-ix\/\" aria-label=\"Link on post \u015aWIATOWA PREMIERA: Nowy elektryczny model BMW iX\"><\/a>\n\t\t\t\t\n\t\t\t\t\t\t\t\t\t\t\t\t<div class=\"wd-post-date wd-style-with-bg\">\n\t\t\t\t<span class=\"post-date-day\">\n\t\t\t\t\t11\t\t\t\t<\/span>\n\t\t\t\t<span class=\"post-date-month\">\n\t\t\t\t\tlis\t\t\t\t<\/span>\n\t\t\t<\/div>\n\t\t\t\t\t\t\t\t\t<\/div>\n\t\t\n\t\t<div class=\"wd-post-content article-body-container\">\n\t\t\t\t\t\t\t<div class=\"wd-post-cat wd-style-with-bg meta-post-categories\">\n\t\t\t\t\t<a href=\"https:\/\/bmwblog.pl\/category\/news\/\" rel=\"category tag\">NEWS<\/a>\t\t\t\t<\/div>\n\t\t\t\n\t\t\t\t\t\t\t<h3 class=\"wd-post-title wd-entities-title title post-title\">\n\t\t\t\t\t<a href=\"https:\/\/bmwblog.pl\/swiatowa-premiera-nowy-elektryczny-model-bmw-ix\/\" rel=\"bookmark\">\u015aWIATOWA PREMIERA: Nowy elektryczny model BMW iX<\/a>\n\t\t\t\t<\/h3>\n\t\t\t\n\t\t\t\t\t\t\t<div class=\"wd-post-meta\">\n\t\t\t\t\t\t\t\t\t\t\t\t\t\t\t<div class=\"wd-post-author\">\n\t\t\t\t\t\t\t\t\t\t\t<span>Posted by<\/span>\n\t\t\n\t\t\t\t\t\t\t\n\t\t\t\t\t<a href=\"https:\/\/bmwblog.pl\/author\/bmwblog-pl\/\" class=\"author\" rel=\"author\">Krystian Wilkosz<\/a>\n\t\t\t\t\t\t\t\t\t<\/div>\n\t\t\t\t\t<div class=\"wd-modified-date\">\n\t\t\t\t\t\t\t\t<time class=\"updated\" datetime=\"2025-02-07T22:24:45+01:00\">\n\t\t\t2025-02-07\t\t<\/time>\n\t\t\t\t\t\t\t<\/div>\n\n\t\t\t\t\t\n\t\t\t\t\t\t\t\t\t\t\t\t\t\t\t\t\t<div class=\"wd-post-reply wd-style-1\">\n\t\t\t\t\t\t\t<a href=\"https:\/\/bmwblog.pl\/swiatowa-premiera-nowy-elektryczny-model-bmw-ix\/#respond\"><span class=\"wd-replies-count\">0<\/span><\/a>\t\t\t\t\t\t<\/div>\n\t\t\t\t\t\t\t\t\t<\/div>\n\t\t\t\n\t\t\t\t\t\t\t\t\t\t\t\t<div class=\"wd-post-excerpt entry-content\">\n\t\t\t\t\t\tBMW zaprezentowa\u0142o sw\u00f3j najnowszy model BMW iX! To pierwszy model oparty na nowym, skalowalnym modu\u0142owo systemie BMW Group i stanowi no...\t\t\t\t\t<\/div>\n\t\t\t\t\n\t\t\t\t\t\t\t\t\t\t\t\t\t\t<div class=\"wd-post-read-more wd-style-link read-more-section\">\n\t\t\t\t\t\t<a class=\"\" href=\"https:\/\/bmwblog.pl\/swiatowa-premiera-nowy-elektryczny-model-bmw-ix\/\">Czytaj dalej...<\/a>\t\t\t\t\t<\/div>\n\t\t\t\t\t\t\t\t\t\t\t\t\t<\/div>\n\t<\/div>\n<\/article>\n\n\t\t\t\t\t\t\t\t\t\t\t\n<article id=\"post-16500\" class=\"wd-post blog-design-masonry blog-post-loop blog-style-bg wd-add-shadow wd-col post-16500 post type-post status-publish format-standard has-post-thumbnail hentry category-news category-spy tag-bmw-3-elektryczne tag-bmw-3-ev tag-bmw-3-spy-shots tag-bmw-i3\">\n\t<div class=\"wd-post-inner article-inner\">\n\t\t\t\t\t<div class=\"wd-post-thumb entry-header\">\n\t\t\t\t\t\t\t\t\t<div class=\"wd-post-img post-img-wrapp\">\n\t\t\t\t\t\t<img width=\"1023\" height=\"684\" src=\"https:\/\/bmwblog.pl\/wp-content\/uploads\/2020\/11\/D2EECC17-2FD6-40B2-A441-BD9B491BBEBF.jpeg\" class=\"attachment- size-\" alt=\"SPY SHOTS: Elektryczne BMW serii 3\" decoding=\"async\" srcset=\"https:\/\/bmwblog.pl\/wp-content\/uploads\/2020\/11\/D2EECC17-2FD6-40B2-A441-BD9B491BBEBF.jpeg 1023w, https:\/\/bmwblog.pl\/wp-content\/uploads\/2020\/11\/D2EECC17-2FD6-40B2-A441-BD9B491BBEBF-430x288.jpeg 430w, https:\/\/bmwblog.pl\/wp-content\/uploads\/2020\/11\/D2EECC17-2FD6-40B2-A441-BD9B491BBEBF-150x100.jpeg 150w, https:\/\/bmwblog.pl\/wp-content\/uploads\/2020\/11\/D2EECC17-2FD6-40B2-A441-BD9B491BBEBF-700x468.jpeg 700w, https:\/\/bmwblog.pl\/wp-content\/uploads\/2020\/11\/D2EECC17-2FD6-40B2-A441-BD9B491BBEBF-600x401.jpg 600w, https:\/\/bmwblog.pl\/wp-content\/uploads\/2020\/11\/D2EECC17-2FD6-40B2-A441-BD9B491BBEBF-768x514.jpeg 768w, https:\/\/bmwblog.pl\/wp-content\/uploads\/2020\/11\/D2EECC17-2FD6-40B2-A441-BD9B491BBEBF-500x334.jpeg 500w, https:\/\/bmwblog.pl\/wp-content\/uploads\/2020\/11\/D2EECC17-2FD6-40B2-A441-BD9B491BBEBF-medium.jpg 300w\" sizes=\"(max-width: 1023px) 100vw, 1023px\" \/>\t\t\t\t\t<\/div>\n\t\t\t\t\t\t\t\t\t\t<a class=\"wd-fill\" tabindex=\"-1\" href=\"https:\/\/bmwblog.pl\/spy-shots-elektryczne-bmw-serii-3\/\" aria-label=\"Link on post SPY SHOTS: Elektryczne BMW serii 3\"><\/a>\n\t\t\t\t\n\t\t\t\t\t\t\t\t\t\t\t\t<div class=\"wd-post-date wd-style-with-bg\">\n\t\t\t\t<span class=\"post-date-day\">\n\t\t\t\t\t05\t\t\t\t<\/span>\n\t\t\t\t<span class=\"post-date-month\">\n\t\t\t\t\tlis\t\t\t\t<\/span>\n\t\t\t<\/div>\n\t\t\t\t\t\t\t\t\t<\/div>\n\t\t\n\t\t<div class=\"wd-post-content article-body-container\">\n\t\t\t\t\t\t\t<div class=\"wd-post-cat wd-style-with-bg meta-post-categories\">\n\t\t\t\t\t<a href=\"https:\/\/bmwblog.pl\/category\/news\/\" rel=\"category tag\">NEWS<\/a>, <a href=\"https:\/\/bmwblog.pl\/category\/spy\/\" rel=\"category tag\">SPY SHOTS<\/a>\t\t\t\t<\/div>\n\t\t\t\n\t\t\t\t\t\t\t<h3 class=\"wd-post-title wd-entities-title title post-title\">\n\t\t\t\t\t<a href=\"https:\/\/bmwblog.pl\/spy-shots-elektryczne-bmw-serii-3\/\" rel=\"bookmark\">SPY SHOTS: Elektryczne BMW serii 3<\/a>\n\t\t\t\t<\/h3>\n\t\t\t\n\t\t\t\t\t\t\t<div class=\"wd-post-meta\">\n\t\t\t\t\t\t\t\t\t\t\t\t\t\t\t<div class=\"wd-post-author\">\n\t\t\t\t\t\t\t\t\t\t\t<span>Posted by<\/span>\n\t\t\n\t\t\t\t\t\t\t\n\t\t\t\t\t<a href=\"https:\/\/bmwblog.pl\/author\/bmwblog-pl\/\" class=\"author\" rel=\"author\">Krystian Wilkosz<\/a>\n\t\t\t\t\t\t\t\t\t<\/div>\n\t\t\t\t\t<div class=\"wd-modified-date\">\n\t\t\t\t\t\t\t\t<time class=\"updated\" datetime=\"2025-02-07T22:22:50+01:00\">\n\t\t\t2025-02-07\t\t<\/time>\n\t\t\t\t\t\t\t<\/div>\n\n\t\t\t\t\t\n\t\t\t\t\t\t\t\t\t\t\t\t\t\t\t\t\t<div class=\"wd-post-reply wd-style-1\">\n\t\t\t\t\t\t\t<a href=\"https:\/\/bmwblog.pl\/spy-shots-elektryczne-bmw-serii-3\/#respond\"><span class=\"wd-replies-count\">0<\/span><\/a>\t\t\t\t\t\t<\/div>\n\t\t\t\t\t\t\t\t\t<\/div>\n\t\t\t\n\t\t\t\t\t\t\t\t\t\t\t\t<div class=\"wd-post-excerpt entry-content\">\n\t\t\t\t\t\tRynek samochod\u00f3w elektrycznych nabiera tempa. BMW r\u00f3wnie\u017c nie chce \u201eprzespa\u0107\u201d rozwoju technologicznego. Cho\u0107 wi\u0119kszo\u015b\u0107 z nas wyczekuje ...\t\t\t\t\t<\/div>\n\t\t\t\t\n\t\t\t\t\t\t\t\t\t\t\t\t\t\t<div class=\"wd-post-read-more wd-style-link read-more-section\">\n\t\t\t\t\t\t<a class=\"\" href=\"https:\/\/bmwblog.pl\/spy-shots-elektryczne-bmw-serii-3\/\">Czytaj dalej...<\/a>\t\t\t\t\t<\/div>\n\t\t\t\t\t\t\t\t\t\t\t\t\t<\/div>\n\t<\/div>\n<\/article>\n\n\t\t\t\t\t\n\t\t\t\t\t","status":"have-posts","nextPage":"https:\/\/bmwblog.pl\/category\/news\/page\/44\/?woo_ajax=1","currentPage":"https:\/\/bmwblog.pl\/category\/news\/page\/43"}