
			
				

					
				

			
		{"items":"\n\t\t\t\t\t\t\t\t\t\t\t\t\t\t<link rel=\"stylesheet\" id=\"wd-post-types-mod-categories-style-bg-css\" href=\"https:\/\/bmwblog.pl\/wp-content\/themes\/woodmart%208.3.8\/css\/parts\/post-types-mod-categories-style-bg.min.css?ver=8.3.8\" type=\"text\/css\" media=\"all\" \/> \t\t\t\n<article id=\"post-16447\" class=\"wd-post blog-design-masonry blog-post-loop blog-style-bg wd-add-shadow wd-col post-16447 post type-post status-publish format-standard has-post-thumbnail hentry category-news\">\n\t<div class=\"wd-post-inner article-inner\">\n\t\t\t\t\t<div class=\"wd-post-thumb entry-header\">\n\t\t\t\t\t\t\t\t\t<div class=\"wd-post-img post-img-wrapp\">\n\t\t\t\t\t\t<img width=\"1024\" height=\"577\" src=\"https:\/\/bmwblog.pl\/wp-content\/uploads\/2020\/10\/77BC36F4-DAD7-4B3B-BB18-24D35D815A24.jpeg\" class=\"attachment- size-\" alt=\"Ekskluzywne warianty \u201eFirst Edition\u201d dla modeli BMW X5M Competition oraz BMW X6M Competition\" decoding=\"async\" fetchpriority=\"high\" srcset=\"https:\/\/bmwblog.pl\/wp-content\/uploads\/2020\/10\/77BC36F4-DAD7-4B3B-BB18-24D35D815A24.jpeg 1024w, https:\/\/bmwblog.pl\/wp-content\/uploads\/2020\/10\/77BC36F4-DAD7-4B3B-BB18-24D35D815A24-430x242.jpeg 430w, https:\/\/bmwblog.pl\/wp-content\/uploads\/2020\/10\/77BC36F4-DAD7-4B3B-BB18-24D35D815A24-150x85.jpeg 150w, https:\/\/bmwblog.pl\/wp-content\/uploads\/2020\/10\/77BC36F4-DAD7-4B3B-BB18-24D35D815A24-700x394.jpeg 700w, https:\/\/bmwblog.pl\/wp-content\/uploads\/2020\/10\/77BC36F4-DAD7-4B3B-BB18-24D35D815A24-600x338.jpg 600w, https:\/\/bmwblog.pl\/wp-content\/uploads\/2020\/10\/77BC36F4-DAD7-4B3B-BB18-24D35D815A24-768x433.jpeg 768w, https:\/\/bmwblog.pl\/wp-content\/uploads\/2020\/10\/77BC36F4-DAD7-4B3B-BB18-24D35D815A24-500x282.jpeg 500w, https:\/\/bmwblog.pl\/wp-content\/uploads\/2020\/10\/77BC36F4-DAD7-4B3B-BB18-24D35D815A24-medium.jpg 300w\" sizes=\"(max-width: 1024px) 100vw, 1024px\" \/>\t\t\t\t\t<\/div>\n\t\t\t\t\t\t\t\t\t\t<a class=\"wd-fill\" tabindex=\"-1\" href=\"https:\/\/bmwblog.pl\/ekskluzywne-warianty-first-edition-dla-modeli-bmw-x5m-competition-oraz-bmw-x6m-competition\/\" aria-label=\"Link on post Ekskluzywne warianty \u201eFirst Edition\u201d dla modeli BMW X5M Competition oraz BMW X6M Competition\"><\/a>\n\t\t\t\t\n\t\t\t\t\t\t\t\t\t\t\t\t<link rel=\"stylesheet\" id=\"wd-post-types-mod-date-style-bg-css\" href=\"https:\/\/bmwblog.pl\/wp-content\/themes\/woodmart%208.3.8\/css\/parts\/post-types-mod-date-style-bg.min.css?ver=8.3.8\" type=\"text\/css\" media=\"all\" \/> \t\t\t\t\t\t<div class=\"wd-post-date wd-style-with-bg\">\n\t\t\t\t<span class=\"post-date-day\">\n\t\t\t\t\t20\t\t\t\t<\/span>\n\t\t\t\t<span class=\"post-date-month\">\n\t\t\t\t\tpa\u017a\t\t\t\t<\/span>\n\t\t\t<\/div>\n\t\t\t\t\t\t\t\t\t<\/div>\n\t\t\n\t\t<div class=\"wd-post-content article-body-container\">\n\t\t\t\t\t\t\t<div class=\"wd-post-cat wd-style-with-bg meta-post-categories\">\n\t\t\t\t\t<a href=\"https:\/\/bmwblog.pl\/category\/news\/\" rel=\"category tag\">NEWS<\/a>\t\t\t\t<\/div>\n\t\t\t\n\t\t\t\t\t\t\t<h3 class=\"wd-post-title wd-entities-title title post-title\">\n\t\t\t\t\t<a href=\"https:\/\/bmwblog.pl\/ekskluzywne-warianty-first-edition-dla-modeli-bmw-x5m-competition-oraz-bmw-x6m-competition\/\" rel=\"bookmark\">Ekskluzywne warianty \u201eFirst Edition\u201d dla modeli BMW X5M Competition oraz BMW X6M Competition<\/a>\n\t\t\t\t<\/h3>\n\t\t\t\n\t\t\t\t\t\t\t<div class=\"wd-post-meta\">\n\t\t\t\t\t\t\t\t\t\t\t\t\t<link rel=\"stylesheet\" id=\"wd-blog-mod-author-css\" href=\"https:\/\/bmwblog.pl\/wp-content\/themes\/woodmart%208.3.8\/css\/parts\/blog-mod-author.min.css?ver=8.3.8\" type=\"text\/css\" media=\"all\" \/> \t\t\t\t\t\t\t\t<div class=\"wd-post-author\">\n\t\t\t\t\t\t\t\t\t\t\t<span>Posted by<\/span>\n\t\t\n\t\t\t\t\t\t\t\n\t\t\t\t\t<a href=\"https:\/\/bmwblog.pl\/author\/bmwblog-pl\/\" class=\"author\" rel=\"author\">Krystian Wilkosz<\/a>\n\t\t\t\t\t\t\t\t\t<\/div>\n\t\t\t\t\t<div class=\"wd-modified-date\">\n\t\t\t\t\t\t\t\t<time class=\"updated\" datetime=\"2025-02-07T22:18:45+01:00\">\n\t\t\t2025-02-07\t\t<\/time>\n\t\t\t\t\t\t\t<\/div>\n\n\t\t\t\t\t\n\t\t\t\t\t\t\t\t\t\t\t\t\t\t<link rel=\"stylesheet\" id=\"wd-blog-mod-comments-button-css\" href=\"https:\/\/bmwblog.pl\/wp-content\/themes\/woodmart%208.3.8\/css\/parts\/blog-mod-comments-button.min.css?ver=8.3.8\" type=\"text\/css\" media=\"all\" \/> \t\t\t\t\t\t\t\t\t<div class=\"wd-post-reply wd-style-1\">\n\t\t\t\t\t\t\t<a href=\"https:\/\/bmwblog.pl\/ekskluzywne-warianty-first-edition-dla-modeli-bmw-x5m-competition-oraz-bmw-x6m-competition\/#respond\"><span class=\"wd-replies-count\">0<\/span><\/a>\t\t\t\t\t\t<\/div>\n\t\t\t\t\t\t\t\t\t<\/div>\n\t\t\t\n\t\t\t\t\t\t\t\n\t\t\t\t\t\t\t\t\t\t\t\t\t\t<div class=\"wd-post-read-more wd-style-link read-more-section\">\n\t\t\t\t\t\t<a class=\"\" href=\"https:\/\/bmwblog.pl\/ekskluzywne-warianty-first-edition-dla-modeli-bmw-x5m-competition-oraz-bmw-x6m-competition\/\">Czytaj dalej...<\/a>\t\t\t\t\t<\/div>\n\t\t\t\t\t\t\t\t\t\t\t\t\t<\/div>\n\t<\/div>\n<\/article>\n\n\t\t\t\t\t\t\t\t\t\t\t\n<article id=\"post-16440\" class=\"wd-post blog-design-masonry blog-post-loop blog-style-bg wd-add-shadow wd-col post-16440 post type-post status-publish format-video has-post-thumbnail hentry category-news category-wideo post_format-post-format-video\">\n\t<div class=\"wd-post-inner article-inner\">\n\t\t\t\t\t<div class=\"wd-post-thumb entry-header\">\n\t\t\t\t\t\t\t\t\t<div class=\"wd-post-img post-img-wrapp\">\n\t\t\t\t\t\t<img width=\"1024\" height=\"577\" src=\"https:\/\/bmwblog.pl\/wp-content\/uploads\/2020\/10\/67814046-66D1-480B-8E8B-9FB0E3219058.jpeg\" class=\"attachment- size-\" alt=\"WIDEO: Bye Bye Ferrari\" decoding=\"async\" srcset=\"https:\/\/bmwblog.pl\/wp-content\/uploads\/2020\/10\/67814046-66D1-480B-8E8B-9FB0E3219058.jpeg 1024w, https:\/\/bmwblog.pl\/wp-content\/uploads\/2020\/10\/67814046-66D1-480B-8E8B-9FB0E3219058-430x242.jpeg 430w, https:\/\/bmwblog.pl\/wp-content\/uploads\/2020\/10\/67814046-66D1-480B-8E8B-9FB0E3219058-150x85.jpeg 150w, https:\/\/bmwblog.pl\/wp-content\/uploads\/2020\/10\/67814046-66D1-480B-8E8B-9FB0E3219058-700x394.jpeg 700w, https:\/\/bmwblog.pl\/wp-content\/uploads\/2020\/10\/67814046-66D1-480B-8E8B-9FB0E3219058-600x338.jpg 600w, https:\/\/bmwblog.pl\/wp-content\/uploads\/2020\/10\/67814046-66D1-480B-8E8B-9FB0E3219058-768x433.jpeg 768w, https:\/\/bmwblog.pl\/wp-content\/uploads\/2020\/10\/67814046-66D1-480B-8E8B-9FB0E3219058-500x282.jpeg 500w, https:\/\/bmwblog.pl\/wp-content\/uploads\/2020\/10\/67814046-66D1-480B-8E8B-9FB0E3219058-medium.jpg 300w\" sizes=\"(max-width: 1024px) 100vw, 1024px\" \/>\t\t\t\t\t<\/div>\n\t\t\t\t\t\t\t\t\t\t<a class=\"wd-fill\" tabindex=\"-1\" href=\"https:\/\/bmwblog.pl\/wideo-bye-bye-ferrari\/\" aria-label=\"Link on post WIDEO: Bye Bye Ferrari\"><\/a>\n\t\t\t\t\n\t\t\t\t\t\t\t\t\t\t\t\t<div class=\"wd-post-date wd-style-with-bg\">\n\t\t\t\t<span class=\"post-date-day\">\n\t\t\t\t\t10\t\t\t\t<\/span>\n\t\t\t\t<span class=\"post-date-month\">\n\t\t\t\t\tpa\u017a\t\t\t\t<\/span>\n\t\t\t<\/div>\n\t\t\t\t\t\t\t\t\t<\/div>\n\t\t\n\t\t<div class=\"wd-post-content article-body-container\">\n\t\t\t\t\t\t\t<div class=\"wd-post-cat wd-style-with-bg meta-post-categories\">\n\t\t\t\t\t<a href=\"https:\/\/bmwblog.pl\/category\/news\/\" rel=\"category tag\">NEWS<\/a>, <a href=\"https:\/\/bmwblog.pl\/category\/wideo\/\" rel=\"category tag\">WIDEO<\/a>\t\t\t\t<\/div>\n\t\t\t\n\t\t\t\t\t\t\t<h3 class=\"wd-post-title wd-entities-title title post-title\">\n\t\t\t\t\t<a href=\"https:\/\/bmwblog.pl\/wideo-bye-bye-ferrari\/\" rel=\"bookmark\">WIDEO: Bye Bye Ferrari<\/a>\n\t\t\t\t<\/h3>\n\t\t\t\n\t\t\t\t\t\t\t<div class=\"wd-post-meta\">\n\t\t\t\t\t\t\t\t\t\t\t\t\t\t\t<div class=\"wd-post-author\">\n\t\t\t\t\t\t\t\t\t\t\t<span>Posted by<\/span>\n\t\t\n\t\t\t\t\t\t\t\n\t\t\t\t\t<a href=\"https:\/\/bmwblog.pl\/author\/bmwblog-pl\/\" class=\"author\" rel=\"author\">Krystian Wilkosz<\/a>\n\t\t\t\t\t\t\t\t\t<\/div>\n\t\t\t\t\t<div class=\"wd-modified-date\">\n\t\t\t\t\t\t\t\t<time class=\"updated\" datetime=\"2025-02-07T22:18:40+01:00\">\n\t\t\t2025-02-07\t\t<\/time>\n\t\t\t\t\t\t\t<\/div>\n\n\t\t\t\t\t\n\t\t\t\t\t\t\t\t\t\t\t\t\t\t\t\t\t<div class=\"wd-post-reply wd-style-1\">\n\t\t\t\t\t\t\t<a href=\"https:\/\/bmwblog.pl\/wideo-bye-bye-ferrari\/#respond\"><span class=\"wd-replies-count\">0<\/span><\/a>\t\t\t\t\t\t<\/div>\n\t\t\t\t\t\t\t\t\t<\/div>\n\t\t\t\n\t\t\t\t\t\t\t\t\t\t\t\t<div class=\"wd-post-excerpt entry-content\">\n\t\t\t\t\t\tZobacz DRAG RACE w wykonaniu BMW M5 800KM kontra Ferrari 488 Pista 720KM.\n\n\n\n\nhttps:\/\/youtu.be\/U7UksuFzBuQ\n\n\n\n\n\u0179r\u00f3d\u0142o: Carwow.co.uk\t\t\t\t\t<\/div>\n\t\t\t\t\n\t\t\t\t\t\t\t\t\t\t\t\t\t\t<div class=\"wd-post-read-more wd-style-link read-more-section\">\n\t\t\t\t\t\t<a class=\"\" href=\"https:\/\/bmwblog.pl\/wideo-bye-bye-ferrari\/\">Czytaj dalej...<\/a>\t\t\t\t\t<\/div>\n\t\t\t\t\t\t\t\t\t\t\t\t\t<\/div>\n\t<\/div>\n<\/article>\n\n\t\t\t\t\t\t\t\t\t\t\t\n<article id=\"post-16413\" class=\"wd-post blog-design-masonry blog-post-loop blog-style-bg wd-add-shadow wd-col post-16413 post type-post status-publish format-standard has-post-thumbnail hentry category-news\">\n\t<div class=\"wd-post-inner article-inner\">\n\t\t\t\t\t<div class=\"wd-post-thumb entry-header\">\n\t\t\t\t\t\t\t\t\t<div class=\"wd-post-img post-img-wrapp\">\n\t\t\t\t\t\t<img width=\"960\" height=\"639\" src=\"https:\/\/bmwblog.pl\/wp-content\/uploads\/2020\/10\/4C2978BD-0FA6-4973-9A1D-8C1FBB86557C.jpeg\" class=\"attachment- size-\" alt=\"PREMIERA: BMW prezentuje BMW 128ti dysponuj\u0105cy moc\u0105 265KM i 400Nm.\" decoding=\"async\" srcset=\"https:\/\/bmwblog.pl\/wp-content\/uploads\/2020\/10\/4C2978BD-0FA6-4973-9A1D-8C1FBB86557C.jpeg 960w, https:\/\/bmwblog.pl\/wp-content\/uploads\/2020\/10\/4C2978BD-0FA6-4973-9A1D-8C1FBB86557C-430x286.jpeg 430w, https:\/\/bmwblog.pl\/wp-content\/uploads\/2020\/10\/4C2978BD-0FA6-4973-9A1D-8C1FBB86557C-150x100.jpeg 150w, https:\/\/bmwblog.pl\/wp-content\/uploads\/2020\/10\/4C2978BD-0FA6-4973-9A1D-8C1FBB86557C-700x466.jpeg 700w, https:\/\/bmwblog.pl\/wp-content\/uploads\/2020\/10\/4C2978BD-0FA6-4973-9A1D-8C1FBB86557C-600x399.jpg 600w, https:\/\/bmwblog.pl\/wp-content\/uploads\/2020\/10\/4C2978BD-0FA6-4973-9A1D-8C1FBB86557C-768x511.jpeg 768w, https:\/\/bmwblog.pl\/wp-content\/uploads\/2020\/10\/4C2978BD-0FA6-4973-9A1D-8C1FBB86557C-500x333.jpeg 500w, https:\/\/bmwblog.pl\/wp-content\/uploads\/2020\/10\/4C2978BD-0FA6-4973-9A1D-8C1FBB86557C-medium.jpg 300w\" sizes=\"(max-width: 960px) 100vw, 960px\" \/>\t\t\t\t\t<\/div>\n\t\t\t\t\t\t\t\t\t\t<a class=\"wd-fill\" tabindex=\"-1\" href=\"https:\/\/bmwblog.pl\/premiera-bmw-prezentuje-bmw-128ti-dysponujacy-moca-265km-i-400nm\/\" aria-label=\"Link on post PREMIERA: BMW prezentuje BMW 128ti dysponuj\u0105cy moc\u0105 265KM i 400Nm.\"><\/a>\n\t\t\t\t\n\t\t\t\t\t\t\t\t\t\t\t\t<div class=\"wd-post-date wd-style-with-bg\">\n\t\t\t\t<span class=\"post-date-day\">\n\t\t\t\t\t07\t\t\t\t<\/span>\n\t\t\t\t<span class=\"post-date-month\">\n\t\t\t\t\tpa\u017a\t\t\t\t<\/span>\n\t\t\t<\/div>\n\t\t\t\t\t\t\t\t\t<\/div>\n\t\t\n\t\t<div class=\"wd-post-content article-body-container\">\n\t\t\t\t\t\t\t<div class=\"wd-post-cat wd-style-with-bg meta-post-categories\">\n\t\t\t\t\t<a href=\"https:\/\/bmwblog.pl\/category\/news\/\" rel=\"category tag\">NEWS<\/a>\t\t\t\t<\/div>\n\t\t\t\n\t\t\t\t\t\t\t<h3 class=\"wd-post-title wd-entities-title title post-title\">\n\t\t\t\t\t<a href=\"https:\/\/bmwblog.pl\/premiera-bmw-prezentuje-bmw-128ti-dysponujacy-moca-265km-i-400nm\/\" rel=\"bookmark\">PREMIERA: BMW prezentuje BMW 128ti dysponuj\u0105cy moc\u0105 265KM i 400Nm.<\/a>\n\t\t\t\t<\/h3>\n\t\t\t\n\t\t\t\t\t\t\t<div class=\"wd-post-meta\">\n\t\t\t\t\t\t\t\t\t\t\t\t\t\t\t<div class=\"wd-post-author\">\n\t\t\t\t\t\t\t\t\t\t\t<span>Posted by<\/span>\n\t\t\n\t\t\t\t\t\t\t\n\t\t\t\t\t<a href=\"https:\/\/bmwblog.pl\/author\/bmwblog-pl\/\" class=\"author\" rel=\"author\">Krystian Wilkosz<\/a>\n\t\t\t\t\t\t\t\t\t<\/div>\n\t\t\t\t\t<div class=\"wd-modified-date\">\n\t\t\t\t\t\t\t\t<time class=\"updated\" datetime=\"2025-02-07T22:15:33+01:00\">\n\t\t\t2025-02-07\t\t<\/time>\n\t\t\t\t\t\t\t<\/div>\n\n\t\t\t\t\t\n\t\t\t\t\t\t\t\t\t\t\t\t\t\t\t\t\t<div class=\"wd-post-reply wd-style-1\">\n\t\t\t\t\t\t\t<a href=\"https:\/\/bmwblog.pl\/premiera-bmw-prezentuje-bmw-128ti-dysponujacy-moca-265km-i-400nm\/#respond\"><span class=\"wd-replies-count\">0<\/span><\/a>\t\t\t\t\t\t<\/div>\n\t\t\t\t\t\t\t\t\t<\/div>\n\t\t\t\n\t\t\t\t\t\t\t\t\t\t\t\t<div class=\"wd-post-excerpt entry-content\">\n\t\t\t\t\t\tNowy model potrzebuje 6.1s do 100km\/h i plasuje si\u0119 pomi\u0119dzy BMW 120i i BMW M135i xDrive.\n\n\n                       \n\n\n\n\n\n\n\u0179r\u00f3d\u0142o: BMW\t\t\t\t\t<\/div>\n\t\t\t\t\n\t\t\t\t\t\t\t\t\t\t\t\t\t\t<div class=\"wd-post-read-more wd-style-link read-more-section\">\n\t\t\t\t\t\t<a class=\"\" href=\"https:\/\/bmwblog.pl\/premiera-bmw-prezentuje-bmw-128ti-dysponujacy-moca-265km-i-400nm\/\">Czytaj dalej...<\/a>\t\t\t\t\t<\/div>\n\t\t\t\t\t\t\t\t\t\t\t\t\t<\/div>\n\t<\/div>\n<\/article>\n\n\t\t\t\t\t\t\t\t\t\t\t\n<article id=\"post-16360\" class=\"wd-post blog-design-masonry blog-post-loop blog-style-bg wd-add-shadow wd-col post-16360 post type-post status-publish format-standard has-post-thumbnail hentry category-news\">\n\t<div class=\"wd-post-inner article-inner\">\n\t\t\t\t\t<div class=\"wd-post-thumb entry-header\">\n\t\t\t\t\t\t\t\t\t<div class=\"wd-post-img post-img-wrapp\">\n\t\t\t\t\t\t<img width=\"960\" height=\"640\" src=\"https:\/\/bmwblog.pl\/wp-content\/uploads\/2020\/09\/0AD7F133-2B02-43C3-AD9B-0BC29A9A0AD9.jpeg\" class=\"attachment- size-\" alt=\"NOWO\u015a\u0106: BMW X2 M Mesh Edition\" decoding=\"async\" srcset=\"https:\/\/bmwblog.pl\/wp-content\/uploads\/2020\/09\/0AD7F133-2B02-43C3-AD9B-0BC29A9A0AD9.jpeg 960w, https:\/\/bmwblog.pl\/wp-content\/uploads\/2020\/09\/0AD7F133-2B02-43C3-AD9B-0BC29A9A0AD9-430x287.jpeg 430w, https:\/\/bmwblog.pl\/wp-content\/uploads\/2020\/09\/0AD7F133-2B02-43C3-AD9B-0BC29A9A0AD9-150x100.jpeg 150w, https:\/\/bmwblog.pl\/wp-content\/uploads\/2020\/09\/0AD7F133-2B02-43C3-AD9B-0BC29A9A0AD9-700x467.jpeg 700w, https:\/\/bmwblog.pl\/wp-content\/uploads\/2020\/09\/0AD7F133-2B02-43C3-AD9B-0BC29A9A0AD9-600x400.jpg 600w, https:\/\/bmwblog.pl\/wp-content\/uploads\/2020\/09\/0AD7F133-2B02-43C3-AD9B-0BC29A9A0AD9-768x512.jpeg 768w, https:\/\/bmwblog.pl\/wp-content\/uploads\/2020\/09\/0AD7F133-2B02-43C3-AD9B-0BC29A9A0AD9-500x333.jpeg 500w, https:\/\/bmwblog.pl\/wp-content\/uploads\/2020\/09\/0AD7F133-2B02-43C3-AD9B-0BC29A9A0AD9-medium.jpg 300w\" sizes=\"(max-width: 960px) 100vw, 960px\" \/>\t\t\t\t\t<\/div>\n\t\t\t\t\t\t\t\t\t\t<a class=\"wd-fill\" tabindex=\"-1\" href=\"https:\/\/bmwblog.pl\/nowosc-bmw-x2-m-mesh-edition\/\" aria-label=\"Link on post NOWO\u015a\u0106: BMW X2 M Mesh Edition\"><\/a>\n\t\t\t\t\n\t\t\t\t\t\t\t\t\t\t\t\t<div class=\"wd-post-date wd-style-with-bg\">\n\t\t\t\t<span class=\"post-date-day\">\n\t\t\t\t\t30\t\t\t\t<\/span>\n\t\t\t\t<span class=\"post-date-month\">\n\t\t\t\t\twrz\t\t\t\t<\/span>\n\t\t\t<\/div>\n\t\t\t\t\t\t\t\t\t<\/div>\n\t\t\n\t\t<div class=\"wd-post-content article-body-container\">\n\t\t\t\t\t\t\t<div class=\"wd-post-cat wd-style-with-bg meta-post-categories\">\n\t\t\t\t\t<a href=\"https:\/\/bmwblog.pl\/category\/news\/\" rel=\"category tag\">NEWS<\/a>\t\t\t\t<\/div>\n\t\t\t\n\t\t\t\t\t\t\t<h3 class=\"wd-post-title wd-entities-title title post-title\">\n\t\t\t\t\t<a href=\"https:\/\/bmwblog.pl\/nowosc-bmw-x2-m-mesh-edition\/\" rel=\"bookmark\">NOWO\u015a\u0106: BMW X2 M Mesh Edition<\/a>\n\t\t\t\t<\/h3>\n\t\t\t\n\t\t\t\t\t\t\t<div class=\"wd-post-meta\">\n\t\t\t\t\t\t\t\t\t\t\t\t\t\t\t<div class=\"wd-post-author\">\n\t\t\t\t\t\t\t\t\t\t\t<span>Posted by<\/span>\n\t\t\n\t\t\t\t\t\t\t\n\t\t\t\t\t<a href=\"https:\/\/bmwblog.pl\/author\/bmwblog-pl\/\" class=\"author\" rel=\"author\">Krystian Wilkosz<\/a>\n\t\t\t\t\t\t\t\t\t<\/div>\n\t\t\t\t\t<div class=\"wd-modified-date\">\n\t\t\t\t\t\t\t\t<time class=\"updated\" datetime=\"2025-02-07T22:11:29+01:00\">\n\t\t\t2025-02-07\t\t<\/time>\n\t\t\t\t\t\t\t<\/div>\n\n\t\t\t\t\t\n\t\t\t\t\t\t\t\t\t\t\t\t\t\t\t\t\t<div class=\"wd-post-reply wd-style-1\">\n\t\t\t\t\t\t\t<a href=\"https:\/\/bmwblog.pl\/nowosc-bmw-x2-m-mesh-edition\/#comments\"><span class=\"wd-replies-count\">1<\/span><\/a>\t\t\t\t\t\t<\/div>\n\t\t\t\t\t\t\t\t\t<\/div>\n\t\t\t\n\t\t\t\t\t\t\t\t\t\t\t\t<div class=\"wd-post-excerpt entry-content\">\n\t\t\t\t\t\tBMW prezentuje specjalny pakiet dedykowany dla modelu X2.\t\t\t\t\t<\/div>\n\t\t\t\t\n\t\t\t\t\t\t\t\t\t\t\t\t\t\t<div class=\"wd-post-read-more wd-style-link read-more-section\">\n\t\t\t\t\t\t<a class=\"\" href=\"https:\/\/bmwblog.pl\/nowosc-bmw-x2-m-mesh-edition\/\">Czytaj dalej...<\/a>\t\t\t\t\t<\/div>\n\t\t\t\t\t\t\t\t\t\t\t\t\t<\/div>\n\t<\/div>\n<\/article>\n\n\t\t\t\t\t\t\t\t\t\t\t\n<article id=\"post-16323\" class=\"wd-post blog-design-masonry blog-post-loop blog-style-bg wd-add-shadow wd-col post-16323 post type-post status-publish format-standard has-post-thumbnail hentry category-news\">\n\t<div class=\"wd-post-inner article-inner\">\n\t\t\t\t\t<div class=\"wd-post-thumb entry-header\">\n\t\t\t\t\t\t\t\t\t<div class=\"wd-post-img post-img-wrapp\">\n\t\t\t\t\t\t<img width=\"960\" height=\"640\" src=\"https:\/\/bmwblog.pl\/wp-content\/uploads\/2020\/09\/5CD6FE2B-6FC0-414B-B8A2-EFF632570B8A.jpeg\" class=\"attachment- size-\" alt=\"\u015aWIATOWA PREMIERA: Nowe BMW serii 4 G23 Convertible\" decoding=\"async\" srcset=\"https:\/\/bmwblog.pl\/wp-content\/uploads\/2020\/09\/5CD6FE2B-6FC0-414B-B8A2-EFF632570B8A.jpeg 960w, https:\/\/bmwblog.pl\/wp-content\/uploads\/2020\/09\/5CD6FE2B-6FC0-414B-B8A2-EFF632570B8A-430x287.jpeg 430w, https:\/\/bmwblog.pl\/wp-content\/uploads\/2020\/09\/5CD6FE2B-6FC0-414B-B8A2-EFF632570B8A-150x100.jpeg 150w, https:\/\/bmwblog.pl\/wp-content\/uploads\/2020\/09\/5CD6FE2B-6FC0-414B-B8A2-EFF632570B8A-700x467.jpeg 700w, https:\/\/bmwblog.pl\/wp-content\/uploads\/2020\/09\/5CD6FE2B-6FC0-414B-B8A2-EFF632570B8A-600x400.jpg 600w, https:\/\/bmwblog.pl\/wp-content\/uploads\/2020\/09\/5CD6FE2B-6FC0-414B-B8A2-EFF632570B8A-768x512.jpeg 768w, https:\/\/bmwblog.pl\/wp-content\/uploads\/2020\/09\/5CD6FE2B-6FC0-414B-B8A2-EFF632570B8A-500x333.jpeg 500w, https:\/\/bmwblog.pl\/wp-content\/uploads\/2020\/09\/5CD6FE2B-6FC0-414B-B8A2-EFF632570B8A-medium.jpg 300w\" sizes=\"(max-width: 960px) 100vw, 960px\" \/>\t\t\t\t\t<\/div>\n\t\t\t\t\t\t\t\t\t\t<a class=\"wd-fill\" tabindex=\"-1\" href=\"https:\/\/bmwblog.pl\/swiatowa-premiera-nowe-bmw-serii-4-convertible\/\" aria-label=\"Link on post \u015aWIATOWA PREMIERA: Nowe BMW serii 4 G23 Convertible\"><\/a>\n\t\t\t\t\n\t\t\t\t\t\t\t\t\t\t\t\t<div class=\"wd-post-date wd-style-with-bg\">\n\t\t\t\t<span class=\"post-date-day\">\n\t\t\t\t\t30\t\t\t\t<\/span>\n\t\t\t\t<span class=\"post-date-month\">\n\t\t\t\t\twrz\t\t\t\t<\/span>\n\t\t\t<\/div>\n\t\t\t\t\t\t\t\t\t<\/div>\n\t\t\n\t\t<div class=\"wd-post-content article-body-container\">\n\t\t\t\t\t\t\t<div class=\"wd-post-cat wd-style-with-bg meta-post-categories\">\n\t\t\t\t\t<a href=\"https:\/\/bmwblog.pl\/category\/news\/\" rel=\"category tag\">NEWS<\/a>\t\t\t\t<\/div>\n\t\t\t\n\t\t\t\t\t\t\t<h3 class=\"wd-post-title wd-entities-title title post-title\">\n\t\t\t\t\t<a href=\"https:\/\/bmwblog.pl\/swiatowa-premiera-nowe-bmw-serii-4-convertible\/\" rel=\"bookmark\">\u015aWIATOWA PREMIERA: Nowe BMW serii 4 G23 Convertible<\/a>\n\t\t\t\t<\/h3>\n\t\t\t\n\t\t\t\t\t\t\t<div class=\"wd-post-meta\">\n\t\t\t\t\t\t\t\t\t\t\t\t\t\t\t<div class=\"wd-post-author\">\n\t\t\t\t\t\t\t\t\t\t\t<span>Posted by<\/span>\n\t\t\n\t\t\t\t\t\t\t\n\t\t\t\t\t<a href=\"https:\/\/bmwblog.pl\/author\/bmwblog-pl\/\" class=\"author\" rel=\"author\">Krystian Wilkosz<\/a>\n\t\t\t\t\t\t\t\t\t<\/div>\n\t\t\t\t\t<div class=\"wd-modified-date\">\n\t\t\t\t\t\t\t\t<time class=\"updated\" datetime=\"2025-02-07T22:08:42+01:00\">\n\t\t\t2025-02-07\t\t<\/time>\n\t\t\t\t\t\t\t<\/div>\n\n\t\t\t\t\t\n\t\t\t\t\t\t\t\t\t\t\t\t\t\t\t\t\t<div class=\"wd-post-reply wd-style-1\">\n\t\t\t\t\t\t\t<a href=\"https:\/\/bmwblog.pl\/swiatowa-premiera-nowe-bmw-serii-4-convertible\/#respond\"><span class=\"wd-replies-count\">0<\/span><\/a>\t\t\t\t\t\t<\/div>\n\t\t\t\t\t\t\t\t\t<\/div>\n\t\t\t\n\t\t\t\t\t\t\t\t\t\t\t\t<div class=\"wd-post-excerpt entry-content\">\n\t\t\t\t\t\tBMW oficjalnie prezentuje sw\u00f3j najnowszy model BMW 4 w wersji Convertible. Tak, jak wersja Coup\u00e9, dost\u0119pny b\u0119dzie od marca 2021.\t\t\t\t\t<\/div>\n\t\t\t\t\n\t\t\t\t\t\t\t\t\t\t\t\t\t\t<div class=\"wd-post-read-more wd-style-link read-more-section\">\n\t\t\t\t\t\t<a class=\"\" href=\"https:\/\/bmwblog.pl\/swiatowa-premiera-nowe-bmw-serii-4-convertible\/\">Czytaj dalej...<\/a>\t\t\t\t\t<\/div>\n\t\t\t\t\t\t\t\t\t\t\t\t\t<\/div>\n\t<\/div>\n<\/article>\n\n\t\t\t\t\t\n\t\t\t\t\t","status":"have-posts","nextPage":"https:\/\/bmwblog.pl\/category\/news\/page\/45\/?woo_ajax=1","currentPage":"https:\/\/bmwblog.pl\/category\/news\/page\/44"}