
			
				

					
				

			
		{"items":"\n\t\t\t\t\t\t\t\t\t\t\t\t\t\t<link rel=\"stylesheet\" id=\"wd-post-types-mod-categories-style-bg-css\" href=\"https:\/\/bmwblog.pl\/wp-content\/themes\/woodmart%208.3.8\/css\/parts\/post-types-mod-categories-style-bg.min.css?ver=8.3.8\" type=\"text\/css\" media=\"all\" \/> \t\t\t\n<article id=\"post-16288\" class=\"wd-post blog-design-masonry blog-post-loop blog-style-bg wd-add-shadow wd-col post-16288 post type-post status-publish format-video has-post-thumbnail hentry category-news post_format-post-format-video\">\n\t<div class=\"wd-post-inner article-inner\">\n\t\t\t\t\t<div class=\"wd-post-thumb entry-header\">\n\t\t\t\t\t\t\t\t\t<div class=\"wd-post-img post-img-wrapp\">\n\t\t\t\t\t\t<img width=\"1280\" height=\"720\" src=\"https:\/\/bmwblog.pl\/wp-content\/uploads\/2020\/09\/6F9DBE11-9BD1-49B8-8134-123F8CBF9FA2.jpeg\" class=\"attachment- size-\" alt=\"WIDEO: THE M3 G80 oraz THE M4 G82\" decoding=\"async\" fetchpriority=\"high\" srcset=\"https:\/\/bmwblog.pl\/wp-content\/uploads\/2020\/09\/6F9DBE11-9BD1-49B8-8134-123F8CBF9FA2.jpeg 1280w, https:\/\/bmwblog.pl\/wp-content\/uploads\/2020\/09\/6F9DBE11-9BD1-49B8-8134-123F8CBF9FA2-430x242.jpeg 430w, https:\/\/bmwblog.pl\/wp-content\/uploads\/2020\/09\/6F9DBE11-9BD1-49B8-8134-123F8CBF9FA2-150x84.jpeg 150w, https:\/\/bmwblog.pl\/wp-content\/uploads\/2020\/09\/6F9DBE11-9BD1-49B8-8134-123F8CBF9FA2-700x394.jpeg 700w, https:\/\/bmwblog.pl\/wp-content\/uploads\/2020\/09\/6F9DBE11-9BD1-49B8-8134-123F8CBF9FA2-600x338.jpg 600w, https:\/\/bmwblog.pl\/wp-content\/uploads\/2020\/09\/6F9DBE11-9BD1-49B8-8134-123F8CBF9FA2-large.jpeg 1024w, https:\/\/bmwblog.pl\/wp-content\/uploads\/2020\/09\/6F9DBE11-9BD1-49B8-8134-123F8CBF9FA2-768x432.jpeg 768w, https:\/\/bmwblog.pl\/wp-content\/uploads\/2020\/09\/6F9DBE11-9BD1-49B8-8134-123F8CBF9FA2-1040x585.jpeg 1040w, https:\/\/bmwblog.pl\/wp-content\/uploads\/2020\/09\/6F9DBE11-9BD1-49B8-8134-123F8CBF9FA2-500x281.jpeg 500w, https:\/\/bmwblog.pl\/wp-content\/uploads\/2020\/09\/6F9DBE11-9BD1-49B8-8134-123F8CBF9FA2-medium.jpg 300w\" sizes=\"(max-width: 1280px) 100vw, 1280px\" \/>\t\t\t\t\t<\/div>\n\t\t\t\t\t\t\t\t\t\t<a class=\"wd-fill\" tabindex=\"-1\" href=\"https:\/\/bmwblog.pl\/wideo-the-m3-g80-oraz-the-m4-g82\/\" aria-label=\"Link on post WIDEO: THE M3 G80 oraz THE M4 G82\"><\/a>\n\t\t\t\t\n\t\t\t\t\t\t\t\t\t\t\t\t<link rel=\"stylesheet\" id=\"wd-post-types-mod-date-style-bg-css\" href=\"https:\/\/bmwblog.pl\/wp-content\/themes\/woodmart%208.3.8\/css\/parts\/post-types-mod-date-style-bg.min.css?ver=8.3.8\" type=\"text\/css\" media=\"all\" \/> \t\t\t\t\t\t<div class=\"wd-post-date wd-style-with-bg\">\n\t\t\t\t<span class=\"post-date-day\">\n\t\t\t\t\t23\t\t\t\t<\/span>\n\t\t\t\t<span class=\"post-date-month\">\n\t\t\t\t\twrz\t\t\t\t<\/span>\n\t\t\t<\/div>\n\t\t\t\t\t\t\t\t\t<\/div>\n\t\t\n\t\t<div class=\"wd-post-content article-body-container\">\n\t\t\t\t\t\t\t<div class=\"wd-post-cat wd-style-with-bg meta-post-categories\">\n\t\t\t\t\t<a href=\"https:\/\/bmwblog.pl\/category\/news\/\" rel=\"category tag\">NEWS<\/a>\t\t\t\t<\/div>\n\t\t\t\n\t\t\t\t\t\t\t<h3 class=\"wd-post-title wd-entities-title title post-title\">\n\t\t\t\t\t<a href=\"https:\/\/bmwblog.pl\/wideo-the-m3-g80-oraz-the-m4-g82\/\" rel=\"bookmark\">WIDEO: THE M3 G80 oraz THE M4 G82<\/a>\n\t\t\t\t<\/h3>\n\t\t\t\n\t\t\t\t\t\t\t<div class=\"wd-post-meta\">\n\t\t\t\t\t\t\t\t\t\t\t\t\t<link rel=\"stylesheet\" id=\"wd-blog-mod-author-css\" href=\"https:\/\/bmwblog.pl\/wp-content\/themes\/woodmart%208.3.8\/css\/parts\/blog-mod-author.min.css?ver=8.3.8\" type=\"text\/css\" media=\"all\" \/> \t\t\t\t\t\t\t\t<div class=\"wd-post-author\">\n\t\t\t\t\t\t\t\t\t\t\t<span>Posted by<\/span>\n\t\t\n\t\t\t\t\t\t\t\n\t\t\t\t\t<a href=\"https:\/\/bmwblog.pl\/author\/bmwblog-pl\/\" class=\"author\" rel=\"author\">Krystian Wilkosz<\/a>\n\t\t\t\t\t\t\t\t\t<\/div>\n\t\t\t\t\t<div class=\"wd-modified-date\">\n\t\t\t\t\t\t\t\t<time class=\"updated\" datetime=\"2025-02-07T22:05:25+01:00\">\n\t\t\t2025-02-07\t\t<\/time>\n\t\t\t\t\t\t\t<\/div>\n\n\t\t\t\t\t\n\t\t\t\t\t\t\t\t\t\t\t\t\t\t<link rel=\"stylesheet\" id=\"wd-blog-mod-comments-button-css\" href=\"https:\/\/bmwblog.pl\/wp-content\/themes\/woodmart%208.3.8\/css\/parts\/blog-mod-comments-button.min.css?ver=8.3.8\" type=\"text\/css\" media=\"all\" \/> \t\t\t\t\t\t\t\t\t<div class=\"wd-post-reply wd-style-1\">\n\t\t\t\t\t\t\t<a href=\"https:\/\/bmwblog.pl\/wideo-the-m3-g80-oraz-the-m4-g82\/#respond\"><span class=\"wd-replies-count\">0<\/span><\/a>\t\t\t\t\t\t<\/div>\n\t\t\t\t\t\t\t\t\t<\/div>\n\t\t\t\n\t\t\t\t\t\t\t\t\t\t\t\t<div class=\"wd-post-excerpt entry-content\">\n\t\t\t\t\t\thttps:\/\/youtu.be\/xJud8MEhntw\t\t\t\t\t<\/div>\n\t\t\t\t\n\t\t\t\t\t\t\t\t\t\t\t\t\t\t<div class=\"wd-post-read-more wd-style-link read-more-section\">\n\t\t\t\t\t\t<a class=\"\" href=\"https:\/\/bmwblog.pl\/wideo-the-m3-g80-oraz-the-m4-g82\/\">Czytaj dalej...<\/a>\t\t\t\t\t<\/div>\n\t\t\t\t\t\t\t\t\t\t\t\t\t<\/div>\n\t<\/div>\n<\/article>\n\n\t\t\t\t\t\t\t\t\t\t\t\t\t\t<link rel=\"stylesheet\" id=\"wd-blog-mod-gallery-css\" href=\"https:\/\/bmwblog.pl\/wp-content\/themes\/woodmart%208.3.8\/css\/parts\/blog-mod-gallery.min.css?ver=8.3.8\" type=\"text\/css\" media=\"all\" \/> \t\t\t\n<article id=\"post-16279\" class=\"wd-post blog-design-masonry blog-post-loop blog-style-bg wd-add-shadow wd-col post-16279 post type-post status-publish format-gallery has-post-thumbnail hentry category-akcesoria category-news post_format-post-format-gallery\">\n\t<div class=\"wd-post-inner article-inner\">\n\t\t\t\t\t<div class=\"wd-post-thumb entry-header\">\n\t\t\t\t\t\t\t\t\t<div class=\"wd-post-img post-img-wrapp\">\n\t\t\t\t\t\t<img width=\"858\" height=\"1024\" src=\"https:\/\/bmwblog.pl\/wp-content\/uploads\/2020\/09\/E799B3F4-4A7A-4CA5-9BD7-B8AC7EE53FC0.jpeg\" class=\"attachment- size-\" alt=\"BMW M3 G80 z M Performance Parts na kolejnych zdj\u0119ciach\" decoding=\"async\" srcset=\"https:\/\/bmwblog.pl\/wp-content\/uploads\/2020\/09\/E799B3F4-4A7A-4CA5-9BD7-B8AC7EE53FC0.jpeg 858w, https:\/\/bmwblog.pl\/wp-content\/uploads\/2020\/09\/E799B3F4-4A7A-4CA5-9BD7-B8AC7EE53FC0-430x513.jpeg 430w, https:\/\/bmwblog.pl\/wp-content\/uploads\/2020\/09\/E799B3F4-4A7A-4CA5-9BD7-B8AC7EE53FC0-150x179.jpeg 150w, https:\/\/bmwblog.pl\/wp-content\/uploads\/2020\/09\/E799B3F4-4A7A-4CA5-9BD7-B8AC7EE53FC0-700x835.jpeg 700w, https:\/\/bmwblog.pl\/wp-content\/uploads\/2020\/09\/E799B3F4-4A7A-4CA5-9BD7-B8AC7EE53FC0-medium.jpeg 503w, https:\/\/bmwblog.pl\/wp-content\/uploads\/2020\/09\/E799B3F4-4A7A-4CA5-9BD7-B8AC7EE53FC0-768x917.jpeg 768w, https:\/\/bmwblog.pl\/wp-content\/uploads\/2020\/09\/E799B3F4-4A7A-4CA5-9BD7-B8AC7EE53FC0-419x500.jpeg 419w, https:\/\/bmwblog.pl\/wp-content\/uploads\/2020\/09\/E799B3F4-4A7A-4CA5-9BD7-B8AC7EE53FC0-medium.jpg 251w, https:\/\/bmwblog.pl\/wp-content\/uploads\/2020\/09\/E799B3F4-4A7A-4CA5-9BD7-B8AC7EE53FC0-600x716.jpg 600w\" sizes=\"(max-width: 858px) 100vw, 858px\" \/>\t\t\t\t\t<\/div>\n\t\t\t\t\t\t\t\t\t\t<a class=\"wd-fill\" tabindex=\"-1\" href=\"https:\/\/bmwblog.pl\/bmw-m3-g80-z-m-performance-parts-na-kolejnych-zdjeciach\/\" aria-label=\"Link on post BMW M3 G80 z M Performance Parts na kolejnych zdj\u0119ciach\"><\/a>\n\t\t\t\t\n\t\t\t\t\t\t\t\t\t\t\t\t<div class=\"wd-post-date wd-style-with-bg\">\n\t\t\t\t<span class=\"post-date-day\">\n\t\t\t\t\t23\t\t\t\t<\/span>\n\t\t\t\t<span class=\"post-date-month\">\n\t\t\t\t\twrz\t\t\t\t<\/span>\n\t\t\t<\/div>\n\t\t\t\t\t\t\t\t\t<\/div>\n\t\t\n\t\t<div class=\"wd-post-content article-body-container\">\n\t\t\t\t\t\t\t<div class=\"wd-post-cat wd-style-with-bg meta-post-categories\">\n\t\t\t\t\t<a href=\"https:\/\/bmwblog.pl\/category\/akcesoria\/\" rel=\"category tag\">AKCESORIA<\/a>, <a href=\"https:\/\/bmwblog.pl\/category\/news\/\" rel=\"category tag\">NEWS<\/a>\t\t\t\t<\/div>\n\t\t\t\n\t\t\t\t\t\t\t<h3 class=\"wd-post-title wd-entities-title title post-title\">\n\t\t\t\t\t<a href=\"https:\/\/bmwblog.pl\/bmw-m3-g80-z-m-performance-parts-na-kolejnych-zdjeciach\/\" rel=\"bookmark\">BMW M3 G80 z M Performance Parts na kolejnych zdj\u0119ciach<\/a>\n\t\t\t\t<\/h3>\n\t\t\t\n\t\t\t\t\t\t\t<div class=\"wd-post-meta\">\n\t\t\t\t\t\t\t\t\t\t\t\t\t\t\t<div class=\"wd-post-author\">\n\t\t\t\t\t\t\t\t\t\t\t<span>Posted by<\/span>\n\t\t\n\t\t\t\t\t\t\t\n\t\t\t\t\t<a href=\"https:\/\/bmwblog.pl\/author\/bmwblog-pl\/\" class=\"author\" rel=\"author\">Krystian Wilkosz<\/a>\n\t\t\t\t\t\t\t\t\t<\/div>\n\t\t\t\t\t<div class=\"wd-modified-date\">\n\t\t\t\t\t\t\t\t<time class=\"updated\" datetime=\"2025-02-07T22:05:14+01:00\">\n\t\t\t2025-02-07\t\t<\/time>\n\t\t\t\t\t\t\t<\/div>\n\n\t\t\t\t\t\n\t\t\t\t\t\t\t\t\t\t\t\t\t\t\t\t\t<div class=\"wd-post-reply wd-style-1\">\n\t\t\t\t\t\t\t<a href=\"https:\/\/bmwblog.pl\/bmw-m3-g80-z-m-performance-parts-na-kolejnych-zdjeciach\/#respond\"><span class=\"wd-replies-count\">0<\/span><\/a>\t\t\t\t\t\t<\/div>\n\t\t\t\t\t\t\t\t\t<\/div>\n\t\t\t\n\t\t\t\t\t\t\t\n\t\t\t\t\t\t\t\t\t\t\t\t\t\t<div class=\"wd-post-read-more wd-style-link read-more-section\">\n\t\t\t\t\t\t<a class=\"\" href=\"https:\/\/bmwblog.pl\/bmw-m3-g80-z-m-performance-parts-na-kolejnych-zdjeciach\/\">Czytaj dalej...<\/a>\t\t\t\t\t<\/div>\n\t\t\t\t\t\t\t\t\t\t\t\t\t<\/div>\n\t<\/div>\n<\/article>\n\n\t\t\t\t\t\t\t\t\t\t\t\n<article id=\"post-16250\" class=\"wd-post blog-design-masonry blog-post-loop blog-style-bg wd-add-shadow wd-col post-16250 post type-post status-publish format-standard has-post-thumbnail hentry category-news\">\n\t<div class=\"wd-post-inner article-inner\">\n\t\t\t\t\t<div class=\"wd-post-thumb entry-header\">\n\t\t\t\t\t\t\t\t\t<div class=\"wd-post-img post-img-wrapp\">\n\t\t\t\t\t\t<img width=\"1024\" height=\"682\" src=\"https:\/\/bmwblog.pl\/wp-content\/uploads\/2020\/09\/54A15EFE-4040-4B8E-8683-018CA19E71C0.jpeg\" class=\"attachment- size-\" alt=\"\u015aWIATOWA PREMIERA: Nowe BMW M4 G82 Coup\u00e9\" decoding=\"async\" srcset=\"https:\/\/bmwblog.pl\/wp-content\/uploads\/2020\/09\/54A15EFE-4040-4B8E-8683-018CA19E71C0.jpeg 1024w, https:\/\/bmwblog.pl\/wp-content\/uploads\/2020\/09\/54A15EFE-4040-4B8E-8683-018CA19E71C0-430x286.jpeg 430w, https:\/\/bmwblog.pl\/wp-content\/uploads\/2020\/09\/54A15EFE-4040-4B8E-8683-018CA19E71C0-150x100.jpeg 150w, https:\/\/bmwblog.pl\/wp-content\/uploads\/2020\/09\/54A15EFE-4040-4B8E-8683-018CA19E71C0-700x466.jpeg 700w, https:\/\/bmwblog.pl\/wp-content\/uploads\/2020\/09\/54A15EFE-4040-4B8E-8683-018CA19E71C0-600x400.jpg 600w, https:\/\/bmwblog.pl\/wp-content\/uploads\/2020\/09\/54A15EFE-4040-4B8E-8683-018CA19E71C0-768x512.jpeg 768w, https:\/\/bmwblog.pl\/wp-content\/uploads\/2020\/09\/54A15EFE-4040-4B8E-8683-018CA19E71C0-500x333.jpeg 500w, https:\/\/bmwblog.pl\/wp-content\/uploads\/2020\/09\/54A15EFE-4040-4B8E-8683-018CA19E71C0-medium.jpg 300w\" sizes=\"(max-width: 1024px) 100vw, 1024px\" \/>\t\t\t\t\t<\/div>\n\t\t\t\t\t\t\t\t\t\t<a class=\"wd-fill\" tabindex=\"-1\" href=\"https:\/\/bmwblog.pl\/swiatowa-premiera-nowe-bmw-m4-g82-coupe\/\" aria-label=\"Link on post \u015aWIATOWA PREMIERA: Nowe BMW M4 G82 Coup\u00e9\"><\/a>\n\t\t\t\t\n\t\t\t\t\t\t\t\t\t\t\t\t<div class=\"wd-post-date wd-style-with-bg\">\n\t\t\t\t<span class=\"post-date-day\">\n\t\t\t\t\t23\t\t\t\t<\/span>\n\t\t\t\t<span class=\"post-date-month\">\n\t\t\t\t\twrz\t\t\t\t<\/span>\n\t\t\t<\/div>\n\t\t\t\t\t\t\t\t\t<\/div>\n\t\t\n\t\t<div class=\"wd-post-content article-body-container\">\n\t\t\t\t\t\t\t<div class=\"wd-post-cat wd-style-with-bg meta-post-categories\">\n\t\t\t\t\t<a href=\"https:\/\/bmwblog.pl\/category\/news\/\" rel=\"category tag\">NEWS<\/a>\t\t\t\t<\/div>\n\t\t\t\n\t\t\t\t\t\t\t<h3 class=\"wd-post-title wd-entities-title title post-title\">\n\t\t\t\t\t<a href=\"https:\/\/bmwblog.pl\/swiatowa-premiera-nowe-bmw-m4-g82-coupe\/\" rel=\"bookmark\">\u015aWIATOWA PREMIERA: Nowe BMW M4 G82 Coup\u00e9<\/a>\n\t\t\t\t<\/h3>\n\t\t\t\n\t\t\t\t\t\t\t<div class=\"wd-post-meta\">\n\t\t\t\t\t\t\t\t\t\t\t\t\t\t\t<div class=\"wd-post-author\">\n\t\t\t\t\t\t\t\t\t\t\t<span>Posted by<\/span>\n\t\t\n\t\t\t\t\t\t\t\n\t\t\t\t\t<a href=\"https:\/\/bmwblog.pl\/author\/bmwblog-pl\/\" class=\"author\" rel=\"author\">Krystian Wilkosz<\/a>\n\t\t\t\t\t\t\t\t\t<\/div>\n\t\t\t\t\t<div class=\"wd-modified-date\">\n\t\t\t\t\t\t\t\t<time class=\"updated\" datetime=\"2025-02-07T22:02:56+01:00\">\n\t\t\t2025-02-07\t\t<\/time>\n\t\t\t\t\t\t\t<\/div>\n\n\t\t\t\t\t\n\t\t\t\t\t\t\t\t\t\t\t\t\t\t\t\t\t<div class=\"wd-post-reply wd-style-1\">\n\t\t\t\t\t\t\t<a href=\"https:\/\/bmwblog.pl\/swiatowa-premiera-nowe-bmw-m4-g82-coupe\/#respond\"><span class=\"wd-replies-count\">0<\/span><\/a>\t\t\t\t\t\t<\/div>\n\t\t\t\t\t\t\t\t\t<\/div>\n\t\t\t\n\t\t\t\t\t\t\t\t\t\t\t\t<div class=\"wd-post-excerpt entry-content\">\n\t\t\t\t\t\tBMW oficjalnie prezentuje model BMW M4 Coup\u00e9 G82.\n\n\n\nBMW M4 Coup\u00e9:\u2022 3-litrowy, 6- cylindrowy silnik M TwinPower Turbo na podw\u00f3jnej turb...\t\t\t\t\t<\/div>\n\t\t\t\t\n\t\t\t\t\t\t\t\t\t\t\t\t\t\t<div class=\"wd-post-read-more wd-style-link read-more-section\">\n\t\t\t\t\t\t<a class=\"\" href=\"https:\/\/bmwblog.pl\/swiatowa-premiera-nowe-bmw-m4-g82-coupe\/\">Czytaj dalej...<\/a>\t\t\t\t\t<\/div>\n\t\t\t\t\t\t\t\t\t\t\t\t\t<\/div>\n\t<\/div>\n<\/article>\n\n\t\t\t\t\t\t\t\t\t\t\t\n<article id=\"post-16195\" class=\"wd-post blog-design-masonry blog-post-loop blog-style-bg wd-add-shadow wd-col post-16195 post type-post status-publish format-standard has-post-thumbnail hentry category-news\">\n\t<div class=\"wd-post-inner article-inner\">\n\t\t\t\t\t<div class=\"wd-post-thumb entry-header\">\n\t\t\t\t\t\t\t\t\t<div class=\"wd-post-img post-img-wrapp\">\n\t\t\t\t\t\t<img width=\"1920\" height=\"1279\" src=\"https:\/\/bmwblog.pl\/wp-content\/uploads\/2020\/09\/B5D61D79-1E5E-455A-B690-A01A6FE64F8C.jpeg\" class=\"attachment- size-\" alt=\"Modele BMW M3 G80 oraz BMW M4 G82 z akcesoriami M Performance Parts\" decoding=\"async\" srcset=\"https:\/\/bmwblog.pl\/wp-content\/uploads\/2020\/09\/B5D61D79-1E5E-455A-B690-A01A6FE64F8C.jpeg 1920w, https:\/\/bmwblog.pl\/wp-content\/uploads\/2020\/09\/B5D61D79-1E5E-455A-B690-A01A6FE64F8C-430x286.jpeg 430w, https:\/\/bmwblog.pl\/wp-content\/uploads\/2020\/09\/B5D61D79-1E5E-455A-B690-A01A6FE64F8C-150x100.jpeg 150w, https:\/\/bmwblog.pl\/wp-content\/uploads\/2020\/09\/B5D61D79-1E5E-455A-B690-A01A6FE64F8C-700x466.jpeg 700w, https:\/\/bmwblog.pl\/wp-content\/uploads\/2020\/09\/B5D61D79-1E5E-455A-B690-A01A6FE64F8C-600x400.jpg 600w, https:\/\/bmwblog.pl\/wp-content\/uploads\/2020\/09\/B5D61D79-1E5E-455A-B690-A01A6FE64F8C-large.jpeg 1024w, https:\/\/bmwblog.pl\/wp-content\/uploads\/2020\/09\/B5D61D79-1E5E-455A-B690-A01A6FE64F8C-768x512.jpeg 768w, https:\/\/bmwblog.pl\/wp-content\/uploads\/2020\/09\/B5D61D79-1E5E-455A-B690-A01A6FE64F8C-1536x1023.jpeg 1536w, https:\/\/bmwblog.pl\/wp-content\/uploads\/2020\/09\/B5D61D79-1E5E-455A-B690-A01A6FE64F8C-500x333.jpeg 500w, https:\/\/bmwblog.pl\/wp-content\/uploads\/2020\/09\/B5D61D79-1E5E-455A-B690-A01A6FE64F8C-medium.jpg 300w\" sizes=\"(max-width: 1920px) 100vw, 1920px\" \/>\t\t\t\t\t<\/div>\n\t\t\t\t\t\t\t\t\t\t<a class=\"wd-fill\" tabindex=\"-1\" href=\"https:\/\/bmwblog.pl\/modele-bmw-m3-g80-oraz-bmw-m4-g82-z-akcesoriami-m-performance-parts\/\" aria-label=\"Link on post Modele BMW M3 G80 oraz BMW M4 G82 z akcesoriami M Performance Parts\"><\/a>\n\t\t\t\t\n\t\t\t\t\t\t\t\t\t\t\t\t<div class=\"wd-post-date wd-style-with-bg\">\n\t\t\t\t<span class=\"post-date-day\">\n\t\t\t\t\t23\t\t\t\t<\/span>\n\t\t\t\t<span class=\"post-date-month\">\n\t\t\t\t\twrz\t\t\t\t<\/span>\n\t\t\t<\/div>\n\t\t\t\t\t\t\t\t\t<\/div>\n\t\t\n\t\t<div class=\"wd-post-content article-body-container\">\n\t\t\t\t\t\t\t<div class=\"wd-post-cat wd-style-with-bg meta-post-categories\">\n\t\t\t\t\t<a href=\"https:\/\/bmwblog.pl\/category\/news\/\" rel=\"category tag\">NEWS<\/a>\t\t\t\t<\/div>\n\t\t\t\n\t\t\t\t\t\t\t<h3 class=\"wd-post-title wd-entities-title title post-title\">\n\t\t\t\t\t<a href=\"https:\/\/bmwblog.pl\/modele-bmw-m3-g80-oraz-bmw-m4-g82-z-akcesoriami-m-performance-parts\/\" rel=\"bookmark\">Modele BMW M3 G80 oraz BMW M4 G82 z akcesoriami M Performance Parts<\/a>\n\t\t\t\t<\/h3>\n\t\t\t\n\t\t\t\t\t\t\t<div class=\"wd-post-meta\">\n\t\t\t\t\t\t\t\t\t\t\t\t\t\t\t<div class=\"wd-post-author\">\n\t\t\t\t\t\t\t\t\t\t\t<span>Posted by<\/span>\n\t\t\n\t\t\t\t\t\t\t\n\t\t\t\t\t<a href=\"https:\/\/bmwblog.pl\/author\/bmwblog-pl\/\" class=\"author\" rel=\"author\">Krystian Wilkosz<\/a>\n\t\t\t\t\t\t\t\t\t<\/div>\n\t\t\t\t\t<div class=\"wd-modified-date\">\n\t\t\t\t\t\t\t\t<time class=\"updated\" datetime=\"2025-02-07T21:58:45+01:00\">\n\t\t\t2025-02-07\t\t<\/time>\n\t\t\t\t\t\t\t<\/div>\n\n\t\t\t\t\t\n\t\t\t\t\t\t\t\t\t\t\t\t\t\t\t\t\t<div class=\"wd-post-reply wd-style-1\">\n\t\t\t\t\t\t\t<a href=\"https:\/\/bmwblog.pl\/modele-bmw-m3-g80-oraz-bmw-m4-g82-z-akcesoriami-m-performance-parts\/#respond\"><span class=\"wd-replies-count\">0<\/span><\/a>\t\t\t\t\t\t<\/div>\n\t\t\t\t\t\t\t\t\t<\/div>\n\t\t\t\n\t\t\t\t\t\t\t\t\t\t\t\t<div class=\"wd-post-excerpt entry-content\">\n\t\t\t\t\t\tBmw prezentuje akcesoria M Performance Parts dedykowane dla nowych modeli BMW M3 G80 oraz M4 G82. \n\n\n                       \n\n\nDost\u0119pno...\t\t\t\t\t<\/div>\n\t\t\t\t\n\t\t\t\t\t\t\t\t\t\t\t\t\t\t<div class=\"wd-post-read-more wd-style-link read-more-section\">\n\t\t\t\t\t\t<a class=\"\" href=\"https:\/\/bmwblog.pl\/modele-bmw-m3-g80-oraz-bmw-m4-g82-z-akcesoriami-m-performance-parts\/\">Czytaj dalej...<\/a>\t\t\t\t\t<\/div>\n\t\t\t\t\t\t\t\t\t\t\t\t\t<\/div>\n\t<\/div>\n<\/article>\n\n\t\t\t\t\t\t\t\t\t\t\t\n<article id=\"post-16173\" class=\"wd-post blog-design-masonry blog-post-loop blog-style-bg wd-add-shadow wd-col post-16173 post type-post status-publish format-standard has-post-thumbnail hentry category-news tag-bmw-m3 tag-bmw-m3-2020 tag-bmw-m3-2021 tag-bmw-m3-g80 tag-bmw-m3-nowe-zdjecia tag-bmw-m3-wyciek tag-bmw-m3g80 tag-bmw-m4 tag-bmw-m4-2020 tag-bmw-m4-2021 tag-bmw-m4-coupe tag-bmw-m4-g82 tag-bmw-m4-grill tag-bmw-m4-premiera tag-bmw-m4-wyciekaja tag-galeria-bmw-m4\">\n\t<div class=\"wd-post-inner article-inner\">\n\t\t\t\t\t<div class=\"wd-post-thumb entry-header\">\n\t\t\t\t\t\t\t\t\t<div class=\"wd-post-img post-img-wrapp\">\n\t\t\t\t\t\t<img width=\"2000\" height=\"1333\" src=\"https:\/\/bmwblog.pl\/wp-content\/uploads\/2020\/09\/E18A9812-561A-4752-8A42-0C0E92993C23.jpeg\" class=\"attachment- size-\" alt=\"Uwaga! Wyciek\u0142y zdj\u0119cia BMW M3 G80 oraz BMW M4 G82 tu\u017c przed premier\u0105!\" decoding=\"async\" srcset=\"https:\/\/bmwblog.pl\/wp-content\/uploads\/2020\/09\/E18A9812-561A-4752-8A42-0C0E92993C23.jpeg 2000w, https:\/\/bmwblog.pl\/wp-content\/uploads\/2020\/09\/E18A9812-561A-4752-8A42-0C0E92993C23-430x287.jpeg 430w, https:\/\/bmwblog.pl\/wp-content\/uploads\/2020\/09\/E18A9812-561A-4752-8A42-0C0E92993C23-150x100.jpeg 150w, https:\/\/bmwblog.pl\/wp-content\/uploads\/2020\/09\/E18A9812-561A-4752-8A42-0C0E92993C23-700x467.jpeg 700w, https:\/\/bmwblog.pl\/wp-content\/uploads\/2020\/09\/E18A9812-561A-4752-8A42-0C0E92993C23-600x400.jpg 600w, https:\/\/bmwblog.pl\/wp-content\/uploads\/2020\/09\/E18A9812-561A-4752-8A42-0C0E92993C23-large.jpeg 1024w, https:\/\/bmwblog.pl\/wp-content\/uploads\/2020\/09\/E18A9812-561A-4752-8A42-0C0E92993C23-768x512.jpeg 768w, https:\/\/bmwblog.pl\/wp-content\/uploads\/2020\/09\/E18A9812-561A-4752-8A42-0C0E92993C23-1536x1024.jpeg 1536w, https:\/\/bmwblog.pl\/wp-content\/uploads\/2020\/09\/E18A9812-561A-4752-8A42-0C0E92993C23-500x333.jpeg 500w, https:\/\/bmwblog.pl\/wp-content\/uploads\/2020\/09\/E18A9812-561A-4752-8A42-0C0E92993C23-medium.jpg 300w\" sizes=\"(max-width: 2000px) 100vw, 2000px\" \/>\t\t\t\t\t<\/div>\n\t\t\t\t\t\t\t\t\t\t<a class=\"wd-fill\" tabindex=\"-1\" href=\"https:\/\/bmwblog.pl\/uwaga-wyciekly-zdjecia-bmw-m3-g80-oraz-bmw-m4-g82-tuz-przed-premiera\/\" aria-label=\"Link on post Uwaga! Wyciek\u0142y zdj\u0119cia BMW M3 G80 oraz BMW M4 G82 tu\u017c przed premier\u0105!\"><\/a>\n\t\t\t\t\n\t\t\t\t\t\t\t\t\t\t\t\t<div class=\"wd-post-date wd-style-with-bg\">\n\t\t\t\t<span class=\"post-date-day\">\n\t\t\t\t\t22\t\t\t\t<\/span>\n\t\t\t\t<span class=\"post-date-month\">\n\t\t\t\t\twrz\t\t\t\t<\/span>\n\t\t\t<\/div>\n\t\t\t\t\t\t\t\t\t<\/div>\n\t\t\n\t\t<div class=\"wd-post-content article-body-container\">\n\t\t\t\t\t\t\t<div class=\"wd-post-cat wd-style-with-bg meta-post-categories\">\n\t\t\t\t\t<a href=\"https:\/\/bmwblog.pl\/category\/news\/\" rel=\"category tag\">NEWS<\/a>\t\t\t\t<\/div>\n\t\t\t\n\t\t\t\t\t\t\t<h3 class=\"wd-post-title wd-entities-title title post-title\">\n\t\t\t\t\t<a href=\"https:\/\/bmwblog.pl\/uwaga-wyciekly-zdjecia-bmw-m3-g80-oraz-bmw-m4-g82-tuz-przed-premiera\/\" rel=\"bookmark\">Uwaga! Wyciek\u0142y zdj\u0119cia BMW M3 G80 oraz BMW M4 G82 tu\u017c przed premier\u0105!<\/a>\n\t\t\t\t<\/h3>\n\t\t\t\n\t\t\t\t\t\t\t<div class=\"wd-post-meta\">\n\t\t\t\t\t\t\t\t\t\t\t\t\t\t\t<div class=\"wd-post-author\">\n\t\t\t\t\t\t\t\t\t\t\t<span>Posted by<\/span>\n\t\t\n\t\t\t\t\t\t\t\n\t\t\t\t\t<a href=\"https:\/\/bmwblog.pl\/author\/bmwblog-pl\/\" class=\"author\" rel=\"author\">Krystian Wilkosz<\/a>\n\t\t\t\t\t\t\t\t\t<\/div>\n\t\t\t\t\t<div class=\"wd-modified-date\">\n\t\t\t\t\t\t\t\t<time class=\"updated\" datetime=\"2025-02-07T21:57:52+01:00\">\n\t\t\t2025-02-07\t\t<\/time>\n\t\t\t\t\t\t\t<\/div>\n\n\t\t\t\t\t\n\t\t\t\t\t\t\t\t\t\t\t\t\t\t\t\t\t<div class=\"wd-post-reply wd-style-1\">\n\t\t\t\t\t\t\t<a href=\"https:\/\/bmwblog.pl\/uwaga-wyciekly-zdjecia-bmw-m3-g80-oraz-bmw-m4-g82-tuz-przed-premiera\/#respond\"><span class=\"wd-replies-count\">0<\/span><\/a>\t\t\t\t\t\t<\/div>\n\t\t\t\t\t\t\t\t\t<\/div>\n\t\t\t\n\t\t\t\t\t\t\t\t\t\t\t\t<div class=\"wd-post-excerpt entry-content\">\n\t\t\t\t\t\tCo s\u0105dzicie o nowych modelach?!\t\t\t\t\t<\/div>\n\t\t\t\t\n\t\t\t\t\t\t\t\t\t\t\t\t\t\t<div class=\"wd-post-read-more wd-style-link read-more-section\">\n\t\t\t\t\t\t<a class=\"\" href=\"https:\/\/bmwblog.pl\/uwaga-wyciekly-zdjecia-bmw-m3-g80-oraz-bmw-m4-g82-tuz-przed-premiera\/\">Czytaj dalej...<\/a>\t\t\t\t\t<\/div>\n\t\t\t\t\t\t\t\t\t\t\t\t\t<\/div>\n\t<\/div>\n<\/article>\n\n\t\t\t\t\t\n\t\t\t\t\t","status":"have-posts","nextPage":"https:\/\/bmwblog.pl\/category\/news\/page\/46\/?woo_ajax=1","currentPage":"https:\/\/bmwblog.pl\/category\/news\/page\/45"}