
			
				

					
				

			
		{"items":"\n\t\t\t\t\t\t\t\t\t\t\t\t\t\t<link rel=\"stylesheet\" id=\"wd-post-types-mod-categories-style-bg-css\" href=\"https:\/\/bmwblog.pl\/wp-content\/themes\/woodmart%208.3.8\/css\/parts\/post-types-mod-categories-style-bg.min.css?ver=8.3.8\" type=\"text\/css\" media=\"all\" \/> \t\t\t\n<article id=\"post-16157\" class=\"wd-post blog-design-masonry blog-post-loop blog-style-bg wd-add-shadow wd-col post-16157 post type-post status-publish format-standard has-post-thumbnail hentry category-news tag-bmw-m3 tag-bmw-m3-g80 tag-bmw-m3-przed-premiera tag-bmw-m3-zdjecia tag-bmw-m4 tag-bmw-m4-competition tag-bmw-m4-coupe tag-bmw-m4-g82 tag-bmw-m4-zapowiedz\">\n\t<div class=\"wd-post-inner article-inner\">\n\t\t\t\t\t<div class=\"wd-post-thumb entry-header\">\n\t\t\t\t\t\t\t\t\t<div class=\"wd-post-img post-img-wrapp\">\n\t\t\t\t\t\t<img width=\"1019\" height=\"665\" src=\"https:\/\/bmwblog.pl\/wp-content\/uploads\/2020\/09\/C4BAE8DB-E740-4890-8681-5DC2CBDFC8F0.jpeg\" class=\"attachment- size-\" alt=\"BMW podsyca atmosfer\u0119 przed premier\u0105 BMW M4 Competition oraz BMW M3\" decoding=\"async\" fetchpriority=\"high\" srcset=\"https:\/\/bmwblog.pl\/wp-content\/uploads\/2020\/09\/C4BAE8DB-E740-4890-8681-5DC2CBDFC8F0.jpeg 1019w, https:\/\/bmwblog.pl\/wp-content\/uploads\/2020\/09\/C4BAE8DB-E740-4890-8681-5DC2CBDFC8F0-430x281.jpeg 430w, https:\/\/bmwblog.pl\/wp-content\/uploads\/2020\/09\/C4BAE8DB-E740-4890-8681-5DC2CBDFC8F0-150x98.jpeg 150w, https:\/\/bmwblog.pl\/wp-content\/uploads\/2020\/09\/C4BAE8DB-E740-4890-8681-5DC2CBDFC8F0-700x457.jpeg 700w, https:\/\/bmwblog.pl\/wp-content\/uploads\/2020\/09\/C4BAE8DB-E740-4890-8681-5DC2CBDFC8F0-600x392.jpg 600w, https:\/\/bmwblog.pl\/wp-content\/uploads\/2020\/09\/C4BAE8DB-E740-4890-8681-5DC2CBDFC8F0-768x501.jpeg 768w, https:\/\/bmwblog.pl\/wp-content\/uploads\/2020\/09\/C4BAE8DB-E740-4890-8681-5DC2CBDFC8F0-500x326.jpeg 500w, https:\/\/bmwblog.pl\/wp-content\/uploads\/2020\/09\/C4BAE8DB-E740-4890-8681-5DC2CBDFC8F0-medium.jpg 300w\" sizes=\"(max-width: 1019px) 100vw, 1019px\" \/>\t\t\t\t\t<\/div>\n\t\t\t\t\t\t\t\t\t\t<a class=\"wd-fill\" tabindex=\"-1\" href=\"https:\/\/bmwblog.pl\/bmw-podsyca-atmosfere-przed-premiera-bmw-m4-competition-oraz-bmw-m3\/\" aria-label=\"Link on post BMW podsyca atmosfer\u0119 przed premier\u0105 BMW M4 Competition oraz BMW M3\"><\/a>\n\t\t\t\t\n\t\t\t\t\t\t\t\t\t\t\t\t<link rel=\"stylesheet\" id=\"wd-post-types-mod-date-style-bg-css\" href=\"https:\/\/bmwblog.pl\/wp-content\/themes\/woodmart%208.3.8\/css\/parts\/post-types-mod-date-style-bg.min.css?ver=8.3.8\" type=\"text\/css\" media=\"all\" \/> \t\t\t\t\t\t<div class=\"wd-post-date wd-style-with-bg\">\n\t\t\t\t<span class=\"post-date-day\">\n\t\t\t\t\t19\t\t\t\t<\/span>\n\t\t\t\t<span class=\"post-date-month\">\n\t\t\t\t\twrz\t\t\t\t<\/span>\n\t\t\t<\/div>\n\t\t\t\t\t\t\t\t\t<\/div>\n\t\t\n\t\t<div class=\"wd-post-content article-body-container\">\n\t\t\t\t\t\t\t<div class=\"wd-post-cat wd-style-with-bg meta-post-categories\">\n\t\t\t\t\t<a href=\"https:\/\/bmwblog.pl\/category\/news\/\" rel=\"category tag\">NEWS<\/a>\t\t\t\t<\/div>\n\t\t\t\n\t\t\t\t\t\t\t<h3 class=\"wd-post-title wd-entities-title title post-title\">\n\t\t\t\t\t<a href=\"https:\/\/bmwblog.pl\/bmw-podsyca-atmosfere-przed-premiera-bmw-m4-competition-oraz-bmw-m3\/\" rel=\"bookmark\">BMW podsyca atmosfer\u0119 przed premier\u0105 BMW M4 Competition oraz BMW M3<\/a>\n\t\t\t\t<\/h3>\n\t\t\t\n\t\t\t\t\t\t\t<div class=\"wd-post-meta\">\n\t\t\t\t\t\t\t\t\t\t\t\t\t<link rel=\"stylesheet\" id=\"wd-blog-mod-author-css\" href=\"https:\/\/bmwblog.pl\/wp-content\/themes\/woodmart%208.3.8\/css\/parts\/blog-mod-author.min.css?ver=8.3.8\" type=\"text\/css\" media=\"all\" \/> \t\t\t\t\t\t\t\t<div class=\"wd-post-author\">\n\t\t\t\t\t\t\t\t\t\t\t<span>Posted by<\/span>\n\t\t\n\t\t\t\t\t\t\t\n\t\t\t\t\t<a href=\"https:\/\/bmwblog.pl\/author\/bmwblog-pl\/\" class=\"author\" rel=\"author\">Krystian Wilkosz<\/a>\n\t\t\t\t\t\t\t\t\t<\/div>\n\t\t\t\t\t<div class=\"wd-modified-date\">\n\t\t\t\t\t\t\t\t<time class=\"updated\" datetime=\"2025-02-07T21:57:30+01:00\">\n\t\t\t2025-02-07\t\t<\/time>\n\t\t\t\t\t\t\t<\/div>\n\n\t\t\t\t\t\n\t\t\t\t\t\t\t\t\t\t\t\t\t\t<link rel=\"stylesheet\" id=\"wd-blog-mod-comments-button-css\" href=\"https:\/\/bmwblog.pl\/wp-content\/themes\/woodmart%208.3.8\/css\/parts\/blog-mod-comments-button.min.css?ver=8.3.8\" type=\"text\/css\" media=\"all\" \/> \t\t\t\t\t\t\t\t\t<div class=\"wd-post-reply wd-style-1\">\n\t\t\t\t\t\t\t<a href=\"https:\/\/bmwblog.pl\/bmw-podsyca-atmosfere-przed-premiera-bmw-m4-competition-oraz-bmw-m3\/#respond\"><span class=\"wd-replies-count\">0<\/span><\/a>\t\t\t\t\t\t<\/div>\n\t\t\t\t\t\t\t\t\t<\/div>\n\t\t\t\n\t\t\t\t\t\t\t\t\t\t\t\t<div class=\"wd-post-excerpt entry-content\">\n\t\t\t\t\t\tBMW umiej\u0119tnie kamufluje wygl\u0105d nowych modeli BMW M4 Competition oraz BMW M3 tu\u017c przed premier\u0105. Wszystko wyja\u015bni si\u0119 za 4dni. \n\n\n\n\n\n\n\n...\t\t\t\t\t<\/div>\n\t\t\t\t\n\t\t\t\t\t\t\t\t\t\t\t\t\t\t<div class=\"wd-post-read-more wd-style-link read-more-section\">\n\t\t\t\t\t\t<a class=\"\" href=\"https:\/\/bmwblog.pl\/bmw-podsyca-atmosfere-przed-premiera-bmw-m4-competition-oraz-bmw-m3\/\">Czytaj dalej...<\/a>\t\t\t\t\t<\/div>\n\t\t\t\t\t\t\t\t\t\t\t\t\t<\/div>\n\t<\/div>\n<\/article>\n\n\t\t\t\t\t\t\t\t\t\t\t\n<article id=\"post-16113\" class=\"wd-post blog-design-masonry blog-post-loop blog-style-bg wd-add-shadow wd-col post-16113 post type-post status-publish format-standard has-post-thumbnail hentry category-news category-spy tag-bmw-x1 tag-bmw-x1-2021 tag-bmw-x1-2022 tag-bmw-x1-kamuflaz tag-bmw-x1-new tag-bmw-x1-nowy-model tag-bmw-x1-zdjecia\">\n\t<div class=\"wd-post-inner article-inner\">\n\t\t\t\t\t<div class=\"wd-post-thumb entry-header\">\n\t\t\t\t\t\t\t\t\t<div class=\"wd-post-img post-img-wrapp\">\n\t\t\t\t\t\t<img width=\"1024\" height=\"576\" src=\"https:\/\/bmwblog.pl\/wp-content\/uploads\/2020\/09\/D5E3D8AA-EC59-42AE-BBCA-6B89EDAF104F.jpeg\" class=\"attachment- size-\" alt=\"SPY SHOTS: Nowe zdj\u0119cia modelu BMW X1 2022\" decoding=\"async\" srcset=\"https:\/\/bmwblog.pl\/wp-content\/uploads\/2020\/09\/D5E3D8AA-EC59-42AE-BBCA-6B89EDAF104F.jpeg 1024w, https:\/\/bmwblog.pl\/wp-content\/uploads\/2020\/09\/D5E3D8AA-EC59-42AE-BBCA-6B89EDAF104F-430x242.jpeg 430w, https:\/\/bmwblog.pl\/wp-content\/uploads\/2020\/09\/D5E3D8AA-EC59-42AE-BBCA-6B89EDAF104F-150x84.jpeg 150w, https:\/\/bmwblog.pl\/wp-content\/uploads\/2020\/09\/D5E3D8AA-EC59-42AE-BBCA-6B89EDAF104F-700x394.jpeg 700w, https:\/\/bmwblog.pl\/wp-content\/uploads\/2020\/09\/D5E3D8AA-EC59-42AE-BBCA-6B89EDAF104F-600x338.jpg 600w, https:\/\/bmwblog.pl\/wp-content\/uploads\/2020\/09\/D5E3D8AA-EC59-42AE-BBCA-6B89EDAF104F-768x432.jpeg 768w, https:\/\/bmwblog.pl\/wp-content\/uploads\/2020\/09\/D5E3D8AA-EC59-42AE-BBCA-6B89EDAF104F-500x281.jpeg 500w, https:\/\/bmwblog.pl\/wp-content\/uploads\/2020\/09\/D5E3D8AA-EC59-42AE-BBCA-6B89EDAF104F-medium.jpg 300w\" sizes=\"(max-width: 1024px) 100vw, 1024px\" \/>\t\t\t\t\t<\/div>\n\t\t\t\t\t\t\t\t\t\t<a class=\"wd-fill\" tabindex=\"-1\" href=\"https:\/\/bmwblog.pl\/spy-shots-nowe-zdjecia-modelu-bmw-x1-2022\/\" aria-label=\"Link on post SPY SHOTS: Nowe zdj\u0119cia modelu BMW X1 2022\"><\/a>\n\t\t\t\t\n\t\t\t\t\t\t\t\t\t\t\t\t<div class=\"wd-post-date wd-style-with-bg\">\n\t\t\t\t<span class=\"post-date-day\">\n\t\t\t\t\t08\t\t\t\t<\/span>\n\t\t\t\t<span class=\"post-date-month\">\n\t\t\t\t\twrz\t\t\t\t<\/span>\n\t\t\t<\/div>\n\t\t\t\t\t\t\t\t\t<\/div>\n\t\t\n\t\t<div class=\"wd-post-content article-body-container\">\n\t\t\t\t\t\t\t<div class=\"wd-post-cat wd-style-with-bg meta-post-categories\">\n\t\t\t\t\t<a href=\"https:\/\/bmwblog.pl\/category\/news\/\" rel=\"category tag\">NEWS<\/a>, <a href=\"https:\/\/bmwblog.pl\/category\/spy\/\" rel=\"category tag\">SPY SHOTS<\/a>\t\t\t\t<\/div>\n\t\t\t\n\t\t\t\t\t\t\t<h3 class=\"wd-post-title wd-entities-title title post-title\">\n\t\t\t\t\t<a href=\"https:\/\/bmwblog.pl\/spy-shots-nowe-zdjecia-modelu-bmw-x1-2022\/\" rel=\"bookmark\">SPY SHOTS: Nowe zdj\u0119cia modelu BMW X1 2022<\/a>\n\t\t\t\t<\/h3>\n\t\t\t\n\t\t\t\t\t\t\t<div class=\"wd-post-meta\">\n\t\t\t\t\t\t\t\t\t\t\t\t\t\t\t<div class=\"wd-post-author\">\n\t\t\t\t\t\t\t\t\t\t\t<span>Posted by<\/span>\n\t\t\n\t\t\t\t\t\t\t\n\t\t\t\t\t<a href=\"https:\/\/bmwblog.pl\/author\/bmwblog-pl\/\" class=\"author\" rel=\"author\">Krystian Wilkosz<\/a>\n\t\t\t\t\t\t\t\t\t<\/div>\n\t\t\t\t\t<div class=\"wd-modified-date\">\n\t\t\t\t\t\t\t\t<time class=\"updated\" datetime=\"2025-02-07T21:55:49+01:00\">\n\t\t\t2025-02-07\t\t<\/time>\n\t\t\t\t\t\t\t<\/div>\n\n\t\t\t\t\t\n\t\t\t\t\t\t\t\t\t\t\t\t\t\t\t\t\t<div class=\"wd-post-reply wd-style-1\">\n\t\t\t\t\t\t\t<a href=\"https:\/\/bmwblog.pl\/spy-shots-nowe-zdjecia-modelu-bmw-x1-2022\/#respond\"><span class=\"wd-replies-count\">0<\/span><\/a>\t\t\t\t\t\t<\/div>\n\t\t\t\t\t\t\t\t\t<\/div>\n\t\t\t\n\t\t\t\t\t\t\t\t\t\t\t\t<div class=\"wd-post-excerpt entry-content\">\n\t\t\t\t\t\tDrogowe zdj\u0119cia w kamuflarzu modelu BMW X1 2022.\n\n\n         \n\n\n\u0179r\u00f3d\u0142o zdj\u0119\u0107: Motor1.com\t\t\t\t\t<\/div>\n\t\t\t\t\n\t\t\t\t\t\t\t\t\t\t\t\t\t\t<div class=\"wd-post-read-more wd-style-link read-more-section\">\n\t\t\t\t\t\t<a class=\"\" href=\"https:\/\/bmwblog.pl\/spy-shots-nowe-zdjecia-modelu-bmw-x1-2022\/\">Czytaj dalej...<\/a>\t\t\t\t\t<\/div>\n\t\t\t\t\t\t\t\t\t\t\t\t\t<\/div>\n\t<\/div>\n<\/article>\n\n\t\t\t\t\t\t\t\t\t\t\t\n<article id=\"post-16001\" class=\"wd-post blog-design-masonry blog-post-loop blog-style-bg wd-add-shadow wd-col post-16001 post type-post status-publish format-standard has-post-thumbnail hentry category-news tag-bmw-m4 tag-bmw-m4-coupe tag-bmw-m4-gt3 tag-bmw-m4-motogp\">\n\t<div class=\"wd-post-inner article-inner\">\n\t\t\t\t\t<div class=\"wd-post-thumb entry-header\">\n\t\t\t\t\t\t\t\t\t<div class=\"wd-post-img post-img-wrapp\">\n\t\t\t\t\t\t<img width=\"1024\" height=\"568\" src=\"https:\/\/bmwblog.pl\/wp-content\/uploads\/2020\/08\/E109EBF3-B280-489E-8CD2-FDFAB0104B39.jpeg\" class=\"attachment- size-\" alt=\"BMW na MotoGP poka\u017ce prototypy BMW M4 Coup\u00e9 oraz M4 GT3\" decoding=\"async\" srcset=\"https:\/\/bmwblog.pl\/wp-content\/uploads\/2020\/08\/E109EBF3-B280-489E-8CD2-FDFAB0104B39.jpeg 1024w, https:\/\/bmwblog.pl\/wp-content\/uploads\/2020\/08\/E109EBF3-B280-489E-8CD2-FDFAB0104B39-430x239.jpeg 430w, https:\/\/bmwblog.pl\/wp-content\/uploads\/2020\/08\/E109EBF3-B280-489E-8CD2-FDFAB0104B39-150x83.jpeg 150w, https:\/\/bmwblog.pl\/wp-content\/uploads\/2020\/08\/E109EBF3-B280-489E-8CD2-FDFAB0104B39-700x388.jpeg 700w, https:\/\/bmwblog.pl\/wp-content\/uploads\/2020\/08\/E109EBF3-B280-489E-8CD2-FDFAB0104B39-600x333.jpg 600w, https:\/\/bmwblog.pl\/wp-content\/uploads\/2020\/08\/E109EBF3-B280-489E-8CD2-FDFAB0104B39-768x426.jpeg 768w, https:\/\/bmwblog.pl\/wp-content\/uploads\/2020\/08\/E109EBF3-B280-489E-8CD2-FDFAB0104B39-500x277.jpeg 500w, https:\/\/bmwblog.pl\/wp-content\/uploads\/2020\/08\/E109EBF3-B280-489E-8CD2-FDFAB0104B39-medium.jpg 300w\" sizes=\"(max-width: 1024px) 100vw, 1024px\" \/>\t\t\t\t\t<\/div>\n\t\t\t\t\t\t\t\t\t\t<a class=\"wd-fill\" tabindex=\"-1\" href=\"https:\/\/bmwblog.pl\/bmw-na-motogp-pokaze-prototypy-bmw-m4-coupe-oraz-m4-gt3\/\" aria-label=\"Link on post BMW na MotoGP poka\u017ce prototypy BMW M4 Coup\u00e9 oraz M4 GT3\"><\/a>\n\t\t\t\t\n\t\t\t\t\t\t\t\t\t\t\t\t<div class=\"wd-post-date wd-style-with-bg\">\n\t\t\t\t<span class=\"post-date-day\">\n\t\t\t\t\t20\t\t\t\t<\/span>\n\t\t\t\t<span class=\"post-date-month\">\n\t\t\t\t\tsie\t\t\t\t<\/span>\n\t\t\t<\/div>\n\t\t\t\t\t\t\t\t\t<\/div>\n\t\t\n\t\t<div class=\"wd-post-content article-body-container\">\n\t\t\t\t\t\t\t<div class=\"wd-post-cat wd-style-with-bg meta-post-categories\">\n\t\t\t\t\t<a href=\"https:\/\/bmwblog.pl\/category\/news\/\" rel=\"category tag\">NEWS<\/a>\t\t\t\t<\/div>\n\t\t\t\n\t\t\t\t\t\t\t<h3 class=\"wd-post-title wd-entities-title title post-title\">\n\t\t\t\t\t<a href=\"https:\/\/bmwblog.pl\/bmw-na-motogp-pokaze-prototypy-bmw-m4-coupe-oraz-m4-gt3\/\" rel=\"bookmark\">BMW na MotoGP poka\u017ce prototypy BMW M4 Coup\u00e9 oraz M4 GT3<\/a>\n\t\t\t\t<\/h3>\n\t\t\t\n\t\t\t\t\t\t\t<div class=\"wd-post-meta\">\n\t\t\t\t\t\t\t\t\t\t\t\t\t\t\t<div class=\"wd-post-author\">\n\t\t\t\t\t\t\t\t\t\t\t<span>Posted by<\/span>\n\t\t\n\t\t\t\t\t\t\t\n\t\t\t\t\t<a href=\"https:\/\/bmwblog.pl\/author\/bmwblog-pl\/\" class=\"author\" rel=\"author\">Krystian Wilkosz<\/a>\n\t\t\t\t\t\t\t\t\t<\/div>\n\t\t\t\t\t<div class=\"wd-modified-date\">\n\t\t\t\t\t\t\t\t<time class=\"updated\" datetime=\"2025-02-07T21:50:49+01:00\">\n\t\t\t2025-02-07\t\t<\/time>\n\t\t\t\t\t\t\t<\/div>\n\n\t\t\t\t\t\n\t\t\t\t\t\t\t\t\t\t\t\t\t\t\t\t\t<div class=\"wd-post-reply wd-style-1\">\n\t\t\t\t\t\t\t<a href=\"https:\/\/bmwblog.pl\/bmw-na-motogp-pokaze-prototypy-bmw-m4-coupe-oraz-m4-gt3\/#respond\"><span class=\"wd-replies-count\">0<\/span><\/a>\t\t\t\t\t\t<\/div>\n\t\t\t\t\t\t\t\t\t<\/div>\n\t\t\t\n\t\t\t\t\t\t\t\t\t\t\t\t<div class=\"wd-post-excerpt entry-content\">\n\t\t\t\t\t\tBMW Group zapowiedzia\u0142o premier\u0119  zakamuflowanych modeli BMW M4 Coup\u00e9 2021 oraz BMW M4 GT3 na MotoGP, a to dlatego \u017ce oficjalna prezent...\t\t\t\t\t<\/div>\n\t\t\t\t\n\t\t\t\t\t\t\t\t\t\t\t\t\t\t<div class=\"wd-post-read-more wd-style-link read-more-section\">\n\t\t\t\t\t\t<a class=\"\" href=\"https:\/\/bmwblog.pl\/bmw-na-motogp-pokaze-prototypy-bmw-m4-coupe-oraz-m4-gt3\/\">Czytaj dalej...<\/a>\t\t\t\t\t<\/div>\n\t\t\t\t\t\t\t\t\t\t\t\t\t<\/div>\n\t<\/div>\n<\/article>\n\n\t\t\t\t\t\t\t\t\t\t\t\n<article id=\"post-15970\" class=\"wd-post blog-design-masonry blog-post-loop blog-style-bg wd-add-shadow wd-col post-15970 post type-post status-publish format-standard has-post-thumbnail hentry category-news tag-bms-m3-g81-touring tag-bmw-m-touring tag-bmw-m3 tag-bmw-m3-g81 tag-bmw-m3-kombi tag-bmw-m3-nowy-model tag-bmw-m3-touring\">\n\t<div class=\"wd-post-inner article-inner\">\n\t\t\t\t\t<div class=\"wd-post-thumb entry-header\">\n\t\t\t\t\t\t\t\t\t<div class=\"wd-post-img post-img-wrapp\">\n\t\t\t\t\t\t<img width=\"1024\" height=\"1281\" src=\"https:\/\/bmwblog.pl\/wp-content\/uploads\/2020\/08\/A437D451-0756-4077-BE34-ACCF4F97F633.jpeg\" class=\"attachment- size-\" alt=\"BMW oficjalnie potwierdza model BMW M3 Touring!\" decoding=\"async\" srcset=\"https:\/\/bmwblog.pl\/wp-content\/uploads\/2020\/08\/A437D451-0756-4077-BE34-ACCF4F97F633.jpeg 1024w, https:\/\/bmwblog.pl\/wp-content\/uploads\/2020\/08\/A437D451-0756-4077-BE34-ACCF4F97F633-430x538.jpeg 430w, https:\/\/bmwblog.pl\/wp-content\/uploads\/2020\/08\/A437D451-0756-4077-BE34-ACCF4F97F633-150x188.jpeg 150w, https:\/\/bmwblog.pl\/wp-content\/uploads\/2020\/08\/A437D451-0756-4077-BE34-ACCF4F97F633-700x876.jpeg 700w, https:\/\/bmwblog.pl\/wp-content\/uploads\/2020\/08\/A437D451-0756-4077-BE34-ACCF4F97F633-medium.jpeg 480w, https:\/\/bmwblog.pl\/wp-content\/uploads\/2020\/08\/A437D451-0756-4077-BE34-ACCF4F97F633-large.jpeg 819w, https:\/\/bmwblog.pl\/wp-content\/uploads\/2020\/08\/A437D451-0756-4077-BE34-ACCF4F97F633-768x961.jpeg 768w, https:\/\/bmwblog.pl\/wp-content\/uploads\/2020\/08\/A437D451-0756-4077-BE34-ACCF4F97F633-400x500.jpeg 400w, https:\/\/bmwblog.pl\/wp-content\/uploads\/2020\/08\/A437D451-0756-4077-BE34-ACCF4F97F633-medium.jpg 240w, https:\/\/bmwblog.pl\/wp-content\/uploads\/2020\/08\/A437D451-0756-4077-BE34-ACCF4F97F633-600x751.jpg 600w\" sizes=\"(max-width: 1024px) 100vw, 1024px\" \/>\t\t\t\t\t<\/div>\n\t\t\t\t\t\t\t\t\t\t<a class=\"wd-fill\" tabindex=\"-1\" href=\"https:\/\/bmwblog.pl\/bmw-oficjalnie-potwierdza-model-bmw-m3-touring\/\" aria-label=\"Link on post BMW oficjalnie potwierdza model BMW M3 Touring!\"><\/a>\n\t\t\t\t\n\t\t\t\t\t\t\t\t\t\t\t\t<div class=\"wd-post-date wd-style-with-bg\">\n\t\t\t\t<span class=\"post-date-day\">\n\t\t\t\t\t12\t\t\t\t<\/span>\n\t\t\t\t<span class=\"post-date-month\">\n\t\t\t\t\tsie\t\t\t\t<\/span>\n\t\t\t<\/div>\n\t\t\t\t\t\t\t\t\t<\/div>\n\t\t\n\t\t<div class=\"wd-post-content article-body-container\">\n\t\t\t\t\t\t\t<div class=\"wd-post-cat wd-style-with-bg meta-post-categories\">\n\t\t\t\t\t<a href=\"https:\/\/bmwblog.pl\/category\/news\/\" rel=\"category tag\">NEWS<\/a>\t\t\t\t<\/div>\n\t\t\t\n\t\t\t\t\t\t\t<h3 class=\"wd-post-title wd-entities-title title post-title\">\n\t\t\t\t\t<a href=\"https:\/\/bmwblog.pl\/bmw-oficjalnie-potwierdza-model-bmw-m3-touring\/\" rel=\"bookmark\">BMW oficjalnie potwierdza model BMW M3 Touring!<\/a>\n\t\t\t\t<\/h3>\n\t\t\t\n\t\t\t\t\t\t\t<div class=\"wd-post-meta\">\n\t\t\t\t\t\t\t\t\t\t\t\t\t\t\t<div class=\"wd-post-author\">\n\t\t\t\t\t\t\t\t\t\t\t<span>Posted by<\/span>\n\t\t\n\t\t\t\t\t\t\t\n\t\t\t\t\t<a href=\"https:\/\/bmwblog.pl\/author\/bmwblog-pl\/\" class=\"author\" rel=\"author\">Krystian Wilkosz<\/a>\n\t\t\t\t\t\t\t\t\t<\/div>\n\t\t\t\t\t<div class=\"wd-modified-date\">\n\t\t\t\t\t\t\t\t<time class=\"updated\" datetime=\"2025-02-07T21:49:17+01:00\">\n\t\t\t2025-02-07\t\t<\/time>\n\t\t\t\t\t\t\t<\/div>\n\n\t\t\t\t\t\n\t\t\t\t\t\t\t\t\t\t\t\t\t\t\t\t\t<div class=\"wd-post-reply wd-style-1\">\n\t\t\t\t\t\t\t<a href=\"https:\/\/bmwblog.pl\/bmw-oficjalnie-potwierdza-model-bmw-m3-touring\/#respond\"><span class=\"wd-replies-count\">0<\/span><\/a>\t\t\t\t\t\t<\/div>\n\t\t\t\t\t\t\t\t\t<\/div>\n\t\t\t\n\t\t\t\t\t\t\t\t\t\t\t\t<div class=\"wd-post-excerpt entry-content\">\n\t\t\t\t\t\tPierwszy raz w historii BMW pojawi si\u0119 model BMW M3 w wersji Touring. To nie \u017cart, BMW oficjalnie potwierdzi\u0142o rozpocz\u0119cie prac! \n\n\n\n\n\n...\t\t\t\t\t<\/div>\n\t\t\t\t\n\t\t\t\t\t\t\t\t\t\t\t\t\t\t<div class=\"wd-post-read-more wd-style-link read-more-section\">\n\t\t\t\t\t\t<a class=\"\" href=\"https:\/\/bmwblog.pl\/bmw-oficjalnie-potwierdza-model-bmw-m3-touring\/\">Czytaj dalej...<\/a>\t\t\t\t\t<\/div>\n\t\t\t\t\t\t\t\t\t\t\t\t\t<\/div>\n\t<\/div>\n<\/article>\n\n\t\t\t\t\t\t\t\t\t\t\t\n<article id=\"post-15955\" class=\"wd-post blog-design-masonry blog-post-loop blog-style-bg wd-add-shadow wd-col post-15955 post type-post status-publish format-standard has-post-thumbnail hentry category-news tag-bmw-ix3 tag-bmw-ix3-2021 tag-bmw-ix3-cena tag-bmw-ix3-g08 tag-bmw-ix3-kiedy-premiera tag-bmw-ix3-premiera tag-bmw-ix3-w-polsce tag-bmw-ix3-world-premiere tag-bmw-ix3-zdjecia tag-nowosc-bmw-ix3 tag-zasieg-bmw-ix3\">\n\t<div class=\"wd-post-inner article-inner\">\n\t\t\t\t\t<div class=\"wd-post-thumb entry-header\">\n\t\t\t\t\t\t\t\t\t<div class=\"wd-post-img post-img-wrapp\">\n\t\t\t\t\t\t<img width=\"1024\" height=\"683\" src=\"https:\/\/bmwblog.pl\/wp-content\/uploads\/2020\/08\/C31471DB-1814-4AC7-B2F4-79B34F78CE4C.jpeg\" class=\"attachment- size-\" alt=\"Czy wiesz, \u017ce... W pe\u0142ni elektryczny model BMW iX3 jest w cenie diesla BMW X3 xDrive20d?\" decoding=\"async\" srcset=\"https:\/\/bmwblog.pl\/wp-content\/uploads\/2020\/08\/C31471DB-1814-4AC7-B2F4-79B34F78CE4C.jpeg 1024w, https:\/\/bmwblog.pl\/wp-content\/uploads\/2020\/08\/C31471DB-1814-4AC7-B2F4-79B34F78CE4C-430x287.jpeg 430w, https:\/\/bmwblog.pl\/wp-content\/uploads\/2020\/08\/C31471DB-1814-4AC7-B2F4-79B34F78CE4C-150x100.jpeg 150w, https:\/\/bmwblog.pl\/wp-content\/uploads\/2020\/08\/C31471DB-1814-4AC7-B2F4-79B34F78CE4C-700x467.jpeg 700w, https:\/\/bmwblog.pl\/wp-content\/uploads\/2020\/08\/C31471DB-1814-4AC7-B2F4-79B34F78CE4C-600x400.jpg 600w, https:\/\/bmwblog.pl\/wp-content\/uploads\/2020\/08\/C31471DB-1814-4AC7-B2F4-79B34F78CE4C-768x512.jpeg 768w, https:\/\/bmwblog.pl\/wp-content\/uploads\/2020\/08\/C31471DB-1814-4AC7-B2F4-79B34F78CE4C-500x333.jpeg 500w, https:\/\/bmwblog.pl\/wp-content\/uploads\/2020\/08\/C31471DB-1814-4AC7-B2F4-79B34F78CE4C-medium.jpg 300w\" sizes=\"(max-width: 1024px) 100vw, 1024px\" \/>\t\t\t\t\t<\/div>\n\t\t\t\t\t\t\t\t\t\t<a class=\"wd-fill\" tabindex=\"-1\" href=\"https:\/\/bmwblog.pl\/czy-wiesz-ze-w-pelni-elektryczny-model-bmw-ix3-jest-w-cenie-diesla-bmw-x3-xdrive20d\/\" aria-label=\"Link on post Czy wiesz, \u017ce&#8230; W pe\u0142ni elektryczny model BMW iX3 jest w cenie diesla BMW X3 xDrive20d?\"><\/a>\n\t\t\t\t\n\t\t\t\t\t\t\t\t\t\t\t\t<div class=\"wd-post-date wd-style-with-bg\">\n\t\t\t\t<span class=\"post-date-day\">\n\t\t\t\t\t12\t\t\t\t<\/span>\n\t\t\t\t<span class=\"post-date-month\">\n\t\t\t\t\tsie\t\t\t\t<\/span>\n\t\t\t<\/div>\n\t\t\t\t\t\t\t\t\t<\/div>\n\t\t\n\t\t<div class=\"wd-post-content article-body-container\">\n\t\t\t\t\t\t\t<div class=\"wd-post-cat wd-style-with-bg meta-post-categories\">\n\t\t\t\t\t<a href=\"https:\/\/bmwblog.pl\/category\/news\/\" rel=\"category tag\">NEWS<\/a>\t\t\t\t<\/div>\n\t\t\t\n\t\t\t\t\t\t\t<h3 class=\"wd-post-title wd-entities-title title post-title\">\n\t\t\t\t\t<a href=\"https:\/\/bmwblog.pl\/czy-wiesz-ze-w-pelni-elektryczny-model-bmw-ix3-jest-w-cenie-diesla-bmw-x3-xdrive20d\/\" rel=\"bookmark\">Czy wiesz, \u017ce&#8230; W pe\u0142ni elektryczny model BMW iX3 jest w cenie diesla BMW X3 xDrive20d?<\/a>\n\t\t\t\t<\/h3>\n\t\t\t\n\t\t\t\t\t\t\t<div class=\"wd-post-meta\">\n\t\t\t\t\t\t\t\t\t\t\t\t\t\t\t<div class=\"wd-post-author\">\n\t\t\t\t\t\t\t\t\t\t\t<span>Posted by<\/span>\n\t\t\n\t\t\t\t\t\t\t\n\t\t\t\t\t<a href=\"https:\/\/bmwblog.pl\/author\/bmwblog-pl\/\" class=\"author\" rel=\"author\">Krystian Wilkosz<\/a>\n\t\t\t\t\t\t\t\t\t<\/div>\n\t\t\t\t\t<div class=\"wd-modified-date\">\n\t\t\t\t\t\t\t\t<time class=\"updated\" datetime=\"2025-02-07T21:48:52+01:00\">\n\t\t\t2025-02-07\t\t<\/time>\n\t\t\t\t\t\t\t<\/div>\n\n\t\t\t\t\t\n\t\t\t\t\t\t\t\t\t\t\t\t\t\t\t\t\t<div class=\"wd-post-reply wd-style-1\">\n\t\t\t\t\t\t\t<a href=\"https:\/\/bmwblog.pl\/czy-wiesz-ze-w-pelni-elektryczny-model-bmw-ix3-jest-w-cenie-diesla-bmw-x3-xdrive20d\/#respond\"><span class=\"wd-replies-count\">0<\/span><\/a>\t\t\t\t\t\t<\/div>\n\t\t\t\t\t\t\t\t\t<\/div>\n\t\t\t\n\t\t\t\t\t\t\t\t\t\t\t\t<div class=\"wd-post-excerpt entry-content\">\n\t\t\t\t\t\tNowy model elektryczny BMW iX3 zosta\u0142 zaprezentowany miesi\u0105c temu, natomiast oficjalnie wejdzie do produkcji w listopadzie tego roku. N...\t\t\t\t\t<\/div>\n\t\t\t\t\n\t\t\t\t\t\t\t\t\t\t\t\t\t\t<div class=\"wd-post-read-more wd-style-link read-more-section\">\n\t\t\t\t\t\t<a class=\"\" href=\"https:\/\/bmwblog.pl\/czy-wiesz-ze-w-pelni-elektryczny-model-bmw-ix3-jest-w-cenie-diesla-bmw-x3-xdrive20d\/\">Czytaj dalej...<\/a>\t\t\t\t\t<\/div>\n\t\t\t\t\t\t\t\t\t\t\t\t\t<\/div>\n\t<\/div>\n<\/article>\n\n\t\t\t\t\t\n\t\t\t\t\t","status":"have-posts","nextPage":"https:\/\/bmwblog.pl\/category\/news\/page\/47\/?woo_ajax=1","currentPage":"https:\/\/bmwblog.pl\/category\/news\/page\/46"}