
			
				

					
				

			
		{"items":"\n\t\t\t\t\t\t\t\t\t\t\t\t\t\t<link rel=\"stylesheet\" id=\"wd-post-types-mod-categories-style-bg-css\" href=\"https:\/\/bmwblog.pl\/wp-content\/themes\/woodmart%208.3.8\/css\/parts\/post-types-mod-categories-style-bg.min.css?ver=8.3.8\" type=\"text\/css\" media=\"all\" \/> \t\t\t\n<article id=\"post-15851\" class=\"wd-post blog-design-masonry blog-post-loop blog-style-bg wd-add-shadow wd-col post-15851 post type-post status-publish format-standard has-post-thumbnail hentry category-akcesoria category-news tag-bmw-5-2020 tag-bmw-5-2021 tag-bmw-5-g30-lci tag-bmw-5-lci tag-bmw-5-lci-2020 tag-bmw-5-m-performance tag-bmw-5-zdjecia-m-performance tag-premiera-bmw-5-lci tag-swiatowa-premiera-bmw-5-lci-m-performance\">\n\t<div class=\"wd-post-inner article-inner\">\n\t\t\t\t\t<div class=\"wd-post-thumb entry-header\">\n\t\t\t\t\t\t\t\t\t<div class=\"wd-post-img post-img-wrapp\">\n\t\t\t\t\t\t<img width=\"1024\" height=\"525\" src=\"https:\/\/bmwblog.pl\/wp-content\/uploads\/2020\/08\/E6CB939B-32FA-4CB4-B28F-4901C67954F1.jpeg\" class=\"attachment- size-\" alt=\"Akcesoria M Performance dedykowane dla nowego modelu BMW 5 LCi\" decoding=\"async\" fetchpriority=\"high\" srcset=\"https:\/\/bmwblog.pl\/wp-content\/uploads\/2020\/08\/E6CB939B-32FA-4CB4-B28F-4901C67954F1.jpeg 1024w, https:\/\/bmwblog.pl\/wp-content\/uploads\/2020\/08\/E6CB939B-32FA-4CB4-B28F-4901C67954F1-430x220.jpeg 430w, https:\/\/bmwblog.pl\/wp-content\/uploads\/2020\/08\/E6CB939B-32FA-4CB4-B28F-4901C67954F1-150x77.jpeg 150w, https:\/\/bmwblog.pl\/wp-content\/uploads\/2020\/08\/E6CB939B-32FA-4CB4-B28F-4901C67954F1-700x359.jpeg 700w, https:\/\/bmwblog.pl\/wp-content\/uploads\/2020\/08\/E6CB939B-32FA-4CB4-B28F-4901C67954F1-600x308.jpg 600w, https:\/\/bmwblog.pl\/wp-content\/uploads\/2020\/08\/E6CB939B-32FA-4CB4-B28F-4901C67954F1-768x394.jpeg 768w, https:\/\/bmwblog.pl\/wp-content\/uploads\/2020\/08\/E6CB939B-32FA-4CB4-B28F-4901C67954F1-500x256.jpeg 500w, https:\/\/bmwblog.pl\/wp-content\/uploads\/2020\/08\/E6CB939B-32FA-4CB4-B28F-4901C67954F1-medium.jpg 300w\" sizes=\"(max-width: 1024px) 100vw, 1024px\" \/>\t\t\t\t\t<\/div>\n\t\t\t\t\t\t\t\t\t\t<a class=\"wd-fill\" tabindex=\"-1\" href=\"https:\/\/bmwblog.pl\/akcesoria-m-performance-dedykowane-dla-nowego-modelu-bmw-5-lci\/\" aria-label=\"Link on post Akcesoria M Performance dedykowane dla nowego modelu BMW 5 LCi\"><\/a>\n\t\t\t\t\n\t\t\t\t\t\t\t\t\t\t\t\t<link rel=\"stylesheet\" id=\"wd-post-types-mod-date-style-bg-css\" href=\"https:\/\/bmwblog.pl\/wp-content\/themes\/woodmart%208.3.8\/css\/parts\/post-types-mod-date-style-bg.min.css?ver=8.3.8\" type=\"text\/css\" media=\"all\" \/> \t\t\t\t\t\t<div class=\"wd-post-date wd-style-with-bg\">\n\t\t\t\t<span class=\"post-date-day\">\n\t\t\t\t\t03\t\t\t\t<\/span>\n\t\t\t\t<span class=\"post-date-month\">\n\t\t\t\t\tsie\t\t\t\t<\/span>\n\t\t\t<\/div>\n\t\t\t\t\t\t\t\t\t<\/div>\n\t\t\n\t\t<div class=\"wd-post-content article-body-container\">\n\t\t\t\t\t\t\t<div class=\"wd-post-cat wd-style-with-bg meta-post-categories\">\n\t\t\t\t\t<a href=\"https:\/\/bmwblog.pl\/category\/akcesoria\/\" rel=\"category tag\">AKCESORIA<\/a>, <a href=\"https:\/\/bmwblog.pl\/category\/news\/\" rel=\"category tag\">NEWS<\/a>\t\t\t\t<\/div>\n\t\t\t\n\t\t\t\t\t\t\t<h3 class=\"wd-post-title wd-entities-title title post-title\">\n\t\t\t\t\t<a href=\"https:\/\/bmwblog.pl\/akcesoria-m-performance-dedykowane-dla-nowego-modelu-bmw-5-lci\/\" rel=\"bookmark\">Akcesoria M Performance dedykowane dla nowego modelu BMW 5 LCi<\/a>\n\t\t\t\t<\/h3>\n\t\t\t\n\t\t\t\t\t\t\t<div class=\"wd-post-meta\">\n\t\t\t\t\t\t\t\t\t\t\t\t\t<link rel=\"stylesheet\" id=\"wd-blog-mod-author-css\" href=\"https:\/\/bmwblog.pl\/wp-content\/themes\/woodmart%208.3.8\/css\/parts\/blog-mod-author.min.css?ver=8.3.8\" type=\"text\/css\" media=\"all\" \/> \t\t\t\t\t\t\t\t<div class=\"wd-post-author\">\n\t\t\t\t\t\t\t\t\t\t\t<span>Posted by<\/span>\n\t\t\n\t\t\t\t\t\t\t\n\t\t\t\t\t<a href=\"https:\/\/bmwblog.pl\/author\/bmwblog-pl\/\" class=\"author\" rel=\"author\">Krystian Wilkosz<\/a>\n\t\t\t\t\t\t\t\t\t<\/div>\n\t\t\t\t\t<div class=\"wd-modified-date\">\n\t\t\t\t\t\t\t\t<time class=\"updated\" datetime=\"2025-02-07T21:42:50+01:00\">\n\t\t\t2025-02-07\t\t<\/time>\n\t\t\t\t\t\t\t<\/div>\n\n\t\t\t\t\t\n\t\t\t\t\t\t\t\t\t\t\t\t\t\t<link rel=\"stylesheet\" id=\"wd-blog-mod-comments-button-css\" href=\"https:\/\/bmwblog.pl\/wp-content\/themes\/woodmart%208.3.8\/css\/parts\/blog-mod-comments-button.min.css?ver=8.3.8\" type=\"text\/css\" media=\"all\" \/> \t\t\t\t\t\t\t\t\t<div class=\"wd-post-reply wd-style-1\">\n\t\t\t\t\t\t\t<a href=\"https:\/\/bmwblog.pl\/akcesoria-m-performance-dedykowane-dla-nowego-modelu-bmw-5-lci\/#respond\"><span class=\"wd-replies-count\">0<\/span><\/a>\t\t\t\t\t\t<\/div>\n\t\t\t\t\t\t\t\t\t<\/div>\n\t\t\t\n\t\t\t\t\t\t\t\t\t\t\t\t<div class=\"wd-post-excerpt entry-content\">\n\t\t\t\t\t\tBMW zaprezentowa\u0142o nowy zestaw akcesori\u00f3w  M Performance dla BMW 5 LCi.\n\n\n                               \n\n\n\u0179r\u00f3d\u0142o: BMW\t\t\t\t\t<\/div>\n\t\t\t\t\n\t\t\t\t\t\t\t\t\t\t\t\t\t\t<div class=\"wd-post-read-more wd-style-link read-more-section\">\n\t\t\t\t\t\t<a class=\"\" href=\"https:\/\/bmwblog.pl\/akcesoria-m-performance-dedykowane-dla-nowego-modelu-bmw-5-lci\/\">Czytaj dalej...<\/a>\t\t\t\t\t<\/div>\n\t\t\t\t\t\t\t\t\t\t\t\t\t<\/div>\n\t<\/div>\n<\/article>\n\n\t\t\t\t\t\t\t\t\t\t\t\n<article id=\"post-15834\" class=\"wd-post blog-design-masonry blog-post-loop blog-style-bg wd-add-shadow wd-col post-15834 post type-post status-publish format-standard has-post-thumbnail hentry category-news tag-bmw-m3 tag-bmw-m3-2020 tag-bmw-m3-2021 tag-bmw-m3-g80 tag-bmw-m3-grill tag-bmw-m3-kamuflaz tag-bmw-m3-nowe-zdjecia tag-bmw-m3-prototyp\">\n\t<div class=\"wd-post-inner article-inner\">\n\t\t\t\t\t<div class=\"wd-post-thumb entry-header\">\n\t\t\t\t\t\t\t\t\t<div class=\"wd-post-img post-img-wrapp\">\n\t\t\t\t\t\t<img width=\"1024\" height=\"691\" src=\"https:\/\/bmwblog.pl\/wp-content\/uploads\/2020\/08\/7967C45D-922E-4512-8900-1B97E364CA18.jpeg\" class=\"attachment- size-\" alt=\"SPY SHOTS: BMW M3 G80 2021 w ubo\u017cszym kamufla\u017cu\" decoding=\"async\" srcset=\"https:\/\/bmwblog.pl\/wp-content\/uploads\/2020\/08\/7967C45D-922E-4512-8900-1B97E364CA18.jpeg 1024w, https:\/\/bmwblog.pl\/wp-content\/uploads\/2020\/08\/7967C45D-922E-4512-8900-1B97E364CA18-430x290.jpeg 430w, https:\/\/bmwblog.pl\/wp-content\/uploads\/2020\/08\/7967C45D-922E-4512-8900-1B97E364CA18-150x101.jpeg 150w, https:\/\/bmwblog.pl\/wp-content\/uploads\/2020\/08\/7967C45D-922E-4512-8900-1B97E364CA18-700x472.jpeg 700w, https:\/\/bmwblog.pl\/wp-content\/uploads\/2020\/08\/7967C45D-922E-4512-8900-1B97E364CA18-600x405.jpg 600w, https:\/\/bmwblog.pl\/wp-content\/uploads\/2020\/08\/7967C45D-922E-4512-8900-1B97E364CA18-768x518.jpeg 768w, https:\/\/bmwblog.pl\/wp-content\/uploads\/2020\/08\/7967C45D-922E-4512-8900-1B97E364CA18-500x337.jpeg 500w, https:\/\/bmwblog.pl\/wp-content\/uploads\/2020\/08\/7967C45D-922E-4512-8900-1B97E364CA18-medium.jpg 300w\" sizes=\"(max-width: 1024px) 100vw, 1024px\" \/>\t\t\t\t\t<\/div>\n\t\t\t\t\t\t\t\t\t\t<a class=\"wd-fill\" tabindex=\"-1\" href=\"https:\/\/bmwblog.pl\/spy-shots-bmw-m3-g80-2021-w-ubozszym-kamuflazu\/\" aria-label=\"Link on post SPY SHOTS: BMW M3 G80 2021 w ubo\u017cszym kamufla\u017cu\"><\/a>\n\t\t\t\t\n\t\t\t\t\t\t\t\t\t\t\t\t<div class=\"wd-post-date wd-style-with-bg\">\n\t\t\t\t<span class=\"post-date-day\">\n\t\t\t\t\t01\t\t\t\t<\/span>\n\t\t\t\t<span class=\"post-date-month\">\n\t\t\t\t\tsie\t\t\t\t<\/span>\n\t\t\t<\/div>\n\t\t\t\t\t\t\t\t\t<\/div>\n\t\t\n\t\t<div class=\"wd-post-content article-body-container\">\n\t\t\t\t\t\t\t<div class=\"wd-post-cat wd-style-with-bg meta-post-categories\">\n\t\t\t\t\t<a href=\"https:\/\/bmwblog.pl\/category\/news\/\" rel=\"category tag\">NEWS<\/a>\t\t\t\t<\/div>\n\t\t\t\n\t\t\t\t\t\t\t<h3 class=\"wd-post-title wd-entities-title title post-title\">\n\t\t\t\t\t<a href=\"https:\/\/bmwblog.pl\/spy-shots-bmw-m3-g80-2021-w-ubozszym-kamuflazu\/\" rel=\"bookmark\">SPY SHOTS: BMW M3 G80 2021 w ubo\u017cszym kamufla\u017cu<\/a>\n\t\t\t\t<\/h3>\n\t\t\t\n\t\t\t\t\t\t\t<div class=\"wd-post-meta\">\n\t\t\t\t\t\t\t\t\t\t\t\t\t\t\t<div class=\"wd-post-author\">\n\t\t\t\t\t\t\t\t\t\t\t<span>Posted by<\/span>\n\t\t\n\t\t\t\t\t\t\t\n\t\t\t\t\t<a href=\"https:\/\/bmwblog.pl\/author\/bmwblog-pl\/\" class=\"author\" rel=\"author\">Krystian Wilkosz<\/a>\n\t\t\t\t\t\t\t\t\t<\/div>\n\t\t\t\t\t<div class=\"wd-modified-date\">\n\t\t\t\t\t\t\t\t<time class=\"updated\" datetime=\"2025-02-07T21:41:22+01:00\">\n\t\t\t2025-02-07\t\t<\/time>\n\t\t\t\t\t\t\t<\/div>\n\n\t\t\t\t\t\n\t\t\t\t\t\t\t\t\t\t\t\t\t\t\t\t\t<div class=\"wd-post-reply wd-style-1\">\n\t\t\t\t\t\t\t<a href=\"https:\/\/bmwblog.pl\/spy-shots-bmw-m3-g80-2021-w-ubozszym-kamuflazu\/#respond\"><span class=\"wd-replies-count\">0<\/span><\/a>\t\t\t\t\t\t<\/div>\n\t\t\t\t\t\t\t\t\t<\/div>\n\t\t\t\n\t\t\t\t\t\t\t\t\t\t\t\t<div class=\"wd-post-excerpt entry-content\">\n\t\t\t\t\t\tDotar\u0142y do nas kolejne zdj\u0119cie przedstawiaj\u0105ce nadchodz\u0105cy model BMW M3 G80. Tym razem kamufla\u017c jest znacznie ubo\u017cszy, dzi\u0119ki temu wszy...\t\t\t\t\t<\/div>\n\t\t\t\t\n\t\t\t\t\t\t\t\t\t\t\t\t\t\t<div class=\"wd-post-read-more wd-style-link read-more-section\">\n\t\t\t\t\t\t<a class=\"\" href=\"https:\/\/bmwblog.pl\/spy-shots-bmw-m3-g80-2021-w-ubozszym-kamuflazu\/\">Czytaj dalej...<\/a>\t\t\t\t\t<\/div>\n\t\t\t\t\t\t\t\t\t\t\t\t\t<\/div>\n\t<\/div>\n<\/article>\n\n\t\t\t\t\t\t\t\t\t\t\t\t\t\t<link rel=\"stylesheet\" id=\"wd-blog-mod-gallery-css\" href=\"https:\/\/bmwblog.pl\/wp-content\/themes\/woodmart%208.3.8\/css\/parts\/blog-mod-gallery.min.css?ver=8.3.8\" type=\"text\/css\" media=\"all\" \/> \t\t\t\n<article id=\"post-15767\" class=\"wd-post blog-design-masonry blog-post-loop blog-style-bg wd-add-shadow wd-col post-15767 post type-post status-publish format-gallery has-post-thumbnail hentry category-news tag-bmw-ix3 tag-bmw-ix3-2020 tag-bmw-ix3-g08 tag-bmw-ix3-galeria tag-bmw-ix3-grill tag-bmw-ix3-premiera tag-bmw-ix3-w-polsce tag-bmw-ix3-world-premiere tag-bmw-ix3-zdjecia tag-elektryk-bmw-ix3 tag-nowosc-bmw-ix3 post_format-post-format-gallery\">\n\t<div class=\"wd-post-inner article-inner\">\n\t\t\t\t\t<div class=\"wd-post-thumb entry-header\">\n\t\t\t\t\t\t\t\t\t<div class=\"wd-post-img post-img-wrapp\">\n\t\t\t\t\t\t<img width=\"1024\" height=\"683\" src=\"https:\/\/bmwblog.pl\/wp-content\/uploads\/2020\/07\/61F99142-F104-4018-86C9-74FE6932191F.jpeg\" class=\"attachment- size-\" alt=\"\u015aWIATOWA PREMIERA: Panie i Panowie, oto BMW iX3 \u203c\ufe0f\" decoding=\"async\" srcset=\"https:\/\/bmwblog.pl\/wp-content\/uploads\/2020\/07\/61F99142-F104-4018-86C9-74FE6932191F.jpeg 1024w, https:\/\/bmwblog.pl\/wp-content\/uploads\/2020\/07\/61F99142-F104-4018-86C9-74FE6932191F-430x287.jpeg 430w, https:\/\/bmwblog.pl\/wp-content\/uploads\/2020\/07\/61F99142-F104-4018-86C9-74FE6932191F-150x100.jpeg 150w, https:\/\/bmwblog.pl\/wp-content\/uploads\/2020\/07\/61F99142-F104-4018-86C9-74FE6932191F-700x467.jpeg 700w, https:\/\/bmwblog.pl\/wp-content\/uploads\/2020\/07\/61F99142-F104-4018-86C9-74FE6932191F-600x400.jpg 600w, https:\/\/bmwblog.pl\/wp-content\/uploads\/2020\/07\/61F99142-F104-4018-86C9-74FE6932191F-768x512.jpeg 768w, https:\/\/bmwblog.pl\/wp-content\/uploads\/2020\/07\/61F99142-F104-4018-86C9-74FE6932191F-500x333.jpeg 500w, https:\/\/bmwblog.pl\/wp-content\/uploads\/2020\/07\/61F99142-F104-4018-86C9-74FE6932191F-medium.jpg 300w\" sizes=\"(max-width: 1024px) 100vw, 1024px\" \/>\t\t\t\t\t<\/div>\n\t\t\t\t\t\t\t\t\t\t<a class=\"wd-fill\" tabindex=\"-1\" href=\"https:\/\/bmwblog.pl\/swiatowa-premiera-panie-i-panowie-oto-bmw-ix3-%e2%80%bc%ef%b8%8f\/\" aria-label=\"Link on post \u015aWIATOWA PREMIERA: Panie i Panowie, oto BMW iX3 \u203c\ufe0f\"><\/a>\n\t\t\t\t\n\t\t\t\t\t\t\t\t\t\t\t\t<div class=\"wd-post-date wd-style-with-bg\">\n\t\t\t\t<span class=\"post-date-day\">\n\t\t\t\t\t14\t\t\t\t<\/span>\n\t\t\t\t<span class=\"post-date-month\">\n\t\t\t\t\tlip\t\t\t\t<\/span>\n\t\t\t<\/div>\n\t\t\t\t\t\t\t\t\t<\/div>\n\t\t\n\t\t<div class=\"wd-post-content article-body-container\">\n\t\t\t\t\t\t\t<div class=\"wd-post-cat wd-style-with-bg meta-post-categories\">\n\t\t\t\t\t<a href=\"https:\/\/bmwblog.pl\/category\/news\/\" rel=\"category tag\">NEWS<\/a>\t\t\t\t<\/div>\n\t\t\t\n\t\t\t\t\t\t\t<h3 class=\"wd-post-title wd-entities-title title post-title\">\n\t\t\t\t\t<a href=\"https:\/\/bmwblog.pl\/swiatowa-premiera-panie-i-panowie-oto-bmw-ix3-%e2%80%bc%ef%b8%8f\/\" rel=\"bookmark\">\u015aWIATOWA PREMIERA: Panie i Panowie, oto BMW iX3 \u203c\ufe0f<\/a>\n\t\t\t\t<\/h3>\n\t\t\t\n\t\t\t\t\t\t\t<div class=\"wd-post-meta\">\n\t\t\t\t\t\t\t\t\t\t\t\t\t\t\t<div class=\"wd-post-author\">\n\t\t\t\t\t\t\t\t\t\t\t<span>Posted by<\/span>\n\t\t\n\t\t\t\t\t\t\t\n\t\t\t\t\t<a href=\"https:\/\/bmwblog.pl\/author\/bmwblog-pl\/\" class=\"author\" rel=\"author\">Krystian Wilkosz<\/a>\n\t\t\t\t\t\t\t\t\t<\/div>\n\t\t\t\t\t<div class=\"wd-modified-date\">\n\t\t\t\t\t\t\t\t<time class=\"updated\" datetime=\"2025-02-07T21:35:35+01:00\">\n\t\t\t2025-02-07\t\t<\/time>\n\t\t\t\t\t\t\t<\/div>\n\n\t\t\t\t\t\n\t\t\t\t\t\t\t\t\t\t\t\t\t\t\t\t\t<div class=\"wd-post-reply wd-style-1\">\n\t\t\t\t\t\t\t<a href=\"https:\/\/bmwblog.pl\/swiatowa-premiera-panie-i-panowie-oto-bmw-ix3-%e2%80%bc%ef%b8%8f\/#respond\"><span class=\"wd-replies-count\">0<\/span><\/a>\t\t\t\t\t\t<\/div>\n\t\t\t\t\t\t\t\t\t<\/div>\n\t\t\t\n\t\t\t\t\t\t\t\t\t\t\t\t<div class=\"wd-post-excerpt entry-content\">\n\t\t\t\t\t\tBMW prezentuje sw\u00f3j pierwszy elektryczny SUV!\t\t\t\t\t<\/div>\n\t\t\t\t\n\t\t\t\t\t\t\t\t\t\t\t\t\t\t<div class=\"wd-post-read-more wd-style-link read-more-section\">\n\t\t\t\t\t\t<a class=\"\" href=\"https:\/\/bmwblog.pl\/swiatowa-premiera-panie-i-panowie-oto-bmw-ix3-%e2%80%bc%ef%b8%8f\/\">Czytaj dalej...<\/a>\t\t\t\t\t<\/div>\n\t\t\t\t\t\t\t\t\t\t\t\t\t<\/div>\n\t<\/div>\n<\/article>\n\n\t\t\t\t\t\t\t\t\t\t\t\n<article id=\"post-15718\" class=\"wd-post blog-design-masonry blog-post-loop blog-style-bg wd-add-shadow wd-col post-15718 post type-post status-publish format-standard has-post-thumbnail hentry category-news tag-bmw-ix3 tag-bmw-ix3-2020 tag-bmw-ix3-2021 tag-bmw-ix3-g08 tag-bmw-ix3-kiedy-premiera tag-bmw-ix3-premiera tag-bmw-ix3-w-polsce tag-bmw-ix3-world-premiere tag-elektryk-bmw-ix3 tag-nowosc-bmw-ix3\">\n\t<div class=\"wd-post-inner article-inner\">\n\t\t\t\t\t<div class=\"wd-post-thumb entry-header\">\n\t\t\t\t\t\t\t\t\t<div class=\"wd-post-img post-img-wrapp\">\n\t\t\t\t\t\t<img width=\"1015\" height=\"624\" src=\"https:\/\/bmwblog.pl\/wp-content\/uploads\/2020\/07\/F7758D92-E848-4FF4-8BD0-E6B5D4D56BD6.jpeg\" class=\"attachment- size-\" alt=\"BMW iX3 2021: Pierwszy elektryczny SUV BMW jest coraz bli\u017cej. Premiera ju\u017c we wtorek!\" decoding=\"async\" srcset=\"https:\/\/bmwblog.pl\/wp-content\/uploads\/2020\/07\/F7758D92-E848-4FF4-8BD0-E6B5D4D56BD6.jpeg 1015w, https:\/\/bmwblog.pl\/wp-content\/uploads\/2020\/07\/F7758D92-E848-4FF4-8BD0-E6B5D4D56BD6-430x264.jpeg 430w, https:\/\/bmwblog.pl\/wp-content\/uploads\/2020\/07\/F7758D92-E848-4FF4-8BD0-E6B5D4D56BD6-150x92.jpeg 150w, https:\/\/bmwblog.pl\/wp-content\/uploads\/2020\/07\/F7758D92-E848-4FF4-8BD0-E6B5D4D56BD6-700x430.jpeg 700w, https:\/\/bmwblog.pl\/wp-content\/uploads\/2020\/07\/F7758D92-E848-4FF4-8BD0-E6B5D4D56BD6-600x369.jpg 600w, https:\/\/bmwblog.pl\/wp-content\/uploads\/2020\/07\/F7758D92-E848-4FF4-8BD0-E6B5D4D56BD6-768x472.jpeg 768w, https:\/\/bmwblog.pl\/wp-content\/uploads\/2020\/07\/F7758D92-E848-4FF4-8BD0-E6B5D4D56BD6-500x307.jpeg 500w, https:\/\/bmwblog.pl\/wp-content\/uploads\/2020\/07\/F7758D92-E848-4FF4-8BD0-E6B5D4D56BD6-medium.jpg 300w\" sizes=\"(max-width: 1015px) 100vw, 1015px\" \/>\t\t\t\t\t<\/div>\n\t\t\t\t\t\t\t\t\t\t<a class=\"wd-fill\" tabindex=\"-1\" href=\"https:\/\/bmwblog.pl\/bmw-ix3-pierwszy-elektryczny-suv-bmw-jest-coraz-blizej-premiera-juz-we-wtorek\/\" aria-label=\"Link on post BMW iX3 2021: Pierwszy elektryczny SUV BMW jest coraz bli\u017cej. Premiera ju\u017c we wtorek!\"><\/a>\n\t\t\t\t\n\t\t\t\t\t\t\t\t\t\t\t\t<div class=\"wd-post-date wd-style-with-bg\">\n\t\t\t\t<span class=\"post-date-day\">\n\t\t\t\t\t09\t\t\t\t<\/span>\n\t\t\t\t<span class=\"post-date-month\">\n\t\t\t\t\tlip\t\t\t\t<\/span>\n\t\t\t<\/div>\n\t\t\t\t\t\t\t\t\t<\/div>\n\t\t\n\t\t<div class=\"wd-post-content article-body-container\">\n\t\t\t\t\t\t\t<div class=\"wd-post-cat wd-style-with-bg meta-post-categories\">\n\t\t\t\t\t<a href=\"https:\/\/bmwblog.pl\/category\/news\/\" rel=\"category tag\">NEWS<\/a>\t\t\t\t<\/div>\n\t\t\t\n\t\t\t\t\t\t\t<h3 class=\"wd-post-title wd-entities-title title post-title\">\n\t\t\t\t\t<a href=\"https:\/\/bmwblog.pl\/bmw-ix3-pierwszy-elektryczny-suv-bmw-jest-coraz-blizej-premiera-juz-we-wtorek\/\" rel=\"bookmark\">BMW iX3 2021: Pierwszy elektryczny SUV BMW jest coraz bli\u017cej. Premiera ju\u017c we wtorek!<\/a>\n\t\t\t\t<\/h3>\n\t\t\t\n\t\t\t\t\t\t\t<div class=\"wd-post-meta\">\n\t\t\t\t\t\t\t\t\t\t\t\t\t\t\t<div class=\"wd-post-author\">\n\t\t\t\t\t\t\t\t\t\t\t<span>Posted by<\/span>\n\t\t\n\t\t\t\t\t\t\t\n\t\t\t\t\t<a href=\"https:\/\/bmwblog.pl\/author\/bmwblog-pl\/\" class=\"author\" rel=\"author\">Krystian Wilkosz<\/a>\n\t\t\t\t\t\t\t\t\t<\/div>\n\t\t\t\t\t<div class=\"wd-modified-date\">\n\t\t\t\t\t\t\t\t<time class=\"updated\" datetime=\"2025-02-07T21:25:17+01:00\">\n\t\t\t2025-02-07\t\t<\/time>\n\t\t\t\t\t\t\t<\/div>\n\n\t\t\t\t\t\n\t\t\t\t\t\t\t\t\t\t\t\t\t\t\t\t\t<div class=\"wd-post-reply wd-style-1\">\n\t\t\t\t\t\t\t<a href=\"https:\/\/bmwblog.pl\/bmw-ix3-pierwszy-elektryczny-suv-bmw-jest-coraz-blizej-premiera-juz-we-wtorek\/#respond\"><span class=\"wd-replies-count\">0<\/span><\/a>\t\t\t\t\t\t<\/div>\n\t\t\t\t\t\t\t\t\t<\/div>\n\t\t\t\n\t\t\t\t\t\t\t\t\t\t\t\t<div class=\"wd-post-excerpt entry-content\">\n\t\t\t\t\t\tPremiera online BMW iX3 przez Live Stream ju\u017c we wtorek tj. 14.07. o godz. 10:00. \n\n\n\nCzekamy!\t\t\t\t\t<\/div>\n\t\t\t\t\n\t\t\t\t\t\t\t\t\t\t\t\t\t\t<div class=\"wd-post-read-more wd-style-link read-more-section\">\n\t\t\t\t\t\t<a class=\"\" href=\"https:\/\/bmwblog.pl\/bmw-ix3-pierwszy-elektryczny-suv-bmw-jest-coraz-blizej-premiera-juz-we-wtorek\/\">Czytaj dalej...<\/a>\t\t\t\t\t<\/div>\n\t\t\t\t\t\t\t\t\t\t\t\t\t<\/div>\n\t<\/div>\n<\/article>\n\n\t\t\t\t\t\t\t\t\t\t\t\n<article id=\"post-15713\" class=\"wd-post blog-design-masonry blog-post-loop blog-style-bg wd-add-shadow wd-col post-15713 post type-post status-publish format-standard has-post-thumbnail hentry category-news tag-bmw-4-2021 tag-bmw-4-gran-coupe tag-bmw-4-gran-coupe-g23 tag-bmw-4-gran-coupe-m-performance tag-bmw-4-render tag-bmw-4gc\">\n\t<div class=\"wd-post-inner article-inner\">\n\t\t\t\t\t<div class=\"wd-post-thumb entry-header\">\n\t\t\t\t\t\t\t\t\t<div class=\"wd-post-img post-img-wrapp\">\n\t\t\t\t\t\t<img width=\"1063\" height=\"908\" src=\"https:\/\/bmwblog.pl\/wp-content\/uploads\/2020\/07\/8BBB4437-D02D-46E1-A433-DDF2A40E68A4.jpeg\" class=\"attachment- size-\" alt=\"Cyfrowa wizualizacja: BMW 4 Gran Coup\u00e9 z akcesoriami M Performance\" decoding=\"async\" srcset=\"https:\/\/bmwblog.pl\/wp-content\/uploads\/2020\/07\/8BBB4437-D02D-46E1-A433-DDF2A40E68A4.jpeg 1063w, https:\/\/bmwblog.pl\/wp-content\/uploads\/2020\/07\/8BBB4437-D02D-46E1-A433-DDF2A40E68A4-430x367.jpeg 430w, https:\/\/bmwblog.pl\/wp-content\/uploads\/2020\/07\/8BBB4437-D02D-46E1-A433-DDF2A40E68A4-150x128.jpeg 150w, https:\/\/bmwblog.pl\/wp-content\/uploads\/2020\/07\/8BBB4437-D02D-46E1-A433-DDF2A40E68A4-700x598.jpeg 700w, https:\/\/bmwblog.pl\/wp-content\/uploads\/2020\/07\/8BBB4437-D02D-46E1-A433-DDF2A40E68A4-600x513.jpg 600w, https:\/\/bmwblog.pl\/wp-content\/uploads\/2020\/07\/8BBB4437-D02D-46E1-A433-DDF2A40E68A4-large.jpeg 1024w, https:\/\/bmwblog.pl\/wp-content\/uploads\/2020\/07\/8BBB4437-D02D-46E1-A433-DDF2A40E68A4-768x656.jpeg 768w, https:\/\/bmwblog.pl\/wp-content\/uploads\/2020\/07\/8BBB4437-D02D-46E1-A433-DDF2A40E68A4-500x427.jpeg 500w, https:\/\/bmwblog.pl\/wp-content\/uploads\/2020\/07\/8BBB4437-D02D-46E1-A433-DDF2A40E68A4-medium.jpg 300w\" sizes=\"(max-width: 1063px) 100vw, 1063px\" \/>\t\t\t\t\t<\/div>\n\t\t\t\t\t\t\t\t\t\t<a class=\"wd-fill\" tabindex=\"-1\" href=\"https:\/\/bmwblog.pl\/cyfrowa-wizualizacja-bmw-4-gran-coupe-z-akcesoriami-m-performance\/\" aria-label=\"Link on post Cyfrowa wizualizacja: BMW 4 Gran Coup\u00e9 z akcesoriami M Performance\"><\/a>\n\t\t\t\t\n\t\t\t\t\t\t\t\t\t\t\t\t<div class=\"wd-post-date wd-style-with-bg\">\n\t\t\t\t<span class=\"post-date-day\">\n\t\t\t\t\t09\t\t\t\t<\/span>\n\t\t\t\t<span class=\"post-date-month\">\n\t\t\t\t\tlip\t\t\t\t<\/span>\n\t\t\t<\/div>\n\t\t\t\t\t\t\t\t\t<\/div>\n\t\t\n\t\t<div class=\"wd-post-content article-body-container\">\n\t\t\t\t\t\t\t<div class=\"wd-post-cat wd-style-with-bg meta-post-categories\">\n\t\t\t\t\t<a href=\"https:\/\/bmwblog.pl\/category\/news\/\" rel=\"category tag\">NEWS<\/a>\t\t\t\t<\/div>\n\t\t\t\n\t\t\t\t\t\t\t<h3 class=\"wd-post-title wd-entities-title title post-title\">\n\t\t\t\t\t<a href=\"https:\/\/bmwblog.pl\/cyfrowa-wizualizacja-bmw-4-gran-coupe-z-akcesoriami-m-performance\/\" rel=\"bookmark\">Cyfrowa wizualizacja: BMW 4 Gran Coup\u00e9 z akcesoriami M Performance<\/a>\n\t\t\t\t<\/h3>\n\t\t\t\n\t\t\t\t\t\t\t<div class=\"wd-post-meta\">\n\t\t\t\t\t\t\t\t\t\t\t\t\t\t\t<div class=\"wd-post-author\">\n\t\t\t\t\t\t\t\t\t\t\t<span>Posted by<\/span>\n\t\t\n\t\t\t\t\t\t\t\n\t\t\t\t\t<a href=\"https:\/\/bmwblog.pl\/author\/bmwblog-pl\/\" class=\"author\" rel=\"author\">Krystian Wilkosz<\/a>\n\t\t\t\t\t\t\t\t\t<\/div>\n\t\t\t\t\t<div class=\"wd-modified-date\">\n\t\t\t\t\t\t\t\t<time class=\"updated\" datetime=\"2025-02-07T21:25:13+01:00\">\n\t\t\t2025-02-07\t\t<\/time>\n\t\t\t\t\t\t\t<\/div>\n\n\t\t\t\t\t\n\t\t\t\t\t\t\t\t\t\t\t\t\t\t\t\t\t<div class=\"wd-post-reply wd-style-1\">\n\t\t\t\t\t\t\t<a href=\"https:\/\/bmwblog.pl\/cyfrowa-wizualizacja-bmw-4-gran-coupe-z-akcesoriami-m-performance\/#respond\"><span class=\"wd-replies-count\">0<\/span><\/a>\t\t\t\t\t\t<\/div>\n\t\t\t\t\t\t\t\t\t<\/div>\n\t\t\t\n\t\t\t\t\t\t\t\t\t\t\t\t<div class=\"wd-post-excerpt entry-content\">\n\t\t\t\t\t\tI jak? \n\n\n\n\n\n\u0179r\u00f3d\u0142o: Andrei Avarvarii\t\t\t\t\t<\/div>\n\t\t\t\t\n\t\t\t\t\t\t\t\t\t\t\t\t\t\t<div class=\"wd-post-read-more wd-style-link read-more-section\">\n\t\t\t\t\t\t<a class=\"\" href=\"https:\/\/bmwblog.pl\/cyfrowa-wizualizacja-bmw-4-gran-coupe-z-akcesoriami-m-performance\/\">Czytaj dalej...<\/a>\t\t\t\t\t<\/div>\n\t\t\t\t\t\t\t\t\t\t\t\t\t<\/div>\n\t<\/div>\n<\/article>\n\n\t\t\t\t\t\n\t\t\t\t\t","status":"have-posts","nextPage":"https:\/\/bmwblog.pl\/category\/news\/page\/48\/?woo_ajax=1","currentPage":"https:\/\/bmwblog.pl\/category\/news\/page\/47"}